{"id":272616,"date":"2026-08-30T00:26:22","date_gmt":"2026-08-30T00:26:22","guid":{"rendered":"https:\/\/www.europesays.com\/ch-de\/272616\/"},"modified":"2026-08-30T00:26:22","modified_gmt":"2026-08-30T00:26:22","slug":"es-war-tatsaechlich-ein-spitzenspiel-yb-und-basel-trennen-sich-33-2","status":"publish","type":"post","link":"https:\/\/www.europesays.com\/ch-de\/272616\/","title":{"rendered":"Es war tats\u00e4chlich ein Spitzenspiel: YB und Basel trennen sich 3:3"},"content":{"rendered":"<p><img decoding=\"async\" src=\"https:\/\/www.europesays.com\/ch-de\/wp-content\/uploads\/2026\/08\/1788049582_241_1207699858147971.webp\" fetchpriority=\"high\" width=\"3179\" height=\"2002\" alt=\"Victory Akpe (FCB), rechts, und Flavius Daniliuc (FCB) feiern den Treffer zum 3-3 im Fussball Meisterschaftsspiel der Swiss Super League zwischen BSC Young Boys, YB, und FC Basel 1893, FCB, vom Samsta ...\" data-image-id=\"1207699858147971\" class=\"watson-snippet__image block h-auto w-full bg-grey-10 \"\/><\/p>\n<p>Kann es kaum glauben: Akpe Victory gelingt das 3:3 f\u00fcr Basel.Bild: keystone<\/p>\n<p>Die Young Boys und der FC Basel neutralisieren sich im Wankdorf. Beim spektakul\u00e4ren 3:3 verpassten die Berner eine m\u00f6gliche fr\u00fche Entscheidungen.<\/p>\n<p>29.08.2026, 19:2229.08.2026, 22:56<\/p>\n<p class=\"watson-snippet__text my-6 text-[16px] leading-normal md:w-3\/5 lg:text-[18px]\">Eine halbe Stunde lang spielte YB den Gast an die Wand. Ein Angriff nach dem anderen rollte Richtung Tor von FCB-Goalie Mirko Salvi. F\u00fcr den FCB h\u00e4tte die Rechnung bald mal deutlich h\u00f6her ausfallen k\u00f6nnen als 0:2. Nach den Toren von Jo\u00ebl Monteiro (7.) und Samuel Essende (14.) verpasste YB mehrmals den dritten Treffer. YB-Trainer Gerardo Seoane sprach nach dem Spiel Klartext: \u00abIch bin entt\u00e4uscht und ver\u00e4rgert.\u00bb<\/p>\n<p>Die fr\u00fche YB-F\u00fchrung durch Monteiro.Video: SRF<\/p>\n<p class=\"watson-snippet__text my-6 text-[16px] leading-normal md:w-3\/5 lg:text-[18px]\">Der FC Basel kam wie aus dem Nichts zur\u00fcck ins Spiel. Nach einem Eckball agierten die so locker aufspielenden Gastgeber zum ersten Mal fahrl\u00e4ssig, und Kazeem Olaigbe fand viel Raum vor, um sein Tempo auszuspielen und Richtung Berner Tor zu sprinten. Das 1:2 erzielte der Belgier trotz langem Sprint und einem kleinen Schubser in den R\u00fccken souver\u00e4n.<\/p>\n<p>Shaqiris Einfluss als Joker<\/p>\n<p class=\"watson-snippet__text my-6 text-[16px] leading-normal md:w-3\/5 lg:text-[18px]\">Der Anschlusstreffer fiel unmittelbar, bevor Xherdan Shaqiri fr\u00fch als ordnende Hand im Basler Spiel eingewechselt wurde. Der Captain initiierte f\u00fcnf Minuten nach dem 1:2 den n\u00e4chsten Basler Angriff, der \u00fcber Metinho zum Ausgleich von Asane Sow f\u00fchrte. Innerhalb von f\u00fcnf Minuten hatte Basel die Young Boys gleich zweimal \u00fcberrascht und den Spielverlauf auf den Kopf gestellt.<\/p>\n<p>Der Basler Doppelschlag zum 2:2.Video: SRF<\/p>\n<p class=\"watson-snippet__text my-6 text-[16px] leading-normal md:w-3\/5 lg:text-[18px]\">Die Berner brachen danach nicht ein, sie erzielten durch den agilen, trickreichen und immer gef\u00e4hrlichen Alvyn Sanches kurz vor der Pause das 3:2. Aber ihre defensiven Schw\u00e4chen waren \u00f6fters zu sehen, als Trainer Gerardo Seoane recht sein konnte. Nach der Pause hatte der im Berner Strafraum vergessen gegangene Sow eine grosse Chance, noch bevor Akpe Victory mit seinem Weitschuss den dritten Basler Treffer erzielte.<\/p>\n<p>Akpe Victory mit dem erneuten Basler Ausgleich.Video: SRF<\/p>\n<p class=\"watson-snippet__text my-6 text-[16px] leading-normal md:w-3\/5 lg:text-[18px]\">Akpe Victory steht stellvertretend f\u00fcr den grossen Einsatz und die Moral des FCB. Der junge nigerianische Verteidiger traf mit seinem Flachschuss nicht nur zum 3:3, sondern er hielt den Punkt sp\u00e4ter mit einer starken Rettungsaktion auch fest. Akrobatisch verhinderte er eine Viertelstunde vor dem Schlusspfiff ein traumhaftes Tor von Alvyn Sanches. Dieser hatte sich durch den Basler Strafraum gedribbelt und mit einem Lob Salvi \u00fcberlistet \u2013 aber nicht Akpe Victory.<\/p>\n<p class=\"watson-snippet__text my-6 text-[16px] leading-normal md:w-3\/5 lg:text-[18px]\">\u00abSchade, haben wir nicht gewonnen\u00bb, meinte FCB-Star Shaqiri im SRF. \u00abAber wenn man gegen YB 0:2 hinten liegt und so zur\u00fcck kommt wie wir, kann man zufrieden sein. Wir haben Mentalit\u00e4t gezeigt.\u00bb<\/p>\n<p class=\"watson-snippet__text my-6 text-[16px] leading-normal md:w-3\/5 lg:text-[18px]\">Young Boys \u2013 Basel 3:3 (3:2)<br \/>29&#8217;220 Zuschauer. &#8211; SR Sch\u00e4rer.<br \/>Tore: 7. Monteiro 1:0. 14. Essende (Blum) 2:0. 32. Olaigbe (Akpe) 2:1. 37. Asane Sow (Metinho) 2:2. 45. Sanches (Monteiro) 3:2. 71. Akpe (Daniliuc) 3:3.<br \/>Young Boys: Keller; Blum, Lauper, Benito, Bukinac (67. Schmidt); Fassnacht (68. Virginius), Gigovic, Fernandes (79. Pech), Monteiro (79. Etoski); Sanches; Essende (79. S\u00e8ne).<br \/>Basel: Salvi; Tsunemoto, Daniliuc, Akpe, Ciss\u00e9; Metinho (75. Harder), Omeragic, Malachowski (33. Shaqiri); Asane Sow, Celar (87. Koloto), Olaigbe (75. Otele).<br \/>Bemerkungen: Verwarnungen: 39. Akpe, 44. Metinho, 45. Fassnacht, 76. Monteiro, 89. Blum.<\/p>\n<p>Die Spiele am fr\u00fchen Abend:<\/p>\n<p class=\"watson-snippet__text my-6 text-[16px] leading-normal md:w-3\/5 lg:text-[18px]\">(ram\/sda)<\/p>\n","protected":false},"excerpt":{"rendered":"Kann es kaum glauben: Akpe Victory gelingt das 3:3 f\u00fcr Basel.Bild: keystone Die Young Boys und der FC&hellip;\n","protected":false},"author":2,"featured_media":272617,"comment_status":"","ping_status":"","sticky":false,"template":"","format":"standard","meta":{"footnotes":"","_share_on_mastodon":"0"},"categories":[28],"tags":[116,45],"class_list":["post-272616","post","type-post","status-publish","format-standard","has-post-thumbnail","category-basel","tag-basel","tag-schweiz"],"share_on_mastodon":{"url":"https:\/\/pubeurope.com\/@ch_de\/117181617496919747","error":""},"_links":{"self":[{"href":"https:\/\/www.europesays.com\/ch-de\/wp-json\/wp\/v2\/posts\/272616","targetHints":{"allow":["GET"]}}],"collection":[{"href":"https:\/\/www.europesays.com\/ch-de\/wp-json\/wp\/v2\/posts"}],"about":[{"href":"https:\/\/www.europesays.com\/ch-de\/wp-json\/wp\/v2\/types\/post"}],"author":[{"embeddable":true,"href":"https:\/\/www.europesays.com\/ch-de\/wp-json\/wp\/v2\/users\/2"}],"replies":[{"embeddable":true,"href":"https:\/\/www.europesays.com\/ch-de\/wp-json\/wp\/v2\/comments?post=272616"}],"version-history":[{"count":0,"href":"https:\/\/www.europesays.com\/ch-de\/wp-json\/wp\/v2\/posts\/272616\/revisions"}],"wp:featuredmedia":[{"embeddable":true,"href":"https:\/\/www.europesays.com\/ch-de\/wp-json\/wp\/v2\/media\/272617"}],"wp:attachment":[{"href":"https:\/\/www.europesays.com\/ch-de\/wp-json\/wp\/v2\/media?parent=272616"}],"wp:term":[{"taxonomy":"category","embeddable":true,"href":"https:\/\/www.europesays.com\/ch-de\/wp-json\/wp\/v2\/categories?post=272616"},{"taxonomy":"post_tag","embeddable":true,"href":"https:\/\/www.europesays.com\/ch-de\/wp-json\/wp\/v2\/tags?post=272616"}],"curies":[{"name":"wp","href":"https:\/\/api.w.org\/{rel}","templated":true}]}}