{"id":273088,"date":"2026-08-30T12:11:09","date_gmt":"2026-08-30T12:11:09","guid":{"rendered":"https:\/\/www.europesays.com\/ch-de\/273088\/"},"modified":"2026-08-30T12:11:09","modified_gmt":"2026-08-30T12:11:09","slug":"zuerich-lindenhof-nach-besetzung-wieder-freigegeben","status":"publish","type":"post","link":"https:\/\/www.europesays.com\/ch-de\/273088\/","title":{"rendered":"Z\u00fcrich \u2013 Lindenhof nach Besetzung wieder freigegeben"},"content":{"rendered":"<p>Die Besetzung des Z\u00fcrcher Lindenhofs ist am Sonntagmorgen, 30. August 2026, weitgehend beendet worden. Die Polizei entfernte die Barrikaden und gab den Platz wieder frei. Zuvor war ein 35-j\u00e4hriger Mann beim Lindenhof mehrere Meter in die Tiefe gest\u00fcrzt.<\/p>\n<p>Nachdem am Freitagabend, 28. August 2026, rund 100 vermummte Personen den Lindenhof besetzt hatten, wurde am Samstagvormittag nach einer polizeilichen Lagebeurteilung und nach R\u00fccksprache mit der Sicherheitsvorsteherin entschieden, die Aktion auch aus Gr\u00fcnden der Verh\u00e4ltnism\u00e4ssigkeit bis am Sonntag, 30. August, zu tolerieren.<\/p>\n<p>Die polizeilichen Beobachtungen zeigten, dass der Lindenhof am fr\u00fchen Sonntagmorgen praktisch leer war. Daraufhin begann die Stadtpolizei Z\u00fcrich die Barrikaden zu entfernen und den Platz wieder f\u00fcr die \u00d6ffentlichkeit zug\u00e4nglich zu machen.<\/p>\n<p>Kurz vor 5 Uhr erhielten Stadtpolizei und Schutz &amp; Rettung <a href=\"https:\/\/polizeiticker.ch\/thema\/zurich\" rel=\"nofollow noopener\" target=\"_blank\">Z\u00fcrich<\/a> die Meldung, dass eine Person beim Lindenhof mehrere Meter in die Tiefe gest\u00fcrzt sei. Der 35-J\u00e4hrige wurde f\u00fcr Abkl\u00e4rungen von der Sanit\u00e4t ins Spital \u00fcberf\u00fchrt.<\/p>\n<p>Dieses verliess er offenbar kurze Zeit sp\u00e4ter auf eigenen Wunsch wieder. Gem\u00e4ss jetzigen Erkenntnissen erfolgte der Zwischenfall ohne Dritteinwirkung.<\/p>\n<p>In beiden N\u00e4chten wurden der Einsatzzentrale der Stadtpolizei Z\u00fcrich mehrere L\u00e4rmklagen gemeldet. Ein erster Augenschein zeigte, dass die Besetzenden mehrere Sprayereien hinterlassen haben. Ansonsten sind keine weiteren Zwischenf\u00e4lle bekannt.<\/p>\n<p>Quelle der Polizeinachricht: <a href=\"https:\/\/polizeiticker.ch\/thema\/stadtpolizei-zurich\" rel=\"nofollow noopener\" target=\"_blank\">Stapo ZH<\/a><\/p>\n","protected":false},"excerpt":{"rendered":"Die Besetzung des Z\u00fcrcher Lindenhofs ist am Sonntagmorgen, 30. August 2026, weitgehend beendet worden. Die Polizei entfernte die&hellip;\n","protected":false},"author":2,"featured_media":273089,"comment_status":"","ping_status":"","sticky":false,"template":"","format":"standard","meta":{"footnotes":"","_share_on_mastodon":"0"},"categories":[25],"tags":[56826,45,39846,2603,104],"class_list":["post-273088","post","type-post","status-publish","format-standard","has-post-thumbnail","category-zuerich","tag-lindenhof","tag-schweiz","tag-sprayerei","tag-stadtpolizei-zuerich","tag-zuerich"],"share_on_mastodon":{"url":"https:\/\/pubeurope.com\/@ch_de\/117184388824234617","error":""},"_links":{"self":[{"href":"https:\/\/www.europesays.com\/ch-de\/wp-json\/wp\/v2\/posts\/273088","targetHints":{"allow":["GET"]}}],"collection":[{"href":"https:\/\/www.europesays.com\/ch-de\/wp-json\/wp\/v2\/posts"}],"about":[{"href":"https:\/\/www.europesays.com\/ch-de\/wp-json\/wp\/v2\/types\/post"}],"author":[{"embeddable":true,"href":"https:\/\/www.europesays.com\/ch-de\/wp-json\/wp\/v2\/users\/2"}],"replies":[{"embeddable":true,"href":"https:\/\/www.europesays.com\/ch-de\/wp-json\/wp\/v2\/comments?post=273088"}],"version-history":[{"count":0,"href":"https:\/\/www.europesays.com\/ch-de\/wp-json\/wp\/v2\/posts\/273088\/revisions"}],"wp:featuredmedia":[{"embeddable":true,"href":"https:\/\/www.europesays.com\/ch-de\/wp-json\/wp\/v2\/media\/273089"}],"wp:attachment":[{"href":"https:\/\/www.europesays.com\/ch-de\/wp-json\/wp\/v2\/media?parent=273088"}],"wp:term":[{"taxonomy":"category","embeddable":true,"href":"https:\/\/www.europesays.com\/ch-de\/wp-json\/wp\/v2\/categories?post=273088"},{"taxonomy":"post_tag","embeddable":true,"href":"https:\/\/www.europesays.com\/ch-de\/wp-json\/wp\/v2\/tags?post=273088"}],"curies":[{"name":"wp","href":"https:\/\/api.w.org\/{rel}","templated":true}]}}