{"id":102887,"date":"2026-04-24T15:03:10","date_gmt":"2026-04-24T15:03:10","guid":{"rendered":"https:\/\/www.europesays.com\/ch-fr\/102887\/"},"modified":"2026-04-24T15:03:10","modified_gmt":"2026-04-24T15:03:10","slug":"que-faire-ce-week-end-notre-selection-de-sorties-culturelles-du-24-au-26-avril","status":"publish","type":"post","link":"https:\/\/www.europesays.com\/ch-fr\/102887\/","title":{"rendered":"Que faire ce week-end? Notre s\u00e9lection de sorties culturelles du 24 au 26 avril"},"content":{"rendered":"<p>RTS Culture vous propose chaque semaine avec Vertigo quelques bons plans de sorties culturelles. Ce week-end, les 25 ans de l&rsquo;Epicentre \u00e0 Gen\u00e8ve, un voyage musical de Piazzolla \u00e0 Brel \u00e0 Gland (VD), un concert de Lunik \u00e0 Estavayer-le-Lac (FR) et un autre de Sarclo \u00e0 la Spirale de Fribourg.<\/p>\n<p>Les 25 ans de l&rsquo;Epicentre \u00e0 Collonge-Bellerive (GE)<\/p>\n<p>Six femmes, autant de voix, r\u00e9unies le temps d\u2019une soir\u00e9e in\u00e9dite. Tess Giordano, Roxane et le quatuor Elvett f\u00eatent les 25 ans de l&rsquo;Epicentre \u00e0 Collonge-Bellerive (GE). Trois univers qui conjuguent la musique au f\u00e9minin pluriel, accompagn\u00e9s par un quatuor \u00e0 cordes dirig\u00e9 par Marion Devaud. Samedi, \u00e0 20h.<\/p>\n<p>Contenu externe<\/p>\n<p> Ce contenu externe ne peut pas \u00eatre affich\u00e9 car il est susceptible de collecter des donn\u00e9es personnelles. Pour voir ce contenu vous devez autoriser la cat\u00e9gorie R\u00e9seaux sociaux. <\/p>\n<p> Accepter Plus d&rsquo;info <\/p>\n<p>&gt;&gt; A lire aussi\u00a0: <a href=\"https:\/\/www.rts.ch\/info\/culture\/musiques\/2026\/article\/l-epicentre-fete-25-ans-avec-notamment-roxane-et-david-walters-29173616.html\" data-item-id=\"richtext_link\" rel=\"nofollow noopener\" target=\"_blank\">L&rsquo;Epicentre c\u00e9l\u00e8bre ses 25 ans avec des voix f\u00e9minines suisses et des globe-trotteurs<\/a><\/p>\n<p>Maria de la Paz se produit \u00e0 Gland (VD)<\/p>\n<p>Un voyage allant de Piazzolla \u00e0 Brel. Il fallait bien toute l\u2019intensit\u00e9 de Maria de la Paz pour en tracer le chemin. La chanteuse donne de la voix avec l&rsquo;ensemble de cuivres et percussions Ad Libitum. Un pont entre deux mondes, Bruxelles \u2013 Buenos Aires, valse et tango,\u00a0samedi \u00e0 19h et dimanche \u00e0 17h au Th\u00e9\u00e2tre de Grand-Champ, \u00e0 Gland.<\/p>\n<p>Le retour de Lunik \u00e0 Estavayer-le-Lac (FR)<\/p>\n<p>Apr\u00e8s plus d&rsquo;une d\u00e9cennie de silence, Lunik fait son retour sur sc\u00e8ne avec une unique date en Suisse romande \u00e0 L&rsquo;azimut d&rsquo;Estavayer-le-Lac. Lunik, men\u00e9 par la chanteuse Ja\u00ebl, est de retour: des retrouvailles avec la formation originale et un nouvel album! M\u00e9lange unique de pop, d&rsquo;\u00e9lectronique, les Bernois de Lunik ont marqu\u00e9 le paysage musical suisse des ann\u00e9es 2000. Leurs albums ont \u00e9t\u00e9 disques d&rsquo;or et de platine. A retrouver dimanche \u00e0 20h.<\/p>\n<p> <img decoding=\"async\" src=\"https:\/\/www.europesays.com\/ch-fr\/wp-content\/uploads\/2026\/04\/2sei9n-29221702.image.jpeg\" alt=\"Le groupe Lunik (Adrian Amstutz, Luk Zimmermann, Jael Malli , C\u00e9dric Monnier et Mats Marti) le 5 novembre 2025 \u00e0 Stettlen. [Keystone - Christian Beutler]\" title=\"Le groupe Lunik (Adrian Amstutz, Luk Zimmermann, Jael Malli , C\u00e9dric Monnier et Mats Marti) le 5 novembre 2025 \u00e0 Stettlen. [Keystone - Christian Beutler]\" loading=\"lazy\"\/>  Le groupe Lunik (Adrian Amstutz, Luk Zimmermann, Jael Malli , C\u00e9dric Monnier et Mats Marti) le 5 novembre 2025 \u00e0 Stettlen. [Keystone &#8211; Christian Beutler] Concert de Sarclo \u00e0 la Spirale de Fribourg<\/p>\n<p>Sarclo, lui, n&rsquo;a jamais quitt\u00e9 la sc\u00e8ne. Il est de passage \u00e0 la Spirale de Fribourg dans une proposition in\u00e9dite. Accompagn\u00e9 du guitariste John Meldrum, il propose son r\u00e9pertoire de chantiste et quelques chansons de Bob Dylan, traduites par ses soins. Son premier concert \u00e0 La Spirale remonte \u00e0 1987, le lieu est donc d\u00e9j\u00e0 bien impr\u00e9gn\u00e9 de ses saillies. A d\u00e9couvrir samedi \u00e0 20h30.<\/p>\n<p>Contenu externe<\/p>\n<p> Ce contenu externe ne peut pas \u00eatre affich\u00e9 car il est susceptible de collecter des donn\u00e9es personnelles. Pour voir ce contenu vous devez autoriser la cat\u00e9gorie R\u00e9seaux sociaux. <\/p>\n<p> Accepter Plus d&rsquo;info <\/p>\n<p>Une information trait\u00e9e dans l&rsquo;\u00e9mission Vertigo sur RTS Premi\u00e8re ce vendredi 24 avril 2026 \u00e0 17h.<\/p>\n<p class=\"sources\">RTS Culture<\/p>\n","protected":false},"excerpt":{"rendered":"RTS Culture vous propose chaque semaine avec Vertigo quelques bons plans de sorties culturelles. Ce week-end, les 25&hellip;\n","protected":false},"author":2,"featured_media":102888,"comment_status":"","ping_status":"","sticky":false,"template":"","format":"standard","meta":{"footnotes":"","_share_on_mastodon":"0"},"categories":[10],"tags":[380,1511,648,172,113,112,16047,169,22877,28281,28282,141,23,1704],"class_list":["post-102887","post","type-post","status-publish","format-standard","has-post-thumbnail","category-divertissement","tag-arts-et-divertissement","tag-chanteur","tag-concert","tag-culture","tag-divertissement","tag-entertainment","tag-epicentre","tag-geneve","tag-gland","tag-jael-malli","tag-lunik","tag-musique","tag-suisse","tag-voyage"],"share_on_mastodon":{"url":"https:\/\/pubeurope.com\/@ch_fr\/116460296897611592","error":""},"_links":{"self":[{"href":"https:\/\/www.europesays.com\/ch-fr\/wp-json\/wp\/v2\/posts\/102887","targetHints":{"allow":["GET"]}}],"collection":[{"href":"https:\/\/www.europesays.com\/ch-fr\/wp-json\/wp\/v2\/posts"}],"about":[{"href":"https:\/\/www.europesays.com\/ch-fr\/wp-json\/wp\/v2\/types\/post"}],"author":[{"embeddable":true,"href":"https:\/\/www.europesays.com\/ch-fr\/wp-json\/wp\/v2\/users\/2"}],"replies":[{"embeddable":true,"href":"https:\/\/www.europesays.com\/ch-fr\/wp-json\/wp\/v2\/comments?post=102887"}],"version-history":[{"count":0,"href":"https:\/\/www.europesays.com\/ch-fr\/wp-json\/wp\/v2\/posts\/102887\/revisions"}],"wp:featuredmedia":[{"embeddable":true,"href":"https:\/\/www.europesays.com\/ch-fr\/wp-json\/wp\/v2\/media\/102888"}],"wp:attachment":[{"href":"https:\/\/www.europesays.com\/ch-fr\/wp-json\/wp\/v2\/media?parent=102887"}],"wp:term":[{"taxonomy":"category","embeddable":true,"href":"https:\/\/www.europesays.com\/ch-fr\/wp-json\/wp\/v2\/categories?post=102887"},{"taxonomy":"post_tag","embeddable":true,"href":"https:\/\/www.europesays.com\/ch-fr\/wp-json\/wp\/v2\/tags?post=102887"}],"curies":[{"name":"wp","href":"https:\/\/api.w.org\/{rel}","templated":true}]}}