{"id":104580,"date":"2026-04-26T01:06:26","date_gmt":"2026-04-26T01:06:26","guid":{"rendered":"https:\/\/www.europesays.com\/ch-fr\/104580\/"},"modified":"2026-04-26T01:06:26","modified_gmt":"2026-04-26T01:06:26","slug":"louloukitchen-whoogys-francois-regis-gaudry-sur-instagram-les-stars-de-la-food-bousculent-nos-habitudes-en-cuisine","status":"publish","type":"post","link":"https:\/\/www.europesays.com\/ch-fr\/104580\/","title":{"rendered":"LoulouKitchen, Whoogy\u2019s, Fran\u00e7ois-R\u00e9gis Gaudry\u2026 Sur Instagram, les stars de la food bousculent nos habitudes en cuisine"},"content":{"rendered":"<p class=\"paragraph text_align_left lp-f-body-02\">\u00ab Une fois qu\u2019on a raccroch\u00e9, je file au magasin bio pour choisir les meilleurs ingr\u00e9dients. Fruits non trait\u00e9s, vraie poudre d\u2019amande, chapelure artisanale\u2026 On veut une recette premium pour notre troisi\u00e8me moelleux aux agrumes de Fran\u00e7ois-R\u00e9gis, une folie absolue ! \u00bb Ce soir, Juliette f\u00eate les 90 ans de sa grand-m\u00e8re et comme souvent pour marquer le coup, cette Varoise de 28 ans se tourne vers le compte Instagram de <a href=\"https:\/\/www.leparisien.fr\/bien-manger\/francois-regis-gaudry-jaime-les-saveurs-et-les-savoirs-18-01-2025-C6W6M5KVVJCXJANTQC7WRRI46M.php\" target=\"_blank\" rel=\"noreferrer nofollow noopener\">Fran\u00e7ois-R\u00e9gis Gaudry<\/a>, 650 000 abonn\u00e9s.<\/p>\n<p class=\"\">Le journaliste culinaire n\u2019a pas attendu les r\u00e9seaux sociaux pour partager <a href=\"https:\/\/www.leparisien.fr\/bien-manger\/\" target=\"_self\" rel=\"nofollow noopener\">son amour de la bonne ch\u00e8re,<\/a> mais il a fid\u00e9lis\u00e9 ici une nouvelle audience. Ses courtes vid\u00e9os de cuisine, comme celles de certains cr\u00e9ateurs de contenu, font un carton. Au point d\u2019influencer la fa\u00e7on de cuisiner des adeptes de la food.<\/p>\n","protected":false},"excerpt":{"rendered":"\u00ab Une fois qu\u2019on a raccroch\u00e9, je file au magasin bio pour choisir les meilleurs ingr\u00e9dients. Fruits non&hellip;\n","protected":false},"author":2,"featured_media":104581,"comment_status":"","ping_status":"","sticky":false,"template":"","format":"standard","meta":{"footnotes":"","_share_on_mastodon":"0"},"categories":[15],"tags":[25035,158,157,113,112,159,238,23],"class_list":["post-104580","post","type-post","status-publish","format-standard","has-post-thumbnail","category-people","tag-bien-manger","tag-celebrities","tag-celebrity","tag-divertissement","tag-entertainment","tag-people","tag-societe","tag-suisse"],"share_on_mastodon":{"url":"https:\/\/pubeurope.com\/@ch_fr\/116468330186763680","error":""},"_links":{"self":[{"href":"https:\/\/www.europesays.com\/ch-fr\/wp-json\/wp\/v2\/posts\/104580","targetHints":{"allow":["GET"]}}],"collection":[{"href":"https:\/\/www.europesays.com\/ch-fr\/wp-json\/wp\/v2\/posts"}],"about":[{"href":"https:\/\/www.europesays.com\/ch-fr\/wp-json\/wp\/v2\/types\/post"}],"author":[{"embeddable":true,"href":"https:\/\/www.europesays.com\/ch-fr\/wp-json\/wp\/v2\/users\/2"}],"replies":[{"embeddable":true,"href":"https:\/\/www.europesays.com\/ch-fr\/wp-json\/wp\/v2\/comments?post=104580"}],"version-history":[{"count":0,"href":"https:\/\/www.europesays.com\/ch-fr\/wp-json\/wp\/v2\/posts\/104580\/revisions"}],"wp:featuredmedia":[{"embeddable":true,"href":"https:\/\/www.europesays.com\/ch-fr\/wp-json\/wp\/v2\/media\/104581"}],"wp:attachment":[{"href":"https:\/\/www.europesays.com\/ch-fr\/wp-json\/wp\/v2\/media?parent=104580"}],"wp:term":[{"taxonomy":"category","embeddable":true,"href":"https:\/\/www.europesays.com\/ch-fr\/wp-json\/wp\/v2\/categories?post=104580"},{"taxonomy":"post_tag","embeddable":true,"href":"https:\/\/www.europesays.com\/ch-fr\/wp-json\/wp\/v2\/tags?post=104580"}],"curies":[{"name":"wp","href":"https:\/\/api.w.org\/{rel}","templated":true}]}}