{"id":106562,"date":"2026-04-27T13:42:11","date_gmt":"2026-04-27T13:42:11","guid":{"rendered":"https:\/\/www.europesays.com\/ch-fr\/106562\/"},"modified":"2026-04-27T13:42:11","modified_gmt":"2026-04-27T13:42:11","slug":"le-nain-de-zemlinsky-a-l%ca%b9opera-de-lausanne","status":"publish","type":"post","link":"https:\/\/www.europesays.com\/ch-fr\/106562\/","title":{"rendered":"\u00ab\u00a0Le Nain\u00a0\u00bb de Zemlinsky \u00e0 l\u02b9Op\u00e9ra de Lausanne"},"content":{"rendered":"<p> Du 26 avril au 3 mai 2026, pour la toute premi\u00e8re fois de son histoire, l\u2019Op\u00e9ra de Lausanne met \u00e0 l\u2019affiche \u00ab\u00a0Le Nain\u00a0\u00bb (\u00ab\u00a0Der Zwerg\u00a0\u00bb) d\u2019Alexander Zemlinsky, compositeur viennois du d\u00e9but du XX\u1d49 si\u00e8cle longtemps rest\u00e9 dans l\u2019ombre de ses contemporains. Inspir\u00e9 de la nouvelle \u00ab\u00a0L\u2019Anniversaire de l\u2019Infante\u00a0\u00bb d\u2019Oscar Wilde, cet op\u00e9ra bouleversant raconte l\u2019histoire d\u2019un \u00eatre difforme, ignorant sa laideur, offert en cadeau \u00e0 une infante d\u2019Espagne et an\u00e9anti par la d\u00e9couverte de son reflet. Dans une version chambriste dirig\u00e9e par Sora Elisabeth Lee et mise en sc\u00e8ne par Jean Liermier, cette production lausannoise met en lumi\u00e8re la th\u00e9\u00e2tralit\u00e9 d\u2019une \u0153uvre \u00e9troitement li\u00e9e \u00e0 la vie intime de Zemlinsky, marqu\u00e9 par son amour malheureux pour son \u00e9l\u00e8ve Alma Schindler. Jean Liermier \u00e9voque, au micro d\u2019Anya Leveill\u00e9, les choix artistiques qui ont guid\u00e9 cette nouvelle production.<\/p>\n<p>https:\/\/www.opera-lausanne.ch\/show\/le-nain\/<\/p>\n","protected":false},"excerpt":{"rendered":"Du 26 avril au 3 mai 2026, pour la toute premi\u00e8re fois de son histoire, l\u2019Op\u00e9ra de Lausanne&hellip;\n","protected":false},"author":2,"featured_media":106563,"comment_status":"","ping_status":"","sticky":false,"template":"","format":"standard","meta":{"footnotes":"","_share_on_mastodon":"0"},"categories":[19],"tags":[13124,13125,177,851,141,23],"class_list":["post-106562","post","type-post","status-publish","format-standard","has-post-thumbnail","category-lausanne","tag-espace-2","tag-lactu-musique","tag-lausanne","tag-media-radio","tag-musique","tag-suisse"],"share_on_mastodon":{"url":"https:\/\/pubeurope.com\/@ch_fr\/116476965296738164","error":""},"_links":{"self":[{"href":"https:\/\/www.europesays.com\/ch-fr\/wp-json\/wp\/v2\/posts\/106562","targetHints":{"allow":["GET"]}}],"collection":[{"href":"https:\/\/www.europesays.com\/ch-fr\/wp-json\/wp\/v2\/posts"}],"about":[{"href":"https:\/\/www.europesays.com\/ch-fr\/wp-json\/wp\/v2\/types\/post"}],"author":[{"embeddable":true,"href":"https:\/\/www.europesays.com\/ch-fr\/wp-json\/wp\/v2\/users\/2"}],"replies":[{"embeddable":true,"href":"https:\/\/www.europesays.com\/ch-fr\/wp-json\/wp\/v2\/comments?post=106562"}],"version-history":[{"count":0,"href":"https:\/\/www.europesays.com\/ch-fr\/wp-json\/wp\/v2\/posts\/106562\/revisions"}],"wp:featuredmedia":[{"embeddable":true,"href":"https:\/\/www.europesays.com\/ch-fr\/wp-json\/wp\/v2\/media\/106563"}],"wp:attachment":[{"href":"https:\/\/www.europesays.com\/ch-fr\/wp-json\/wp\/v2\/media?parent=106562"}],"wp:term":[{"taxonomy":"category","embeddable":true,"href":"https:\/\/www.europesays.com\/ch-fr\/wp-json\/wp\/v2\/categories?post=106562"},{"taxonomy":"post_tag","embeddable":true,"href":"https:\/\/www.europesays.com\/ch-fr\/wp-json\/wp\/v2\/tags?post=106562"}],"curies":[{"name":"wp","href":"https:\/\/api.w.org\/{rel}","templated":true}]}}