{"id":108388,"date":"2026-04-28T16:01:11","date_gmt":"2026-04-28T16:01:11","guid":{"rendered":"https:\/\/www.europesays.com\/ch-fr\/108388\/"},"modified":"2026-04-28T16:01:11","modified_gmt":"2026-04-28T16:01:11","slug":"lopera-de-lausanne-etrenne-les-voix-et-les-ouvrages-pour-sa-prochaine-saison","status":"publish","type":"post","link":"https:\/\/www.europesays.com\/ch-fr\/108388\/","title":{"rendered":"L&rsquo;Op\u00e9ra de Lausanne \u00e9trenne les voix et les ouvrages pour sa prochaine saison"},"content":{"rendered":"<p> Pour programmer sa troisi\u00e8me saison \u00e0 la t\u00eate de l\u2019Op\u00e9ra de Lausanne, Claude Cortese poursuit sur sa lanc\u00e9e: \u00e9clectique, exigeante mais rassembleuse. Les premi\u00e8res abonderont: on compte ainsi cinq op\u00e9ras jamais jou\u00e9s \u00e0 Lausanne sur les huit que compte la saison. De m\u00eame, 44\u00a0artistes feront leurs d\u00e9buts sur la sc\u00e8ne lausannoise et on comptera 42\u00a0prises de r\u00f4le. Autre innovation, un op\u00e9ra jeune public pr\u00e9sent\u00e9 conjointement avec le Grand Th\u00e9\u00e2tre de Gen\u00e8ve: le \u00ab\u00a0Cochon enchant\u00e9\u00a0\u00bb de Jonathan Dove, dont Joan Mompart signera la mise en sc\u00e8ne. Le directeur de l\u2019Op\u00e9ra est au micro de Beno\u00eet Perrier.<\/p>\n<p>https:\/\/www.opera-lausanne.ch\/<\/p>\n","protected":false},"excerpt":{"rendered":"Pour programmer sa troisi\u00e8me saison \u00e0 la t\u00eate de l\u2019Op\u00e9ra de Lausanne, Claude Cortese poursuit sur sa lanc\u00e9e:&hellip;\n","protected":false},"author":2,"featured_media":108389,"comment_status":"","ping_status":"","sticky":false,"template":"","format":"standard","meta":{"footnotes":"","_share_on_mastodon":"0"},"categories":[19],"tags":[13124,13125,177,851,141,23],"class_list":["post-108388","post","type-post","status-publish","format-standard","has-post-thumbnail","category-lausanne","tag-espace-2","tag-lactu-musique","tag-lausanne","tag-media-radio","tag-musique","tag-suisse"],"share_on_mastodon":{"url":"https:\/\/pubeurope.com\/@ch_fr\/116483174289089407","error":""},"_links":{"self":[{"href":"https:\/\/www.europesays.com\/ch-fr\/wp-json\/wp\/v2\/posts\/108388","targetHints":{"allow":["GET"]}}],"collection":[{"href":"https:\/\/www.europesays.com\/ch-fr\/wp-json\/wp\/v2\/posts"}],"about":[{"href":"https:\/\/www.europesays.com\/ch-fr\/wp-json\/wp\/v2\/types\/post"}],"author":[{"embeddable":true,"href":"https:\/\/www.europesays.com\/ch-fr\/wp-json\/wp\/v2\/users\/2"}],"replies":[{"embeddable":true,"href":"https:\/\/www.europesays.com\/ch-fr\/wp-json\/wp\/v2\/comments?post=108388"}],"version-history":[{"count":0,"href":"https:\/\/www.europesays.com\/ch-fr\/wp-json\/wp\/v2\/posts\/108388\/revisions"}],"wp:featuredmedia":[{"embeddable":true,"href":"https:\/\/www.europesays.com\/ch-fr\/wp-json\/wp\/v2\/media\/108389"}],"wp:attachment":[{"href":"https:\/\/www.europesays.com\/ch-fr\/wp-json\/wp\/v2\/media?parent=108388"}],"wp:term":[{"taxonomy":"category","embeddable":true,"href":"https:\/\/www.europesays.com\/ch-fr\/wp-json\/wp\/v2\/categories?post=108388"},{"taxonomy":"post_tag","embeddable":true,"href":"https:\/\/www.europesays.com\/ch-fr\/wp-json\/wp\/v2\/tags?post=108388"}],"curies":[{"name":"wp","href":"https:\/\/api.w.org\/{rel}","templated":true}]}}