{"id":108768,"date":"2026-04-28T21:43:11","date_gmt":"2026-04-28T21:43:11","guid":{"rendered":"https:\/\/www.europesays.com\/ch-fr\/108768\/"},"modified":"2026-04-28T21:43:11","modified_gmt":"2026-04-28T21:43:11","slug":"victoire-5-4-du-psg-face-au-bayern-en-demi-finale","status":"publish","type":"post","link":"https:\/\/www.europesays.com\/ch-fr\/108768\/","title":{"rendered":"victoire 5-4 du PSG face au Bayern en demi-finale"},"content":{"rendered":"\n<p>        \u2013   <\/p>\n<p>  Le PSG prend une option face au Bayern apr\u00e8s un match compl\u00e8tement fou <\/p>\n<p class=\"lead regular externalicon-big astro-mrojhlls\"> Les Parisiens se sont impos\u00e9s 5-4 au terme du match aller de leur demi-finale ce mardi soir. Le match retour \u00e0 Munich promet.   <\/p>\n<p>     Publi\u00e9 aujourd\u2019hui \u00e0 23h17    <\/p>\n<p>              <img decoding=\"async\" loading=\"eager\" fetchpriority=\"high\" src=\"https:\/\/www.europesays.com\/ch-fr\/wp-content\/uploads\/2026\/04\/5pvNFGZcKFn96jP85YnhPj.jpg\" data-image-url=\"https:\/\/www.europesays.com\/ch-fr\/wp-content\/uploads\/2026\/04\/5pvNFGZcKFn96jP85YnhPj.jpg\" alt=\"Achraf Hakimi (PSG) au duel avec Luis Diaz (Bayern Munich) lors de la demi-finale aller de Ligue des Champions au Parc des Princes, le 28 avril 2026.\" title=\"Achraf Hakimi (PSG) au duel avec Luis Diaz (Bayern Munich) lors de la demi-finale aller de Ligue des Champions au Parc des Princes, le 28 avril 2026.\" class=\"ResponsiveImage responsive-image astro-lrzy7jfn\" style=\"background-color:#3A262B\" onload=\"this.style.backgroundColor = &quot;transparent&quot;\"\/>         <\/p>\n<p>Le PSG et le Bayern ont offert un spectacle exceptionnel ce mardi soir en match aller de la demi-finale de la Ligue des champions.<\/p>\n<p>AFP<\/p>\n<p class=\"articleParagraph externalicon-big focus _content-width article-element astro-g2qwsodm astro-hwk6bfo3\">Le Paris Saint-Germain est sorti vainqueur d\u2019un festival de buts en <a class=\"noExternalIcon astro-hwk6bfo3\" target=\"_self\" href=\"https:\/\/www.24heures.ch\/psg-bayern-lucien-favre-analyse-la-finale-avant-lheure-479091049836\" data-article-link=\"https:\/\/www.24heures.ch\/psg-bayern-lucien-favre-analyse-la-finale-avant-lheure-479091049836\" rel=\"nofollow noopener\">demi-finale aller de la Ligue des champions<\/a>. Les champions d\u2019Europe ont battu le Bayern Munich 5-4 au Parc des Princes ce mardi soir.<\/p>\n<p class=\"articleParagraph externalicon-big focus _content-width article-element astro-g2qwsodm astro-hwk6bfo3\">Ce premier choc entre les deux meilleures \u00e9quipes du continent, annonc\u00e9 par certains comme une finale avant l\u2019heure, a tenu toutes ses promesses. Neufs buts, des renversements de situations \u00e0 n\u2019en plus compter et au final un petit avantage pour le PSG, qui entrevoit une deuxi\u00e8me finale cons\u00e9cutive.<\/p>\n<p>  Ouverture du score du Bayern<\/p>\n<p class=\"articleParagraph externalicon-big focus _content-width article-element astro-g2qwsodm astro-hwk6bfo3\">D\u00e9sign\u00e9 par l\u2019UEFA pour arbitrer ce duel entre g\u00e9ants d\u2019Europe, l\u2019arbitre suisse Sandro Sch\u00e4rer a \u00e9t\u00e9 le premier protagoniste de la partie. Il n\u2019a pas h\u00e9sit\u00e9 pour d\u00e9signer le point de penalty apr\u00e8s une faute du Parisien Willian Pacho sur Luis Diaz. Harry Kane ne s\u2019est pas fait prier pour inscrire son 54e but de la saison (17e).<\/p>\n<p class=\"articleParagraph externalicon-big focus _content-width article-element astro-g2qwsodm astro-hwk6bfo3\">Piqu\u00e9 \u00e0 vif, le PSG a rapidement \u00e9galis\u00e9 gr\u00e2ce au G\u00e9orgien Kvicha Kvaratskhelia (24e), avant de prendre les devants moins de dix minutes plus tard sur corner (33e Joao Neves). Son gardien Matvey Safonov venait alors d\u2019\u00eatre sauv\u00e9 par son poteau sur une perc\u00e9e du virevoltant Michael Olise (32e).<\/p>\n<p class=\"articleParagraph externalicon-big focus _content-width article-element astro-g2qwsodm astro-hwk6bfo3\">Le Fran\u00e7ais du Bayern a finalement trouv\u00e9 la faille \u00e0 la 42e, malgr\u00e9 la pr\u00e9sence de quatre Parisiens autour de lui. Mais le Ballon d\u2019Or Ousmane Demb\u00e9l\u00e9 a redonn\u00e9 l\u2019avantage au PSG juste avant la mi-temps en transformant un penalty (45e+4).<\/p>\n<p>  Encore quatre buts apr\u00e8s la pause<\/p>\n<p class=\"articleParagraph externalicon-big focus _content-width article-element astro-g2qwsodm astro-hwk6bfo3\">Le rythme n\u2019a de loin pas baiss\u00e9 en deuxi\u00e8me p\u00e9riode, puisque les joueurs de Luis Enrique ont insist\u00e9 pour mener 5-2 apr\u00e8s des nouvelles r\u00e9ussites de \u00abKvara\u00bb (56e) et Demb\u00e9l\u00e9 (58e). Avec trois buts d\u2019avance pour Paris, le Bayern aurait \u00e9t\u00e9 en f\u00e2cheuse posture en vue du match retour.<\/p>\n<p class=\"articleParagraph externalicon-big focus _content-width article-element astro-g2qwsodm astro-hwk6bfo3\">Mais le match a bascul\u00e9 dans l\u2019irrationnel et les champions d\u2019Allemagne sont revenus \u00e0 une longueur suite \u00e0 des buts de Dayot Upamecano (65e), sur un coup-franc de Kimmich, et de Luis Diaz (68e), auteur d\u2019un g\u00e9nial encha\u00eenement dans la surface parisienne.<\/p>\n<p class=\"hint astro-ep4xc566\">\u00c0 ce stade, vous trouverez des contenus externes suppl\u00e9mentaires. Si vous acceptez que des cookies soient plac\u00e9s par des fournisseurs externes et que des donn\u00e9es personnelles soient ainsi transmises \u00e0 ces derniers, vous devez autoriser tous les cookies et afficher directement le contenu externe.<\/p>\n<p>  Autoriser les cookies   Plus d&rsquo;infos    <\/p>\n<p class=\"articleParagraph externalicon-big focus _content-width article-element astro-g2qwsodm astro-hwk6bfo3\">Le PSG doit donc se contenter de cette courte victoire en vue d\u2019un match retour qui promet toujours plus d\u2019\u00e9tincelles. Et le Bayern conserve toutes ses chances de rallier une premi\u00e8re finale depuis l\u2019\u00e9dition 2020, celle qu\u2019il avait remport\u00e9e face au\u2026 PSG.<\/p>\n<p class=\"boxtitle astro-42aj3uwb astro-hwk6bfo3\">Au sujet de la Ligue des champions<\/p>\n<p class=\"agencies content-width astro-etjqzq3d\"> ATS <\/p>\n<p class=\"Feedback content-width astro-kvtdmsee\"> Vous avez trouv\u00e9 une erreur? <a href=\"https:\/\/www.24heures.ch\/mailto:tes_correction@tamedia.ch?subject=Avis%20d\" erreur=\"\" class=\"feedbacklink _underlinelink astro-kvtdmsee\" rel=\"nofollow noopener\" target=\"_blank\"> Merci de nous la signaler. <\/a> <\/p>\n<p>Le PSG et le Bayern ont offert un spectacle exceptionnel ce mardi soir en match aller de la demi-finale de la Ligue des champions.<\/p>\n<p>AFP<\/p>\n","protected":false},"excerpt":{"rendered":"\u2013 Le PSG prend une option face au Bayern apr\u00e8s un match compl\u00e8tement fou Les Parisiens se sont&hellip;\n","protected":false},"author":2,"featured_media":108769,"comment_status":"","ping_status":"","sticky":false,"template":"","format":"standard","meta":{"footnotes":"","_share_on_mastodon":"0"},"categories":[8],"tags":[13651,12278,11309,6488,75,23],"class_list":["post-108768","post","type-post","status-publish","format-standard","has-post-thumbnail","category-sports","tag-bayern-munich","tag-champions-league","tag-facts","tag-paris-st-germain-psg","tag-sports","tag-suisse"],"share_on_mastodon":{"url":"https:\/\/pubeurope.com\/@ch_fr\/116484519169868922","error":""},"_links":{"self":[{"href":"https:\/\/www.europesays.com\/ch-fr\/wp-json\/wp\/v2\/posts\/108768","targetHints":{"allow":["GET"]}}],"collection":[{"href":"https:\/\/www.europesays.com\/ch-fr\/wp-json\/wp\/v2\/posts"}],"about":[{"href":"https:\/\/www.europesays.com\/ch-fr\/wp-json\/wp\/v2\/types\/post"}],"author":[{"embeddable":true,"href":"https:\/\/www.europesays.com\/ch-fr\/wp-json\/wp\/v2\/users\/2"}],"replies":[{"embeddable":true,"href":"https:\/\/www.europesays.com\/ch-fr\/wp-json\/wp\/v2\/comments?post=108768"}],"version-history":[{"count":0,"href":"https:\/\/www.europesays.com\/ch-fr\/wp-json\/wp\/v2\/posts\/108768\/revisions"}],"wp:featuredmedia":[{"embeddable":true,"href":"https:\/\/www.europesays.com\/ch-fr\/wp-json\/wp\/v2\/media\/108769"}],"wp:attachment":[{"href":"https:\/\/www.europesays.com\/ch-fr\/wp-json\/wp\/v2\/media?parent=108768"}],"wp:term":[{"taxonomy":"category","embeddable":true,"href":"https:\/\/www.europesays.com\/ch-fr\/wp-json\/wp\/v2\/categories?post=108768"},{"taxonomy":"post_tag","embeddable":true,"href":"https:\/\/www.europesays.com\/ch-fr\/wp-json\/wp\/v2\/tags?post=108768"}],"curies":[{"name":"wp","href":"https:\/\/api.w.org\/{rel}","templated":true}]}}