{"id":109850,"date":"2026-04-29T14:26:12","date_gmt":"2026-04-29T14:26:12","guid":{"rendered":"https:\/\/www.europesays.com\/ch-fr\/109850\/"},"modified":"2026-04-29T14:26:12","modified_gmt":"2026-04-29T14:26:12","slug":"cest-mon-ame-soeur-reem-kherici-declare-son-amour-a-philippe-lacheau","status":"publish","type":"post","link":"https:\/\/www.europesays.com\/ch-fr\/109850\/","title":{"rendered":"\u00ab\u00a0C&rsquo;est mon \u00e2me soeur\u00a0\u00bb : Reem Kherici d\u00e9clare son amour \u00e0 Philippe Lacheau"},"content":{"rendered":"<p>        R\u00e9sum\u00e9<\/p>\n<p>Reem Kherici exprime son attachement profond \u00e0 Philippe Lacheau, \u00e9voquant une complicit\u00e9 unique et durable partag\u00e9e depuis plus de vingt ans.<\/p>\n<p>          Sommaire<\/p>\n<p>Chien et Chat, 3 Jours max, Alibi.com 2, Nicky Larson et le Parfum de Cupidon&#8230; <a href=\"https:\/\/www.public.fr\/tag\/reem-kherici\" rel=\"nofollow noopener\" target=\"_blank\">Reem Kherici<\/a> et <a href=\"https:\/\/www.public.fr\/tag\/philippe-lacheau\" rel=\"nofollow noopener\" target=\"_blank\">Philippe Lacheau<\/a> collaborent depuis des ann\u00e9es, pour le plus grand bonheur de leurs admirateurs. <\/p>\n<p>Le 4 f\u00e9vrier dernier, les deux acteurs \u00e9taient d&rsquo;ailleurs de retour sur les \u00e9crans avec un tout nouveau projet : Marsupilami. Un film dans lequel ils ont notamment donn\u00e9 la r\u00e9plique \u00e0 de grands noms de l&rsquo;humour et du cin\u00e9ma comme Jamel Debbouze, Booder, Jean Reno ou encore Alban Ivanov. <\/p>\n<p>Reem Kherici : \u00ab\u00a0Ma premi\u00e8re \u00e2me s\u0153ur, \u00e7a a \u00e9t\u00e9 Philippe Lacheau\u00a0\u00bb<\/p>\n<p>Visiblement tr\u00e8s attach\u00e9s l&rsquo;un \u00e0 l&rsquo;autre, Reem Kherici et Philippe Lacheau n&rsquo;ont pas l&rsquo;intention de se s\u00e9parer. Et la com\u00e9dienne de 43 ans l&rsquo;affirme, son complice \u00ab\u00a0sera toujours dans (s)a vie\u00a0\u00bb. <\/p>\n<p>Invit\u00e9e du podcast Sphere 5 il y a quelques jours, la jolie brune a effectivement lev\u00e9 le voile sur sa relation unique avec le cin\u00e9aste. <\/p>\n<p>Pour elle, il ne fait aucun doute que Philippe Lacheau est son \u00ab\u00a0\u00e2me soeur\u00a0\u00bb. \u00ab\u00a0Je crois que ma premi\u00e8re \u00e2me s\u0153ur, \u00e7a a \u00e9t\u00e9 Philippe Lacheau, qui est mon partenaire de travail depuis plus de 22 ans\u00a0\u00bb, a-t-elle r\u00e9v\u00e9l\u00e9. \u00ab\u00a0On se conna\u00eet de mani\u00e8re tr\u00e8s intime ; de temps en temps, on n\u2019a pas besoin de se parler\u2026 Il sera toujours dans ma vie. M\u00eame si un jour on est s\u00e9par\u00e9s, pour quoi que ce soit, il sera toujours dans ma vie et je l\u2019aime profond\u00e9ment.\u00a0\u00bb<\/p>\n<p>\u00ab\u00a0On a tous une \u00e2me\u00a0\u00bb<\/p>\n<p>Au cours de cet entretien, Reem Kherici a ensuite expliqu\u00e9 avoir \u00ab\u00a0rencontr\u00e9 plein d\u2019autres gens qui sont devenus des \u00e2mes s\u0153urs, ou en tout cas des \u00e2mes qui sont \u00e0 la m\u00eame fr\u00e9quence que la mienne.\u00a0\u00bb<\/p>\n<p>\u00ab\u00a0Il y a des gens, dans leur ins\u00e9curit\u00e9, qui vont me toucher profond\u00e9ment, et c\u2019est parce qu\u2019en fait j\u2019arrive \u00e0 percer leur \u00e2me et je vais plus loin\u2026 On est tous des animaux, on a tous une \u00e2me, et c\u2019est \u00e7a qu\u2019il faut aller chercher. C\u2019est difficile parce qu\u2019on met des masques, des habits, du maquillage, on dit des choses qui sont fausses, mais de temps en temps, le regard ne trahit pas, la vibration de la voix ne trahit pas\u00a0\u00bb, a-t-elle pr\u00e9cis\u00e9. Un t\u00e9moignage bouleversant qui a suscit\u00e9 de vives r\u00e9actions. <\/p>\n<p>\n          Hits &amp; People en continu\n        <\/p>\n<p>\n          Public Radio\n        <\/p>\n<p>      Mentionn\u00e9s dans cet article<\/p>\n<p>      Sur le m\u00eame sujet<\/p>\n","protected":false},"excerpt":{"rendered":"R\u00e9sum\u00e9 Reem Kherici exprime son attachement profond \u00e0 Philippe Lacheau, \u00e9voquant une complicit\u00e9 unique et durable partag\u00e9e depuis&hellip;\n","protected":false},"author":2,"featured_media":109851,"comment_status":"","ping_status":"","sticky":false,"template":"","format":"standard","meta":{"footnotes":"","_share_on_mastodon":"0"},"categories":[15],"tags":[158,157,113,112,159,3147,21845,29895,23],"class_list":["post-109850","post","type-post","status-publish","format-standard","has-post-thumbnail","category-people","tag-celebrities","tag-celebrity","tag-divertissement","tag-entertainment","tag-people","tag-philippe-lacheau","tag-reem-kherici","tag-relations-humaines","tag-suisse"],"share_on_mastodon":{"url":"https:\/\/pubeurope.com\/@ch_fr\/116488462912577681","error":""},"_links":{"self":[{"href":"https:\/\/www.europesays.com\/ch-fr\/wp-json\/wp\/v2\/posts\/109850","targetHints":{"allow":["GET"]}}],"collection":[{"href":"https:\/\/www.europesays.com\/ch-fr\/wp-json\/wp\/v2\/posts"}],"about":[{"href":"https:\/\/www.europesays.com\/ch-fr\/wp-json\/wp\/v2\/types\/post"}],"author":[{"embeddable":true,"href":"https:\/\/www.europesays.com\/ch-fr\/wp-json\/wp\/v2\/users\/2"}],"replies":[{"embeddable":true,"href":"https:\/\/www.europesays.com\/ch-fr\/wp-json\/wp\/v2\/comments?post=109850"}],"version-history":[{"count":0,"href":"https:\/\/www.europesays.com\/ch-fr\/wp-json\/wp\/v2\/posts\/109850\/revisions"}],"wp:featuredmedia":[{"embeddable":true,"href":"https:\/\/www.europesays.com\/ch-fr\/wp-json\/wp\/v2\/media\/109851"}],"wp:attachment":[{"href":"https:\/\/www.europesays.com\/ch-fr\/wp-json\/wp\/v2\/media?parent=109850"}],"wp:term":[{"taxonomy":"category","embeddable":true,"href":"https:\/\/www.europesays.com\/ch-fr\/wp-json\/wp\/v2\/categories?post=109850"},{"taxonomy":"post_tag","embeddable":true,"href":"https:\/\/www.europesays.com\/ch-fr\/wp-json\/wp\/v2\/tags?post=109850"}],"curies":[{"name":"wp","href":"https:\/\/api.w.org\/{rel}","templated":true}]}}