{"id":112747,"date":"2026-05-01T14:24:10","date_gmt":"2026-05-01T14:24:10","guid":{"rendered":"https:\/\/www.europesays.com\/ch-fr\/112747\/"},"modified":"2026-05-01T14:24:10","modified_gmt":"2026-05-01T14:24:10","slug":"un-match-pourri-pep-guardiola-plaisante-sur-le-niveau-de-jeu-de-psg-bayern-munich-pour-justifier-sa-presence-a-stockport-mardi-soir-lequipe","status":"publish","type":"post","link":"https:\/\/www.europesays.com\/ch-fr\/112747\/","title":{"rendered":"\u00ab Un match pourri \u00bb : Pep Guardiola plaisante sur le niveau de jeu de PSG &#8211; Bayern Munich pour justifier sa pr\u00e9sence \u00e0 Stockport mardi soir &#8211; L&#039;\u00c9quipe"},"content":{"rendered":"<p><a href=\"https:\/\/news.google.com\/rss\/articles\/CBMikAJBVV95cUxQMmRpdklBbUhXUnl5LVlQdUNYbmlhbmVXZnktZWpEcG15NURCbkloenV3cGRmY0ZNcWpEUWF1ODJUdERCc1JJeUhvb3lLajdCZ2JKSVpDODJ5eW9MQURfNGFodXdhRXBTNThnRE5TQmF2cDZZb2NRME1wTXEyUUhCZDBwZWh4T1hfSEJVdlp6Z1lnSFNGVklVWUowQktUUGExb2l2dmpNb29uU2JMTVMteUQzTVktUEtZMjRyWktXZ05ZX19sM0pQMDhGb3oxNng1Sm12OEk3TVpFZFJaZk8wQVEySlk4cFFQTVByaDBwTGlaZGJMNFBDamIydGxaQ0pPUWVpX29Oc09CQ3AxMXhwag?oc=5\" target=\"_blank\" rel=\"nofollow noopener\">\u00ab Un match pourri \u00bb : Pep Guardiola plaisante sur le niveau de jeu de PSG &#8211; Bayern Munich pour justifier sa pr\u00e9sence \u00e0 Stockport mardi soir<\/a>&nbsp;&nbsp;L&rsquo;\u00c9quipe<a href=\"https:\/\/news.google.com\/rss\/articles\/CBMipgJBVV95cUxONUxtbUc5em90eVp5eVY2UkxNVHVTdlQtSlBfTTlxbkJZaVJuVUpqZTZHSEpJRzVaSGpQT2JWVG1acUdvdncyNlktRG1OMWdma0pYZmg3cjM5M2s4V2twN19hTm1BN2JQYWxOel9uQ3YzWFZBdWNvakswd1luYkdmTnU5UXdtaktfQ3RoOEpsaFplSFNjcDMzbDNyamFJSjNNVEVyZmNwa2tJakJKdzNxS3BCdU4yOHJJTEc1T1dYd19kSnhnVHpRS19iWlFPTmVGVHhjNHZZci1VelFhM2M3VUtnQWF4N0tzbmpaUDdGSWRBU1BNZVZ1a3BYU2V5LW1UNFhZbktkZjRZVUNIV0NBQkY3RnVzai1RbzVyaTRROXU3VmFpNnc?oc=5\" target=\"_blank\" rel=\"nofollow noopener\">\u00ab\u00a0Quel match pourri !\u00a0\u00bb : PSG &#8211; Bayern, Guardiola en rigole<\/a>&nbsp;&nbsp;Eurosport<a href=\"https:\/\/news.google.com\/rss\/articles\/CBMiqAFBVV95cUxQQWRSOXQxOTNFaElxcTZKTzhnejlFb0wtZW9KR0o1ekZyeEFUbkpIRHA3bXphZ1l4S2tDSnhUTUJWVnY5Sm5qVnAwZjNtb25sNEVzRy1UYjV2TFNON2JCcm9QVWV1OG53RWdvQXBJZVpISVJ0T013Z2lXWTYwUmJ0eUZ0RnkxejBoeTR2RVU4SExwaVRDRS1PVmpkQ0w1SkNZMVg2cEZxNnU?oc=5\" target=\"_blank\" rel=\"nofollow noopener\">Football: PSG-Bayern? \u00abMatch pourri, joueurs de merde\u00bb, rigole Guardiola<\/a>&nbsp;&nbsp;Le Matin<a href=\"https:\/\/news.google.com\/rss\/articles\/CBMi1gFBVV95cUxNUFVRTzVpWlFSaHZHNGJoRzhPTUROV05FYkVNeTlTTzEtcGctSVI2a01hd1FWZlZIVzM3WFNQY3d4ZnZKNjdtcGJaU3lKR3d4d09ISGhsQlVNeUNqaUZXVmRfT3ljX0hEWlluS2NEWXRCZE55dTFVdEhsRUlRLVVKSk9MUzMyb1JZMGp4WGp1eF9tekNFd3U5VENCN2tpMC1pa01uQXBEbFVOYVhCSGV2S2pqbC1HdzNNbkF4d3NLZzZ5a0UyWFJuZVZBM1JyVWNGRVNhMFZn?oc=5\" target=\"_blank\" rel=\"nofollow noopener\">Ligue des champions : PSG-Bayern ? Un \u00abmatch pourri\u00bb, plaisante Pep Guardiola<\/a>&nbsp;&nbsp;Le Figaro<a href=\"https:\/\/news.google.com\/rss\/articles\/CBMipwFBVV95cUxOek4tWHA5dENzbEtsZm5mVXZ3ZzlQYlBxZ2xTQVFrMUVBMExrVTlGZG1GRjk5ZmI0QnZkSTc5ZnFGOVFXc21sd3pNV1hlM3NQUndtMWgyQXk4dnlaM0RGcjNjS0tCREtYaER1RVlKeEVjN1BzOE93WFhMcVE2TVJrWEFBV3VaX0FUWF9pQ0Q3VFRQS21JU2lQT0xwUDZTdl9hZ3N1MzljZw?oc=5\" target=\"_blank\" rel=\"nofollow noopener\">\u00ab Quel match catastrophique \u00bb : Pep Guardiola a pr\u00e9f\u00e9r\u00e9 suivre la troisi\u00e8me division anglaise plut\u00f4t que le choc entre le PSG et le Bayern<\/a>&nbsp;&nbsp;Yahoo Actualit\u00e9s<\/p>\n","protected":false},"excerpt":{"rendered":"\u00ab Un match pourri \u00bb : Pep Guardiola plaisante sur le niveau de jeu de PSG &#8211; Bayern&hellip;\n","protected":false},"author":2,"featured_media":112748,"comment_status":"","ping_status":"","sticky":false,"template":"","format":"standard","meta":{"footnotes":"","_share_on_mastodon":"0"},"categories":[4],"tags":[22,24938,13651,18987,18986,28700,182,30542,4577,14669,21,1381,28902,16846,23],"class_list":["post-112747","post","type-post","status-publish","format-standard","has-post-thumbnail","category-actualites","tag-actualites","tag-adrien-tisserand","tag-bayern-munich","tag-conferences-de-presse","tag-declas","tag-demi-finales-aller","tag-football","tag-josep-guardiola","tag-ligue-des-champions","tag-manchester-city","tag-news","tag-paris-sg","tag-paris-sg-bayern-munich","tag-saison-2025-2026","tag-suisse"],"share_on_mastodon":{"url":"https:\/\/pubeurope.com\/@ch_fr\/116499779794348980","error":""},"_links":{"self":[{"href":"https:\/\/www.europesays.com\/ch-fr\/wp-json\/wp\/v2\/posts\/112747","targetHints":{"allow":["GET"]}}],"collection":[{"href":"https:\/\/www.europesays.com\/ch-fr\/wp-json\/wp\/v2\/posts"}],"about":[{"href":"https:\/\/www.europesays.com\/ch-fr\/wp-json\/wp\/v2\/types\/post"}],"author":[{"embeddable":true,"href":"https:\/\/www.europesays.com\/ch-fr\/wp-json\/wp\/v2\/users\/2"}],"replies":[{"embeddable":true,"href":"https:\/\/www.europesays.com\/ch-fr\/wp-json\/wp\/v2\/comments?post=112747"}],"version-history":[{"count":0,"href":"https:\/\/www.europesays.com\/ch-fr\/wp-json\/wp\/v2\/posts\/112747\/revisions"}],"wp:featuredmedia":[{"embeddable":true,"href":"https:\/\/www.europesays.com\/ch-fr\/wp-json\/wp\/v2\/media\/112748"}],"wp:attachment":[{"href":"https:\/\/www.europesays.com\/ch-fr\/wp-json\/wp\/v2\/media?parent=112747"}],"wp:term":[{"taxonomy":"category","embeddable":true,"href":"https:\/\/www.europesays.com\/ch-fr\/wp-json\/wp\/v2\/categories?post=112747"},{"taxonomy":"post_tag","embeddable":true,"href":"https:\/\/www.europesays.com\/ch-fr\/wp-json\/wp\/v2\/tags?post=112747"}],"curies":[{"name":"wp","href":"https:\/\/api.w.org\/{rel}","templated":true}]}}