{"id":116335,"date":"2026-05-04T09:47:09","date_gmt":"2026-05-04T09:47:09","guid":{"rendered":"https:\/\/www.europesays.com\/ch-fr\/116335\/"},"modified":"2026-05-04T09:47:09","modified_gmt":"2026-05-04T09:47:09","slug":"boudoir-de-camille-a-uzes-la-gerante-sylvie-se-confie-sur-sa-maladie","status":"publish","type":"post","link":"https:\/\/www.europesays.com\/ch-fr\/116335\/","title":{"rendered":"Boudoir de Camille \u00e0 Uz\u00e8s : la g\u00e9rante Sylvie se confie sur sa maladie"},"content":{"rendered":"<p><img loading=\"lazy\" decoding=\"async\" alt=\"D.R. - Sylvie, commer\u00e7ante \u00e0 Uz\u00e8s, va fermer sa boutique Le Boudoir de Camille. Elle se confie sur sa maladie.\" data-zoom-src=\"https:\/\/www.europesays.com\/ch-fr\/wp-content\/uploads\/2026\/05\/initial-uzes-boudoir-de-camille-sylvie.jpg\" data-zoomable=\"\" height=\"702\" src=\"https:\/\/www.europesays.com\/ch-fr\/wp-content\/uploads\/2026\/05\/initial-uzes-boudoir-de-camille-sylvie.jpg\" width=\"1248\"\/>  <\/p>\n<p class=\"article-desc\">D.R. &#8211; Sylvie, commer\u00e7ante \u00e0 Uz\u00e8s, va fermer sa boutique Le Boudoir de Camille. Elle se confie sur sa maladie. <\/p>\n<p>C\u2019est l\u2019une des boutiques incontournables du centre-ville d\u2019Uz\u00e8s. Le Boudoir de Camille va prochainement fermer ses portes. Une d\u00e9cision qui s\u2019impose \u00e0 Sylvie, pour des raisons de sant\u00e9 qu\u2019elle partage aujourd\u2019hui. <\/p>\n<p>Le long chemin de Sylvie jusqu&rsquo;au diagnostic <\/p>\n<p>Cela fait deux ans que la vie de cette commer\u00e7ante uz\u00e9tienne a bouscul\u00e9. \u00ab\u00a0Le 12 mars 2024, apr\u00e8s de longs moments d\u2019errance m\u00e9dicale, d\u2019incertitude et de yoyo \u00e9motionnel\u00a0\u00bb, Sylvie obtient enfin des r\u00e9ponses. \u00ab\u00a0Ce 12 mars restera pour moi le premier jour du reste de ma vie. Il y a eu un avant et un apr\u00e8s.\u00a0\u00bb<\/p>\n<p>Un diagnostic qui tombe enfin, apr\u00e8s de nombreux rendez-vous avec des sp\u00e9cialistes qui ne trouvaient pas de r\u00e9ponses \u00e0 ses questions. Un professeur parisien l\u2019envoie chez un confr\u00e8re \u00e0 Marseille, \u00e0 <a href=\"https:\/\/mesinfos.fr\/13000-marseille\/deux-hopitaux-marseillais-dans-le-palmares-mondial-des-meilleurs-hopitaux-2025-231703.html\" rel=\"noopener nofollow\" target=\"_blank\">La Timone<\/a>. Sylvie entre dans son cabinet \u00ab\u00a0sans aucune conviction\u00a0\u00bb.<\/p>\n<p>Apr\u00e8s un examen, il se rassoit derri\u00e8re son bureau, enl\u00e8ve ses lunettes, \u00ab\u00a0et l\u00e0, je re\u00e7ois une bombe, un missile en pleine t\u00eate, un coup de massue\u00a0\u00bb. Comme un courant \u00e9lectrique qui la traverse des pieds \u00e0 la t\u00eate, Sylvie confie \u00e9couter les mots du m\u00e9decin sans comprendre ce qui est en train de lui arriver. \u00ab\u00a0C\u2019est fulgurant. J\u2019entends les mots \u00ab\u00a0vous \u00eates atteinte d\u2019une maladie incurable sans traitement. L\u2019esp\u00e9rance de vie est assez courte selon les patients\u00a0\u00bb. Prends \u00e7a dans ta gueule.\u00a0\u00bb <\/p>\n<p>Alors que le silence s\u2019installe, elle se sent partag\u00e9e entre l\u2019horreur et le soulagement. La maladie a enfin un nom.  <\/p>\n<p> Choisir la vie et continuer \u00e0 avancer <\/p>\n<p>Face \u00e0 une annonce comme celle-ci, chaque personne r\u00e9agit \u00e0 sa mani\u00e8re. Sylvie d\u00e9cide de choisir la vie. <\/p>\n<p>\u00ab\u00a0Mon combat commence. Je suis pr\u00eate \u00e0 me battre pour les gens que j\u2019aime et qui m\u2019aiment. Je reste hyper positive quant \u00e0 mon avenir, ma volont\u00e9 de vivre de beaux jours, de doux et bons moments, diff\u00e9rents mais tout aussi pr\u00e9cieux.\u00a0\u00bb <\/p>\n<p>Une sagesse remarquable dans un moment pareil. Face \u00e0 ce qui l\u2019attend, Sylvie choisit de regarder le ciel bleu plut\u00f4t que de penser aux orages. Si la maladie l\u2019oblige aujourd\u2019hui \u00e0 tourner la page du Boudoir de Camille le 9 mai 2026, o\u00f9 elle sera pr\u00e9sente \u00e0 la boutique de 12h \u00e0 18h pour remercier les personnes qui l\u2019ont soutenue, Sylvie continue de faire preuve de courage. \u00ab\u00a0Profitez \u00e0 fond de vos proches, des petits bonheurs de la vie, simple, tellement simple. C\u2019est dans les \u00e9preuves qu\u2019on avance.\u00a0\u00bb <\/p>\n","protected":false},"excerpt":{"rendered":"D.R. &#8211; Sylvie, commer\u00e7ante \u00e0 Uz\u00e8s, va fermer sa boutique Le Boudoir de Camille. Elle se confie sur&hellip;\n","protected":false},"author":2,"featured_media":116336,"comment_status":"","ping_status":"","sticky":false,"template":"","format":"standard","meta":{"footnotes":"","_share_on_mastodon":"0"},"categories":[9],"tags":[6951,83,8418,84,31277,23,31276],"class_list":["post-116335","post","type-post","status-publish","format-standard","has-post-thumbnail","category-sante","tag-fin-de-vie","tag-health","tag-maladie-de-charcot","tag-sante","tag-solidaritu00e9","tag-suisse","tag-uzu00e8s"],"share_on_mastodon":{"url":"https:\/\/pubeurope.com\/@ch_fr\/116515677702252404","error":""},"_links":{"self":[{"href":"https:\/\/www.europesays.com\/ch-fr\/wp-json\/wp\/v2\/posts\/116335","targetHints":{"allow":["GET"]}}],"collection":[{"href":"https:\/\/www.europesays.com\/ch-fr\/wp-json\/wp\/v2\/posts"}],"about":[{"href":"https:\/\/www.europesays.com\/ch-fr\/wp-json\/wp\/v2\/types\/post"}],"author":[{"embeddable":true,"href":"https:\/\/www.europesays.com\/ch-fr\/wp-json\/wp\/v2\/users\/2"}],"replies":[{"embeddable":true,"href":"https:\/\/www.europesays.com\/ch-fr\/wp-json\/wp\/v2\/comments?post=116335"}],"version-history":[{"count":0,"href":"https:\/\/www.europesays.com\/ch-fr\/wp-json\/wp\/v2\/posts\/116335\/revisions"}],"wp:featuredmedia":[{"embeddable":true,"href":"https:\/\/www.europesays.com\/ch-fr\/wp-json\/wp\/v2\/media\/116336"}],"wp:attachment":[{"href":"https:\/\/www.europesays.com\/ch-fr\/wp-json\/wp\/v2\/media?parent=116335"}],"wp:term":[{"taxonomy":"category","embeddable":true,"href":"https:\/\/www.europesays.com\/ch-fr\/wp-json\/wp\/v2\/categories?post=116335"},{"taxonomy":"post_tag","embeddable":true,"href":"https:\/\/www.europesays.com\/ch-fr\/wp-json\/wp\/v2\/tags?post=116335"}],"curies":[{"name":"wp","href":"https:\/\/api.w.org\/{rel}","templated":true}]}}