{"id":120402,"date":"2026-05-06T21:54:10","date_gmt":"2026-05-06T21:54:10","guid":{"rendered":"https:\/\/www.europesays.com\/ch-fr\/120402\/"},"modified":"2026-05-06T21:54:10","modified_gmt":"2026-05-06T21:54:10","slug":"le-club-parisien-en-finale-de-ligue-des-champions-contre-arsenal","status":"publish","type":"post","link":"https:\/\/www.europesays.com\/ch-fr\/120402\/","title":{"rendered":"le club parisien en finale de Ligue des champions contre Arsenal"},"content":{"rendered":"\n<p>        \u2013   <\/p>\n<p>  Le PSG \u00e9limine le Bayern et d\u00e9fendra son titre en finale contre Arsenal <\/p>\n<p class=\"lead regular externalicon-big astro-mrojhlls\"> Le PSG a arrach\u00e9 sa qualification pour la finale de la Ligue des Champions au terme d\u2019un match haletant \u00e0 l\u2019Allianz Arena. Le club parisien d\u00e9fendra son titre face \u00e0 Arsenal le 30 mai \u00e0 Budapest.   <\/p>\n<p>     Publi\u00e9 aujourd\u2019hui \u00e0 23h17    <\/p>\n<p>            <img decoding=\"async\" loading=\"eager\" fetchpriority=\"high\" src=\"https:\/\/www.europesays.com\/ch-fr\/wp-content\/uploads\/2026\/05\/8LDUvIMgKwdBRnup_DXn7C.jpg\" data-image-url=\"https:\/\/www.europesays.com\/ch-fr\/wp-content\/uploads\/2026\/05\/8LDUvIMgKwdBRnup_DXn7C.jpg\" alt=\"Joshua Kimmich du Bayern Munich (n\u00b06) et Ousmane Demb\u00e9l\u00e9 du PSG (n\u00b010) se disputent le ballon en demi-finale retour de Ligue des Champions \u00e0 Munich.\" title=\"Joshua Kimmich du Bayern Munich (n\u00b06) et Ousmane Demb\u00e9l\u00e9 du PSG (n\u00b010) se disputent le ballon en demi-finale retour de Ligue des Champions \u00e0 Munich.\" class=\"ResponsiveImage responsive-image astro-lrzy7jfn\" style=\"background-color:#6D4137\" onload=\"this.style.backgroundColor = &quot;transparent&quot;\"\/>         <\/p>\n<p>Le Bayern de Joshua Kimmich (au centre en rouge) a longuement bataill\u00e9 contre le PSG du Ballon d\u2019Or Ousmane Demb\u00e9l\u00e9 en match retour de demi-finale de Ligue des Champions. Malgr\u00e9 un score de parit\u00e9, les Bavarois doivent s\u2019incliner: les Parisiens l\u2019emportent au meilleur des deux matchs.<\/p>\n<p>AP Photo\/Martin Meissner<\/p>\n<p class=\"articleParagraph externalicon-big focus _content-width article-element astro-g2qwsodm astro-hwk6bfo3\">Le <a class=\"noExternalIcon astro-hwk6bfo3\" target=\"_self\" href=\"https:\/\/www.24heures.ch\/ligue-des-champions-victoire-5-4-du-psg-face-au-bayern-en-demi-finale-511681470323\" data-article-link=\"https:\/\/www.24heures.ch\/ligue-des-champions-victoire-5-4-du-psg-face-au-bayern-en-demi-finale-511681470323\" rel=\"nofollow noopener\">Paris SG<\/a> d\u00e9fendra son titre contre <a class=\"noExternalIcon astro-hwk6bfo3\" target=\"_self\" href=\"https:\/\/www.24heures.ch\/arsenal-les-gunners-en-finale-de-la-ligue-des-champions-771739596276\" data-article-link=\"https:\/\/www.24heures.ch\/arsenal-les-gunners-en-finale-de-la-ligue-des-champions-771739596276\" rel=\"nofollow noopener\">Arsenal<\/a> en finale de la Ligue des champions apr\u00e8s avoir \u00e9limin\u00e9 le Bayern Munich en demi-finale (5-4 \u00e0 l\u2019aller, 1-1 au retour), mercredi \u00e0 l\u2019Allianz Arena.<\/p>\n<p class=\"articleParagraph externalicon-big focus _content-width article-element astro-g2qwsodm astro-hwk6bfo3\"><a class=\" astro-hwk6bfo3\" target=\"_blank\" rel=\"noopener noreferrer nofollow\" href=\"https:\/\/www.transfermarkt.fr\/ousmane-dembele\/profil\/spieler\/288230\" data-article-link=\"https:\/\/www.transfermarkt.fr\/ousmane-dembele\/profil\/spieler\/288230\">Ousmane Demb\u00e9l\u00e9<\/a> a marqu\u00e9 mercredi d\u00e8s la 3e minute et <a class=\" astro-hwk6bfo3\" target=\"_blank\" rel=\"noopener noreferrer nofollow\" href=\"https:\/\/www.transfermarkt.fr\/harry-kane\/profil\/spieler\/132098\" data-article-link=\"https:\/\/www.transfermarkt.fr\/harry-kane\/profil\/spieler\/132098\">Harry Kane<\/a> a \u00e9galis\u00e9 dans les arr\u00eats de jeu (90e+4).<\/p>\n<p class=\"hint astro-ep4xc566\">\u00c0 ce stade, vous trouverez des contenus externes suppl\u00e9mentaires. Si vous acceptez que des cookies soient plac\u00e9s par des fournisseurs externes et que des donn\u00e9es personnelles soient ainsi transmises \u00e0 ces derniers, vous devez autoriser tous les cookies et afficher directement le contenu externe.<\/p>\n<p>  Autoriser les cookies   Plus d&rsquo;infos    \u00abKvara\u00bb en d\u00e9tonateur<\/p>\n<p class=\"articleParagraph externalicon-big focus _content-width article-element astro-g2qwsodm astro-hwk6bfo3\">Le premier but de la partie est venue du pied gauche d\u2019Ousmane Demb\u00e9l\u00e9, le Ballon d\u2019Or fran\u00e7ais concluant une action initi\u00e9e par l\u2019intenable Khvicha Kvaratshkelia. Apr\u00e8s un une-deux avec Fabian Ruiz, le G\u00e9orgien a servi Demb\u00e9l\u00e9, qui a log\u00e9 sa reprise sous la barre de Manuel Neuer (3e).<\/p>\n<p class=\"articleParagraph externalicon-big focus _content-width article-element astro-g2qwsodm astro-hwk6bfo3\">Priv\u00e9 d\u2019Achraf Hakimi, brillamment suppl\u00e9\u00e9 par Warren Za\u00efre-Emery sur le flanc droit de la d\u00e9fense, le PSG a ensuite parfaitement contenu les assauts bavarois. D\u2019autant plus que les ailiers du Bayern Luis Diaz (22e) et Michael Olise (24e) n\u2019ont pas eu l\u2019adresse du match aller, qu\u2019ils avaient marqu\u00e9 de leur classe.<\/p>\n<p class=\"articleParagraph externalicon-big focus _content-width article-element astro-g2qwsodm astro-hwk6bfo3\">Et lorsque Jamal Musiala a r\u00e9gl\u00e9 la mire, c\u2019est le portier russe Matvey Safonov qui a sauv\u00e9 les champions de France (44e).<\/p>\n<p>  Une main d\u00e9cri\u00e9e<\/p>\n<p class=\"articleParagraph externalicon-big focus _content-width article-element astro-g2qwsodm astro-hwk6bfo3\">Les Allemands risquent toutefois de d\u00e9noncer la main de Joao Neves, non sanctionn\u00e9e d\u2019un penalty \u00e0 la 31e. Le Portugais avait le bras largement d\u00e9coll\u00e9 du corps sur le d\u00e9gagement de son co\u00e9quipier Vitinha, mais l\u2019arbitre y a vu une action involontaire et a laiss\u00e9 jouer.<\/p>\n<p class=\"articleParagraph externalicon-big focus _content-width article-element astro-g2qwsodm astro-hwk6bfo3\">Mais Paris n\u2019a de loin pas vol\u00e9 sa qualification et aurait m\u00eame pu aggraver la marque en deuxi\u00e8me p\u00e9riode sans quelques exploits de Neuer devant D\u00e9sir\u00e9 Dou\u00e9 (56e\/64e) et \u00abKvara\u00bb (57e). Quant \u00e0 l\u2019\u00e9galisation de Kane dans le temps additionnel (90e+4), elle s\u2019est av\u00e9r\u00e9e trop tardive pour changer l\u2019issue de cette demi-finale.<\/p>\n<p class=\"articleParagraph externalicon-big focus _content-width article-element astro-g2qwsodm astro-hwk6bfo3\">Le PSG jouera donc une deuxi\u00e8me finale cons\u00e9cutive \u00e0 Budapest, une finale in\u00e9dite face \u00e0 Arsenal. Champions sortants, les Parisiens partiront logiquement favoris mais devront se m\u00e9fier de ces Gunners dont la m\u00e9thodique solidit\u00e9 pr\u00f4n\u00e9e par leur entra\u00eeneur Mikel Arteta pourrait suffire sur une confrontation directe.<\/p>\n<p class=\"boxtitle astro-42aj3uwb astro-hwk6bfo3\">Autour de la Ligue des Champions<\/p>\n","protected":false},"excerpt":{"rendered":"\u2013 Le PSG \u00e9limine le Bayern et d\u00e9fendra son titre en finale contre Arsenal Le PSG a arrach\u00e9&hellip;\n","protected":false},"author":2,"featured_media":120403,"comment_status":"","ping_status":"","sticky":false,"template":"","format":"standard","meta":{"footnotes":"","_share_on_mastodon":"0"},"categories":[4],"tags":[22,13651,12278,11309,21,6488,23],"class_list":["post-120402","post","type-post","status-publish","format-standard","has-post-thumbnail","category-actualites","tag-actualites","tag-bayern-munich","tag-champions-league","tag-facts","tag-news","tag-paris-st-germain-psg","tag-suisse"],"share_on_mastodon":{"url":"https:\/\/pubeurope.com\/@ch_fr\/116529860647724892","error":""},"_links":{"self":[{"href":"https:\/\/www.europesays.com\/ch-fr\/wp-json\/wp\/v2\/posts\/120402","targetHints":{"allow":["GET"]}}],"collection":[{"href":"https:\/\/www.europesays.com\/ch-fr\/wp-json\/wp\/v2\/posts"}],"about":[{"href":"https:\/\/www.europesays.com\/ch-fr\/wp-json\/wp\/v2\/types\/post"}],"author":[{"embeddable":true,"href":"https:\/\/www.europesays.com\/ch-fr\/wp-json\/wp\/v2\/users\/2"}],"replies":[{"embeddable":true,"href":"https:\/\/www.europesays.com\/ch-fr\/wp-json\/wp\/v2\/comments?post=120402"}],"version-history":[{"count":0,"href":"https:\/\/www.europesays.com\/ch-fr\/wp-json\/wp\/v2\/posts\/120402\/revisions"}],"wp:featuredmedia":[{"embeddable":true,"href":"https:\/\/www.europesays.com\/ch-fr\/wp-json\/wp\/v2\/media\/120403"}],"wp:attachment":[{"href":"https:\/\/www.europesays.com\/ch-fr\/wp-json\/wp\/v2\/media?parent=120402"}],"wp:term":[{"taxonomy":"category","embeddable":true,"href":"https:\/\/www.europesays.com\/ch-fr\/wp-json\/wp\/v2\/categories?post=120402"},{"taxonomy":"post_tag","embeddable":true,"href":"https:\/\/www.europesays.com\/ch-fr\/wp-json\/wp\/v2\/tags?post=120402"}],"curies":[{"name":"wp","href":"https:\/\/api.w.org\/{rel}","templated":true}]}}