{"id":124572,"date":"2026-05-09T21:30:15","date_gmt":"2026-05-09T21:30:15","guid":{"rendered":"https:\/\/www.europesays.com\/ch-fr\/124572\/"},"modified":"2026-05-09T21:30:15","modified_gmt":"2026-05-09T21:30:15","slug":"composition-du-match-fc-zurich-grasshopper","status":"publish","type":"post","link":"https:\/\/www.europesays.com\/ch-fr\/124572\/","title":{"rendered":"Composition du match FC Z\u00fcrich \u2013 Grasshopper"},"content":{"rendered":"<p>Retrouvez sur cette page la composition du match FC Z\u00fcrich \u2013 Grasshopper en Super League suisse, le samedi 09-05-2026, avec la liste compl\u00e8te des titulaires (num\u00e9ros et postes), les rempla\u00e7ants et les joueurs absents. FC Z\u00fcrich \u00e9volue en 4-4-1-1 et Grasshopper en 4-1-4-1. FC Z\u00fcrich est dirig\u00e9 par Carlos Bernegger, Grasshopper par Peter Zeidler. La rencontre se d\u00e9roule au stade Letzigrund Stadion.<\/p>\n","protected":false},"excerpt":{"rendered":"Retrouvez sur cette page la composition du match FC Z\u00fcrich \u2013 Grasshopper en Super League suisse, le samedi&hellip;\n","protected":false},"author":2,"featured_media":124573,"comment_status":"","ping_status":"","sticky":false,"template":"","format":"standard","meta":{"footnotes":"","_share_on_mastodon":"0"},"categories":[16],"tags":[32826,32827,32824,32825,32835,32834,32831,182,32832,32830,32828,32829,23,32833,32],"class_list":["post-124572","post","type-post","status-publish","format-standard","has-post-thumbnail","category-zurich","tag-composition-de-fc-zurich","tag-composition-de-grasshopper","tag-composition-du-match-fc-zurich-grasshopper","tag-composition-fc-zurich-grasshopper","tag-composition-match","tag-compositions-super-league-suisse","tag-fc-zurich-vs-grasshopper","tag-football","tag-grasshopper-vs-fc-zurich","tag-numeros-de-maillot-fc-zurich-vs-grasshopper","tag-onze-de-depart-fc-zurich-vs-grasshopper","tag-remplacants-fc-zurich-vs-grasshopper","tag-suisse","tag-super-league-suisse","tag-zurich"],"share_on_mastodon":{"url":"https:\/\/pubeurope.com\/@ch_fr\/116546753661527596","error":""},"_links":{"self":[{"href":"https:\/\/www.europesays.com\/ch-fr\/wp-json\/wp\/v2\/posts\/124572","targetHints":{"allow":["GET"]}}],"collection":[{"href":"https:\/\/www.europesays.com\/ch-fr\/wp-json\/wp\/v2\/posts"}],"about":[{"href":"https:\/\/www.europesays.com\/ch-fr\/wp-json\/wp\/v2\/types\/post"}],"author":[{"embeddable":true,"href":"https:\/\/www.europesays.com\/ch-fr\/wp-json\/wp\/v2\/users\/2"}],"replies":[{"embeddable":true,"href":"https:\/\/www.europesays.com\/ch-fr\/wp-json\/wp\/v2\/comments?post=124572"}],"version-history":[{"count":0,"href":"https:\/\/www.europesays.com\/ch-fr\/wp-json\/wp\/v2\/posts\/124572\/revisions"}],"wp:featuredmedia":[{"embeddable":true,"href":"https:\/\/www.europesays.com\/ch-fr\/wp-json\/wp\/v2\/media\/124573"}],"wp:attachment":[{"href":"https:\/\/www.europesays.com\/ch-fr\/wp-json\/wp\/v2\/media?parent=124572"}],"wp:term":[{"taxonomy":"category","embeddable":true,"href":"https:\/\/www.europesays.com\/ch-fr\/wp-json\/wp\/v2\/categories?post=124572"},{"taxonomy":"post_tag","embeddable":true,"href":"https:\/\/www.europesays.com\/ch-fr\/wp-json\/wp\/v2\/tags?post=124572"}],"curies":[{"name":"wp","href":"https:\/\/api.w.org\/{rel}","templated":true}]}}