{"id":128553,"date":"2026-05-12T18:45:17","date_gmt":"2026-05-12T18:45:17","guid":{"rendered":"https:\/\/www.europesays.com\/ch-fr\/128553\/"},"modified":"2026-05-12T18:45:17","modified_gmt":"2026-05-12T18:45:17","slug":"composition-du-match-servette-lausanne","status":"publish","type":"post","link":"https:\/\/www.europesays.com\/ch-fr\/128553\/","title":{"rendered":"Composition du match Servette \u2013 Lausanne"},"content":{"rendered":"<p>Retrouvez sur cette page la composition du match Servette \u2013 Lausanne en Super League suisse comptant pour Tour 37, le mardi 12-05-2026, ainsi que les rempla\u00e7ants et les joueurs absents. Servette \u00e9volue en 4-2-3-1 sous la conduite de Frick tandis que Lausanne se pr\u00e9sente en 4-3-3 sous la conduite de Custodio. Servette est dirig\u00e9 par Jocelyn Gourvennec, Lausanne par Migjen Basha. La rencontre se d\u00e9roule au stade Stade de Geneve.<\/p>\n","protected":false},"excerpt":{"rendered":"Retrouvez sur cette page la composition du match Servette \u2013 Lausanne en Super League suisse comptant pour Tour&hellip;\n","protected":false},"author":2,"featured_media":128554,"comment_status":"","ping_status":"","sticky":false,"template":"","format":"standard","meta":{"footnotes":"","_share_on_mastodon":"0"},"categories":[19],"tags":[33608,33607,33605,32835,33606,32834,182,177,33613,33611,33609,33610,33612,23,32833],"class_list":["post-128553","post","type-post","status-publish","format-standard","has-post-thumbnail","category-lausanne","tag-composition-de-lausanne","tag-composition-de-servette","tag-composition-du-match-servette-lausanne","tag-composition-match","tag-composition-servette-lausanne","tag-compositions-super-league-suisse","tag-football","tag-lausanne","tag-lausanne-vs-servette","tag-numeros-de-maillot-servette-vs-lausanne","tag-onze-de-depart-servette-vs-lausanne","tag-remplacants-servette-vs-lausanne","tag-servette-vs-lausanne","tag-suisse","tag-super-league-suisse"],"share_on_mastodon":{"url":"https:\/\/pubeurope.com\/@ch_fr\/116563091411553012","error":""},"_links":{"self":[{"href":"https:\/\/www.europesays.com\/ch-fr\/wp-json\/wp\/v2\/posts\/128553","targetHints":{"allow":["GET"]}}],"collection":[{"href":"https:\/\/www.europesays.com\/ch-fr\/wp-json\/wp\/v2\/posts"}],"about":[{"href":"https:\/\/www.europesays.com\/ch-fr\/wp-json\/wp\/v2\/types\/post"}],"author":[{"embeddable":true,"href":"https:\/\/www.europesays.com\/ch-fr\/wp-json\/wp\/v2\/users\/2"}],"replies":[{"embeddable":true,"href":"https:\/\/www.europesays.com\/ch-fr\/wp-json\/wp\/v2\/comments?post=128553"}],"version-history":[{"count":0,"href":"https:\/\/www.europesays.com\/ch-fr\/wp-json\/wp\/v2\/posts\/128553\/revisions"}],"wp:featuredmedia":[{"embeddable":true,"href":"https:\/\/www.europesays.com\/ch-fr\/wp-json\/wp\/v2\/media\/128554"}],"wp:attachment":[{"href":"https:\/\/www.europesays.com\/ch-fr\/wp-json\/wp\/v2\/media?parent=128553"}],"wp:term":[{"taxonomy":"category","embeddable":true,"href":"https:\/\/www.europesays.com\/ch-fr\/wp-json\/wp\/v2\/categories?post=128553"},{"taxonomy":"post_tag","embeddable":true,"href":"https:\/\/www.europesays.com\/ch-fr\/wp-json\/wp\/v2\/tags?post=128553"}],"curies":[{"name":"wp","href":"https:\/\/api.w.org\/{rel}","templated":true}]}}