{"id":134084,"date":"2026-05-16T18:12:15","date_gmt":"2026-05-16T18:12:15","guid":{"rendered":"https:\/\/www.europesays.com\/ch-fr\/134084\/"},"modified":"2026-05-16T18:12:15","modified_gmt":"2026-05-16T18:12:15","slug":"composition-du-match-lausanne-grasshopper","status":"publish","type":"post","link":"https:\/\/www.europesays.com\/ch-fr\/134084\/","title":{"rendered":"Composition du match Lausanne \u2013 Grasshopper"},"content":{"rendered":"<p>Retrouvez sur cette page la composition du match Lausanne \u2013 Grasshopper en Super League suisse comptant pour Tour 38, le samedi 16-05-2026, ainsi que les rempla\u00e7ants et les joueurs absents. Lausanne \u00e9volue en 4-3-1-2 sous la conduite de Mouanga tandis que Grasshopper se pr\u00e9sente en 4-2-3-1 sous la conduite de Marques. Lausanne est dirig\u00e9 par Migjen Basha, Grasshopper par Gernot Messner. La rencontre se d\u00e9roule au stade Stade de la Tuiliere.<\/p>\n","protected":false},"excerpt":{"rendered":"Retrouvez sur cette page la composition du match Lausanne \u2013 Grasshopper en Super League suisse comptant pour Tour&hellip;\n","protected":false},"author":2,"featured_media":134085,"comment_status":"","ping_status":"","sticky":false,"template":"","format":"standard","meta":{"footnotes":"","_share_on_mastodon":"0"},"categories":[19],"tags":[32827,33608,34778,34779,32835,32834,182,34784,177,34783,34782,34780,34781,23,32833],"class_list":["post-134084","post","type-post","status-publish","format-standard","has-post-thumbnail","category-lausanne","tag-composition-de-grasshopper","tag-composition-de-lausanne","tag-composition-du-match-lausanne-grasshopper","tag-composition-lausanne-grasshopper","tag-composition-match","tag-compositions-super-league-suisse","tag-football","tag-grasshopper-vs-lausanne","tag-lausanne","tag-lausanne-vs-grasshopper","tag-numeros-de-maillot-lausanne-vs-grasshopper","tag-onze-de-depart-lausanne-vs-grasshopper","tag-remplacants-lausanne-vs-grasshopper","tag-suisse","tag-super-league-suisse"],"share_on_mastodon":{"url":"https:\/\/pubeurope.com\/@ch_fr\/116585610756842600","error":""},"_links":{"self":[{"href":"https:\/\/www.europesays.com\/ch-fr\/wp-json\/wp\/v2\/posts\/134084","targetHints":{"allow":["GET"]}}],"collection":[{"href":"https:\/\/www.europesays.com\/ch-fr\/wp-json\/wp\/v2\/posts"}],"about":[{"href":"https:\/\/www.europesays.com\/ch-fr\/wp-json\/wp\/v2\/types\/post"}],"author":[{"embeddable":true,"href":"https:\/\/www.europesays.com\/ch-fr\/wp-json\/wp\/v2\/users\/2"}],"replies":[{"embeddable":true,"href":"https:\/\/www.europesays.com\/ch-fr\/wp-json\/wp\/v2\/comments?post=134084"}],"version-history":[{"count":0,"href":"https:\/\/www.europesays.com\/ch-fr\/wp-json\/wp\/v2\/posts\/134084\/revisions"}],"wp:featuredmedia":[{"embeddable":true,"href":"https:\/\/www.europesays.com\/ch-fr\/wp-json\/wp\/v2\/media\/134085"}],"wp:attachment":[{"href":"https:\/\/www.europesays.com\/ch-fr\/wp-json\/wp\/v2\/media?parent=134084"}],"wp:term":[{"taxonomy":"category","embeddable":true,"href":"https:\/\/www.europesays.com\/ch-fr\/wp-json\/wp\/v2\/categories?post=134084"},{"taxonomy":"post_tag","embeddable":true,"href":"https:\/\/www.europesays.com\/ch-fr\/wp-json\/wp\/v2\/tags?post=134084"}],"curies":[{"name":"wp","href":"https:\/\/api.w.org\/{rel}","templated":true}]}}