{"id":134709,"date":"2026-05-17T08:40:09","date_gmt":"2026-05-17T08:40:09","guid":{"rendered":"https:\/\/www.europesays.com\/ch-fr\/134709\/"},"modified":"2026-05-17T08:40:09","modified_gmt":"2026-05-17T08:40:09","slug":"dizaines-de-deces-suspects-a-zurich-lex-chirurgien-repond-2","status":"publish","type":"post","link":"https:\/\/www.europesays.com\/ch-fr\/134709\/","title":{"rendered":"Dizaines de d\u00e9c\u00e8s suspects \u00e0 Zurich: l&rsquo;ex-chirurgien r\u00e9pond"},"content":{"rendered":"<p>Mis en cause pour des d\u00e9c\u00e8s suspects \u00e0 l&rsquo;USZ de Zurich, Francesco Maisano d\u00e9nonce un \u00ablien erron\u00e9\u00bb entre ses m\u00e9thodes innovantes et la surmortalit\u00e9. Onze cas ont \u00e9t\u00e9 signal\u00e9s au minist\u00e8re public.<\/p>\n<p><a target=\"_self\" class=\"Blink__StyledNextLink-sc-daa3c157-1 ClickableContainer__StyledBlink-sc-c392684d-0 esvUDP\" rel=\"follow nofollow noopener\" href=\"https:\/\/www.blick.ch\/fr\/auteurs\/ats-agence-telegraphique-suisse-id19739987.html\"><img alt=\"sda-logo.jpeg\" loading=\"lazy\"\/><\/p>\n<p>ATS Agence t\u00e9l\u00e9graphique suisse<\/p>\n<p><\/a><\/p>\n<p>L&rsquo;ex-chirurgien cardiaque de l&rsquo;h\u00f4pital universitaire de Zurich (USZ) Francesco Maisano, mis en cause pour des d\u00e9c\u00e8s suspects entre 2016 et 2020, rejette les accusations. L&rsquo;h\u00f4pital de Milan, o\u00f9 il occupe actuellement le poste de m\u00e9decin-chef, a ordonn\u00e9 un audit.<\/p>\n<p>\u00ab\u00c0 Zurich, nous avons gard\u00e9 la porte ouverte m\u00eame pour les cas les plus complexes. Et c&rsquo;est pr\u00e9cis\u00e9ment gr\u00e2ce \u00e0 des techniques innovantes que nous avons limit\u00e9 les risques pour ces patients\u00bb, explique dans un entretien diffus\u00e9 dimanche par la NZZ am Sonntag M. Maisano, qui \u00e9tait aussi chef de clinique \u00e0 l&rsquo;h\u00f4pital zurichois. Il dit avoir \u00e9t\u00e9 engag\u00e9 \u00e0 l&rsquo;USZ pour promouvoir des techniques innovantes, comme le dispositif controvers\u00e9 Cardioband. \u00abL&rsquo;universit\u00e9 a re\u00e7u une part des recettes issues de mes collaborations avec l&rsquo;industrie.\u00bb<\/p>\n<p>Une enqu\u00eate ind\u00e9pendante mandat\u00e9e par l&rsquo;USZ a mis en \u00e9vidence une surmortalit\u00e9 significative de 68 \u00e0 74 d\u00e9c\u00e8s pour 4500 interventions r\u00e9alis\u00e9es d&rsquo;octobre 2014 \u00e0 mai 2020. L&rsquo;examen des 307 d\u00e9c\u00e8s survenus durant le mandat de Francesco Maisano a permis d&rsquo;identifier 75 interventions chirurgicales probl\u00e9matiques. Parmi ces cas, l&rsquo;h\u00f4pital a signal\u00e9 au minist\u00e8re public du canton de Zurich onze d\u00e9c\u00e8s \u00abinattendus\u00bb ainsi que l&rsquo;utilisation inappropri\u00e9e de dispositifs m\u00e9dicaux dans 13 cas.<\/p>\n<p>Ils se taisent<\/p>\n<p>Francesco Maisano salue dans la NZZ am Sonntag les enqu\u00eates men\u00e9es en Italie et se dit convaincu qu&rsquo;elles \u00abpermettront de faire la lumi\u00e8re sur cette affaire\u00bb. Mais ce qui le pr\u00e9occupe, c&rsquo;est \u00able silence de dizaines de coll\u00e8gues et d&rsquo;anciens collaborateurs\u00bb. Ils connaissent les faits et se taisent \u00abpour ne pas passer sous les roues\u00bb, ajoute-t-il. \u00abSi ceux qui sont au courant pouvaient s&rsquo;exprimer librement, nous en saurions davantage\u00bb.<\/p>\n<p>L&rsquo;ancien chef de clinique de l&rsquo;USZ dit ne pas \u00eatre un \u00abinnovateur sans scrupules\u00bb, comme certains m\u00e9dias le pr\u00e9sentent. Il assure avoir d\u00e9velopp\u00e9 des techniques et des appareils comme tout m\u00e9decin soucieux du bien-\u00eatre de ses patients et avec pour but d&rsquo;avoir des instruments plus s\u00fbrs et moins invasifs.<\/p>\n<p>\u00abToutes nos interventions innovantes ont \u00e9t\u00e9 enti\u00e8rement film\u00e9es et enregistr\u00e9es\u00bb, poursuit-il. Des centaines de sp\u00e9cialistes du monde entier sont venus \u00e0 Zurich \u00abpour observer nos techniques\u00bb et \u00abnous avons publi\u00e9 les r\u00e9sultats. Il y avait une transparence totale\u00bb.<\/p>\n<p>\u00abLien erron\u00e9\u00bb avec la mortalit\u00e9<\/p>\n<p>Concernant la surmortalit\u00e9 dans son ancien service, le chirurgien cardiaque souligne qu&rsquo;elle concerne principalement les interventions chirurgicales conventionnelles et non les proc\u00e9dures innovantes ou par cath\u00e9ter. \u00abC&rsquo;est l\u00e0 le point le plus pertinent sur le plan clinique qui fait le plus d\u00e9faut dans la couverture m\u00e9diatique, car celle-ci a \u00e9tabli un lien erron\u00e9 entre les interventions innovantes et la mortalit\u00e9\u00bb.<\/p>\n<p>Et il ne s&rsquo;agit que de onze cas qui ont \u00e9t\u00e9 port\u00e9s devant le parquet. Il a \u00e9t\u00e9 \u00e9tabli qu&rsquo;aucun \u00e9l\u00e9ment intentionnel n&rsquo;\u00e9tait identifiable comme cause des d\u00e9c\u00e8s. \u00abOnze cas en cinq ans sur un total d&rsquo;environ 4500 interventions\u00bb, pointe M. Maisano. Les patients ont \u00e9t\u00e9 inform\u00e9s avant les interventions des risques et du caract\u00e8re innovant des proc\u00e9dures, assure-t-il. Lors des entretiens avec les patients, il dit avoir \u00e9t\u00e9 accompagn\u00e9 d&rsquo;un assistant m\u00e9dical parlant leur langue maternelle.<\/p>\n","protected":false},"excerpt":{"rendered":"Mis en cause pour des d\u00e9c\u00e8s suspects \u00e0 l&rsquo;USZ de Zurich, Francesco Maisano d\u00e9nonce un \u00ablien erron\u00e9\u00bb entre&hellip;\n","protected":false},"author":2,"featured_media":134662,"comment_status":"","ping_status":"","sticky":false,"template":"","format":"standard","meta":{"footnotes":"","_share_on_mastodon":"0"},"categories":[16],"tags":[23,32],"class_list":["post-134709","post","type-post","status-publish","format-standard","has-post-thumbnail","category-zurich","tag-suisse","tag-zurich"],"share_on_mastodon":{"url":"https:\/\/pubeurope.com\/@ch_fr\/116589024253108100","error":""},"_links":{"self":[{"href":"https:\/\/www.europesays.com\/ch-fr\/wp-json\/wp\/v2\/posts\/134709","targetHints":{"allow":["GET"]}}],"collection":[{"href":"https:\/\/www.europesays.com\/ch-fr\/wp-json\/wp\/v2\/posts"}],"about":[{"href":"https:\/\/www.europesays.com\/ch-fr\/wp-json\/wp\/v2\/types\/post"}],"author":[{"embeddable":true,"href":"https:\/\/www.europesays.com\/ch-fr\/wp-json\/wp\/v2\/users\/2"}],"replies":[{"embeddable":true,"href":"https:\/\/www.europesays.com\/ch-fr\/wp-json\/wp\/v2\/comments?post=134709"}],"version-history":[{"count":0,"href":"https:\/\/www.europesays.com\/ch-fr\/wp-json\/wp\/v2\/posts\/134709\/revisions"}],"wp:featuredmedia":[{"embeddable":true,"href":"https:\/\/www.europesays.com\/ch-fr\/wp-json\/wp\/v2\/media\/134662"}],"wp:attachment":[{"href":"https:\/\/www.europesays.com\/ch-fr\/wp-json\/wp\/v2\/media?parent=134709"}],"wp:term":[{"taxonomy":"category","embeddable":true,"href":"https:\/\/www.europesays.com\/ch-fr\/wp-json\/wp\/v2\/categories?post=134709"},{"taxonomy":"post_tag","embeddable":true,"href":"https:\/\/www.europesays.com\/ch-fr\/wp-json\/wp\/v2\/tags?post=134709"}],"curies":[{"name":"wp","href":"https:\/\/api.w.org\/{rel}","templated":true}]}}