{"id":137513,"date":"2026-05-19T11:18:10","date_gmt":"2026-05-19T11:18:10","guid":{"rendered":"https:\/\/www.europesays.com\/ch-fr\/137513\/"},"modified":"2026-05-19T11:18:10","modified_gmt":"2026-05-19T11:18:10","slug":"ncis-cette-regle-surprenante-de-gibbs-que-mark-harmon-continue-de-suivre-au-quotidien","status":"publish","type":"post","link":"https:\/\/www.europesays.com\/ch-fr\/137513\/","title":{"rendered":"NCIS : Cette r\u00e8gle surprenante de Gibbs que Mark Harmon continue de suivre au quotidien"},"content":{"rendered":"<p>Dans NCIS, Gibbs agit avec droiture et applique des r\u00e8gles de conduites pr\u00e9cises et parfois rigides&#8230; Marqu\u00e9 par son personnage, Mark Harmon a d&rsquo;ailleurs adopt\u00e9 certaines d&rsquo;entre elles qu&rsquo;il continue de suivre aujourd&rsquo;hui dans son quotidien. D\u00e9couvrez laquelle !<\/p>\n<p>Difficile pour un acteur de ne pas se laisser influence par un personnage qu&rsquo;il a jou\u00e9 pendant dix-neuf saisons. Et ce n&rsquo;est pas <a href=\"https:\/\/www.programme-tv.net\/news\/series-tv\/384894-ncis-cette-obsession-de-gibbs-est-directement-inspiree-de-lacteur-mark-harmon\/\" data-api-deeplink=\"teleloisirs:\/\/news\/384894\" rel=\"nofollow noopener\" target=\"_blank\">Mark Harmon<\/a> qui dira le contraire ! Comme il l&rsquo;a expliqu\u00e9 dans le podcast officiel NCIS : Partners &amp; Probies, l&rsquo;acteur a confi\u00e9 qu&rsquo;il avait fait siennes certaines des c\u00e9l\u00e8bres r\u00e8gles \u00e9dict\u00e9es par son personnage, Leroy Jethro Gibbs, lorsqu&rsquo;il \u00e9tait \u00e0 la tte du NCIS. Interrog\u00e9 sur sa r\u00e8gle pr\u00e9f\u00e9r\u00e9e, il a r\u00e9pondu qu&rsquo;il s&rsquo;agissait de la num\u00e9ro 9.<\/p>\n<p>La fameuse r\u00e8gle num\u00e9ro 9 stipule : \u00ab\u00a0Ne pars jamais sans un couteau\u00a0\u00bb, \u00ab\u00a0une r\u00e8gle qui lui convient bien\u00a0\u00bb. D&rsquo;ailleurs, pour illustrer qu&rsquo;il l&rsquo;appliquait dans la vie de tous les jours, Mark Harmon a sorti un couteau suisse de sa poche lors de l&rsquo;interview. \u00ab\u00a0Vous seriez surpris de voir \u00e0 quel point c&rsquo;est utile\u00a0\u00bb, souligne l&rsquo;acteur qui assure que c&rsquo;est \u00ab\u00a0utile\u00a0\u00bb. Cette r\u00e8gle a \u00e9t\u00e9 introduite pour la premi\u00e8re fois <a href=\"https:\/\/www.programme-tv.net\/news\/series-tv\/390916-ncis-ce-netait-pas-ce-que-javais-en-tete-pourquoi-mark-harmon-a-ete-tres-surpris-au-debut-de-la-serie\/\" data-api-deeplink=\"teleloisirs:\/\/news\/390916\" rel=\"nofollow noopener\" target=\"_blank\">d\u00e9s le d\u00e9but de NCIS<\/a>.<\/p>\n<p>                        Les c\u00e9l\u00e8bres r\u00e8gles de Gibbs ont fini par d\u00e9teindre sur Mark Harmon<\/p>\n<p>Mark Harmon fait toutefois une mise en garde : \u00ab\u00a0On peut parfois oublier \u00e7a quand on monte dans un avion, ils vous prennent votre petit couteau de poche, et il dispara\u00eet\u00a0\u00bb. Une m\u00e9saventure qui lui est d&rsquo;ailleurs arriv\u00e9e alors, la prochaine fois que vous prenez l&rsquo;avion, videz vos poches ! Dans NCIS, cette r\u00e8gle est loin d&rsquo;\u00eatre la seule que <a href=\"https:\/\/www.programme-tv.net\/news\/series-tv\/397805-ncis-les-fans-disent-ce-quils-pensent-vraiment-de-gibbs\/\" data-api-deeplink=\"teleloisirs:\/\/news\/397805\" rel=\"nofollow noopener\" target=\"_blank\">Gibbs<\/a> a \u00e9nonc\u00e9e au fil des ans&#8230;<\/p>\n<p>Il en a \u00e9dict\u00e9 des dizaines qu&rsquo;il souhaitait que ses co\u00e9quipiers appliquent dans leur travail. Une sorte de code de conduite \u00e0 suivre, qui vient sans doute du pass\u00e9 de l&rsquo;ancien Marine. Parmi elles, figure la r\u00e8gle n\u00b0 10 : \u00ab\u00a0Ne t&rsquo;implique jamais personnellement dans une affaire\u00a0\u00bb. La r\u00e8gle n\u00b0 51, quant \u00e0 elle, stipule : \u00ab\u00a0Parfois, tu te trompes\u00a0\u00bb.<\/p>\n<p>La r\u00e8gle num\u00e9ro 12 &#8211; \u00ab\u00a0Ne jamais sortir avec un coll\u00e8gue\u00a0\u00bb &#8211; n&rsquo;a, en revanche, pas vraiment \u00e9t\u00e9 suivie au pied de la lettre&#8230;  Le couple Tony DiNozzo et Ziva David en est le parfait exemple ! Leur relation est n\u00e9e gr\u00e2ce \u00e0 leur travail. Les deux personnages ont marqu\u00e9 la s\u00e9rie, au point qu&rsquo;une s\u00e9rie d\u00e9riv\u00e9e leur est m\u00eame consacr\u00e9e : NCIS Tony &amp; Ziva. La premi\u00e8re saison est sortie <a href=\"https:\/\/www.programme-tv.net\/news\/series-tv\/394944-tony-ziva-on-connait-la-date-de-diffusion-sur-m6-du-nouveau-spin-off-de-ncis-avec-michael-weatherly-et-cote-de-pablo\/\" data-api-deeplink=\"teleloisirs:\/\/news\/394944\" rel=\"nofollow noopener\" target=\"_blank\">sur M6 en janvier 2026<\/a>. Et il ne sont pas les seuls \u00e0 avoir enfreint cette r\u00e8gle dans NCIS. <\/p>\n<p>Article \u00e9crit en collaboration avec 6Medias<\/p>\n","protected":false},"excerpt":{"rendered":"Dans NCIS, Gibbs agit avec droiture et applique des r\u00e8gles de conduites pr\u00e9cises et parfois rigides&#8230; Marqu\u00e9 par&hellip;\n","protected":false},"author":2,"featured_media":137514,"comment_status":"","ping_status":"","sticky":false,"template":"","format":"standard","meta":{"footnotes":"","_share_on_mastodon":"0"},"categories":[13],"tags":[3267,489,113,112,35264,19284,3266,23,487,142],"class_list":["post-137513","post","type-post","status-publish","format-standard","has-post-thumbnail","category-television","tag-amazon-prime-vidu00e9o","tag-commentaire","tag-divertissement","tag-entertainment","tag-mark-harmon","tag-ncis","tag-pub-streaming-prime-video","tag-suisse","tag-svod","tag-television"],"share_on_mastodon":{"url":"https:\/\/pubeurope.com\/@ch_fr\/116600969871381613","error":""},"_links":{"self":[{"href":"https:\/\/www.europesays.com\/ch-fr\/wp-json\/wp\/v2\/posts\/137513","targetHints":{"allow":["GET"]}}],"collection":[{"href":"https:\/\/www.europesays.com\/ch-fr\/wp-json\/wp\/v2\/posts"}],"about":[{"href":"https:\/\/www.europesays.com\/ch-fr\/wp-json\/wp\/v2\/types\/post"}],"author":[{"embeddable":true,"href":"https:\/\/www.europesays.com\/ch-fr\/wp-json\/wp\/v2\/users\/2"}],"replies":[{"embeddable":true,"href":"https:\/\/www.europesays.com\/ch-fr\/wp-json\/wp\/v2\/comments?post=137513"}],"version-history":[{"count":0,"href":"https:\/\/www.europesays.com\/ch-fr\/wp-json\/wp\/v2\/posts\/137513\/revisions"}],"wp:featuredmedia":[{"embeddable":true,"href":"https:\/\/www.europesays.com\/ch-fr\/wp-json\/wp\/v2\/media\/137514"}],"wp:attachment":[{"href":"https:\/\/www.europesays.com\/ch-fr\/wp-json\/wp\/v2\/media?parent=137513"}],"wp:term":[{"taxonomy":"category","embeddable":true,"href":"https:\/\/www.europesays.com\/ch-fr\/wp-json\/wp\/v2\/categories?post=137513"},{"taxonomy":"post_tag","embeddable":true,"href":"https:\/\/www.europesays.com\/ch-fr\/wp-json\/wp\/v2\/tags?post=137513"}],"curies":[{"name":"wp","href":"https:\/\/api.w.org\/{rel}","templated":true}]}}