{"id":141785,"date":"2026-05-22T07:07:20","date_gmt":"2026-05-22T07:07:20","guid":{"rendered":"https:\/\/www.europesays.com\/ch-fr\/141785\/"},"modified":"2026-05-22T07:07:20","modified_gmt":"2026-05-22T07:07:20","slug":"il-y-a-65-ans-geneve-et-lausanne-organisaient-les-mondiaux-de-hockey-sur-glace","status":"publish","type":"post","link":"https:\/\/www.europesays.com\/ch-fr\/141785\/","title":{"rendered":"Il y a 65 ans, Gen\u00e8ve et Lausanne organisaient les Mondiaux de hockey sur glace"},"content":{"rendered":"<p>Le Championnat du monde de hockey sur glace se d\u00e9roule actuellement \u00e0 Fribourg et Zurich. Il y a 65 ans, en 1961, les villes de Gen\u00e8ve et Lausanne accueillaient la comp\u00e9tition. Budget, niveau de l&rsquo;\u00e9quipe suisse, infrastructures : les archives nous permettent de mesurer le foss\u00e9 entre l&rsquo;\u00e9v\u00e9nement du d\u00e9but des ann\u00e9es 60 et la r\u00e9alit\u00e9 d&rsquo;aujourd&rsquo;hui.<\/p>\n<p>Budget : 50 millions en 2026 et 850 000 francs en 1961<\/p>\n<p>Le Championnat du monde 2026 a commenc\u00e9 le 15 mai et se poursuit jusqu&rsquo;au 31 mai, avec Zurich et Fribourg comme villes h\u00f4tes. Le budget de la comp\u00e9tition s&rsquo;\u00e9l\u00e8ve \u00e0 50 millions de francs. Les trois quarts de cette somme seront couverts par les recettes de la billetterie et de l&rsquo;hospitalit\u00e9 (prestations VIP et services personnalis\u00e9s). Le canton de Fribourg a contribu\u00e9 \u00e0 hauteur de 3 millions de francs, la Ville de Fribourg a investi 1,3 million et le HC Fribourg Gott\u00e9ron 800 000 francs. Zurich, de son c\u00f4t\u00e9, a consacr\u00e9 4 millions de francs \u00e0 l&rsquo;organisation de l&rsquo;\u00e9v\u00e9nement, qui est diffus\u00e9 dans plus de 180 pays.<\/p>\n<p>   <img decoding=\"async\" class=\"embed-responsive-item\" loading=\"lazy\" src=\"https:\/\/www.europesays.com\/ch-fr\/wp-content\/uploads\/2026\/05\/bpba42-29249477.image.jpeg\" alt=\"Installation des infrastructures pour les m\u00e9dias, BCF Arena de Fribourg. [KEYSTONE - ALESSANDRO DELLA VALLE]\"\/>    2026 : Zurich et Fribourg accueillent les championnats du monde de hockey sur glace \/ 19h30 \/ 2 min. \/ le 15 mai 2026 <\/p>\n<p>Les co\u00fbts d&rsquo;organisation des Mondiaux de 1961, quant \u00e0 eux, ont \u00e9t\u00e9 essentiellement support\u00e9s par les deux villes organisatrices, Gen\u00e8ve et Lausanne. Ils s&rsquo;\u00e9levaient \u00e0 850 000 francs. Les organisateurs comptaient sur la vente des billets pour \u00e9ponger une partie des frais. Ils b\u00e9n\u00e9ficiaient \u00e9galement d&rsquo;une contribution de la t\u00e9l\u00e9vision romande (TSR), qui a retransmis les matchs en Eurovision pour 18 pays. Lausanne et Gen\u00e8ve se partageaient l&rsquo;accueil des \u00e9quipes et de leur staff, soit environ 400 personnes. Le logement des \u00e9quipes, la pr\u00e9paration des repas et le transport des joueurs constituaient les principaux soucis des organisateurs.<\/p>\n<p>   <img decoding=\"async\" class=\"embed-responsive-item\" loading=\"lazy\" src=\"https:\/\/www.europesays.com\/ch-fr\/wp-content\/uploads\/2026\/05\/sacx6v-29249488.image.jpeg\" alt=\"Arriv\u00e9e \u00e0 l'a\u00e9roport de Gen\u00e8ve de participants aux Mondiaux de hockey sur glace de 1961\"\/>    Le budget \/ Edition Archives \/ 2 min. \/ mercredi \u00e0 02:00 C\u00f4t\u00e9 sport : une Suisse ambitieuse en 2026 et modeste en 1961<\/p>\n<p>16 \u00e9quipes, r\u00e9parties en deux groupes, participent cette ann\u00e9e \u00e0 la comp\u00e9tition. La premi\u00e8re partie du tournoi se joue entre les \u00e9quipes de chaque groupe. Les 4 premiers du classement acc\u00e8dent aux quarts de finale. D\u00e9tenteurs du titre, les USA figurent parmi les favoris, comme le Canada et la Su\u00e8de. Mais la Suisse, cinq fois vice-championne, a aussi toutes ses chances. Roman Josi, Janis Moser, Nico Hischier, Timo Meier et Nino Niderreiter : l&rsquo;\u00e9quipe peut compter sur le talents et l&rsquo;exp\u00e9rience de 6 hockeyeurs suisses jouant en NHL. Et les r\u00e9sultats sont l\u00e0, ave 5 victoires en 5 matchs et une qualification en quart de finale.<\/p>\n<p> <img decoding=\"async\" src=\"https:\/\/www.europesays.com\/ch-fr\/wp-content\/uploads\/2026\/05\/l0zh8s-29249290.image.jpeg\" alt=\"L'\u00e9quipe suisse aux Mondiaux de hockey 2026 [KEYSTONE - ANDREAS BECKER]\" title=\"L'\u00e9quipe suisse aux Mondiaux de hockey 2026 [KEYSTONE - ANDREAS BECKER]\" loading=\"lazy\"\/>  L&rsquo;\u00e9quipe suisse aux Mondiaux de hockey 2026 [KEYSTONE &#8211; ANDREAS BECKER] <\/p>\n<p>En 1961, 20 \u00e9quipes sont engag\u00e9es dans la comp\u00e9tition, ce qui constitue un record. La f\u00e9d\u00e9ration internationale de hockey d\u00e9cide de cr\u00e9er 3 groupes de niveau. Les nations favorites du groupe A sont l&rsquo;URSS, la Su\u00e8de et le Canada. La Suisse ne joue pas encore dans la cour des grands. Comptant notamment dans son effectif Jean Ayer, gardien de but \u00e0 Villard, Fritz Naef, attaquant au Servette HC ou encore Michel Wehrli, joueur-entra\u00eeneur au HC Lausanne, elle perd son match de barrage contre l&rsquo;Allemagne de l&rsquo;Ouest et ne parvient pas \u00e0 se qualifier dans le premier groupe. Au final, le Canada s&rsquo;impose devant l&rsquo;\u00e9quipe de Tch\u00e9coslovaquie, qui cr\u00e9e la surprise. La Suisse termine 3e du groupe B.<\/p>\n<p> <img decoding=\"async\" src=\"https:\/\/www.europesays.com\/ch-fr\/wp-content\/uploads\/2026\/05\/mczfam-29248538.image.jpeg\" alt=\"La Suisse affronte l'Italie aux Vernets, lors des championnats du monde de hockey de 1961 [KEYSTONE - STR]\" title=\"La Suisse affronte l'Italie aux Vernets, lors des championnats du monde de hockey de 1961 [KEYSTONE - STR]\" loading=\"lazy\"\/>  La Suisse affronte l&rsquo;Italie aux Vernets, lors des championnats du monde de hockey de 1961 [KEYSTONE &#8211; STR] Infrastructures : des \u00ab\u00a0Arena\u00a0\u00bb en 2026 et deux patinoires de qualit\u00e9 tr\u00e8s diff\u00e9rente en 1961<\/p>\n<p>Avec ses 12 000 places, la SwissLife Arena de Zurich d\u00e9passe de 2500 places les capacit\u00e9s de la BCF Arena de Fribourg. C&rsquo;est dans la ville al\u00e9manique qu&rsquo;ont lieu tous les matchs de l&rsquo;\u00e9quipe suisse ainsi que le tour final de ces Mondiaux 2026.<\/p>\n<p> <img decoding=\"async\" src=\"https:\/\/www.europesays.com\/ch-fr\/wp-content\/uploads\/2026\/05\/g0m8ro-29249120.image.jpeg\" alt=\"La Swiss Life Arena de Zurich [KEYSTONE - CHRISTIAN BEUTLER]\" title=\"La Swiss Life Arena de Zurich [KEYSTONE - CHRISTIAN BEUTLER]\" loading=\"lazy\"\/>  La Swiss Life Arena de Zurich [KEYSTONE &#8211; CHRISTIAN BEUTLER] <\/p>\n<p>Inaugur\u00e9e en 1958, la patinoire des Vernets est consid\u00e9r\u00e9e comme l&rsquo;une des plus modernes de l&rsquo;\u00e9poque. Quand Gen\u00e8ve se porte candidate \u00e0 l&rsquo;organisation du championnat du monde de 1961, cette donn\u00e9e joue en sa faveur. La patinoire est couverte, ce qui est encore peu courant, et peut accueillir 10000 spectateurs. Pour l&rsquo;occasion, elle se dote de gradins suppl\u00e9mentaires qui lui permettent, avec 2000 places en plus d&rsquo;\u00e9galer la capacit\u00e9 d&rsquo;accueil de la Zurich Arena ! La patinoire de Montchoisi, \u00e0 Lausanne, n&rsquo;a pas ces atouts : datant de 1938, elle n&rsquo;a pas de toit, et ne dispose que d&rsquo;un peu plus de 8000 places. Et en cas de mauvais temps, il n&rsquo;y a pas d&rsquo;autre choix que de reporter les matchs.<\/p>\n<p> <img decoding=\"async\" src=\"https:\/\/www.europesays.com\/ch-fr\/wp-content\/uploads\/2026\/05\/ax470j-29249417.image.jpeg\" alt=\"Les patinoires de Montchoisi (Lausanne) et des Vernets (Gen\u00e8ve) en 1961. [RTS]\" title=\"Les patinoires de Montchoisi (Lausanne) et des Vernets (Gen\u00e8ve) en 1961. [RTS]\" loading=\"lazy\"\/>  Les patinoires de Montchoisi (Lausanne) et des Vernets (Gen\u00e8ve) en 1961. [RTS] <\/p>\n<p>Les organisateurs souhaitent accueillir dignement les journalistes, les photographes et les cameramen. Gen\u00e8ve s&rsquo;enorgueillit d&rsquo;une salle de presse avec t\u00e9l\u00e9phone et t\u00e9lex, dont une liaison directe avec Lausanne.<\/p>\n<p>   <img decoding=\"async\" class=\"embed-responsive-item\" loading=\"lazy\" src=\"https:\/\/www.europesays.com\/ch-fr\/wp-content\/uploads\/2026\/05\/vhb0tk-29249529.image.jpeg\" alt=\"Des t\u00e9l\u00e9phones pour les commentateurs des Mondiaux de hockey sur glace en 1961 [RTS]\"\/>    Les infrastructures \/ Edition Archives \/ 4 min. \/ mercredi \u00e0 02:00 <\/p>\n<p class=\"sources\">Sophie Meyer et Martine Cameroni pour RTS archives<\/p>\n","protected":false},"excerpt":{"rendered":"Le Championnat du monde de hockey sur glace se d\u00e9roule actuellement \u00e0 Fribourg et Zurich. Il y a&hellip;\n","protected":false},"author":2,"featured_media":141786,"comment_status":"","ping_status":"","sticky":false,"template":"","format":"standard","meta":{"footnotes":"","_share_on_mastodon":"0"},"categories":[4],"tags":[22,8194,735,3446,869,1009,2320,2250,5494,493,219,721,1373,21,2150,5496,186,23,1375],"class_list":["post-141785","post","type-post","status-publish","format-standard","has-post-thumbnail","category-actualites","tag-actualites","tag-archives","tag-budget","tag-championnat-du-monde-de-hockey-sur-glace","tag-competition","tag-competition-sportive","tag-evenement","tag-geneve-servette-hockey-club","tag-grands-formats","tag-hockey","tag-hockey-sur-glace","tag-infrastructure","tag-lausanne-hockey-club","tag-news","tag-organisation","tag-rts-archives","tag-sport","tag-suisse","tag-zurcher-schlittschuh-club-lions"],"share_on_mastodon":{"url":"https:\/\/pubeurope.com\/@ch_fr\/116616969877139511","error":""},"_links":{"self":[{"href":"https:\/\/www.europesays.com\/ch-fr\/wp-json\/wp\/v2\/posts\/141785","targetHints":{"allow":["GET"]}}],"collection":[{"href":"https:\/\/www.europesays.com\/ch-fr\/wp-json\/wp\/v2\/posts"}],"about":[{"href":"https:\/\/www.europesays.com\/ch-fr\/wp-json\/wp\/v2\/types\/post"}],"author":[{"embeddable":true,"href":"https:\/\/www.europesays.com\/ch-fr\/wp-json\/wp\/v2\/users\/2"}],"replies":[{"embeddable":true,"href":"https:\/\/www.europesays.com\/ch-fr\/wp-json\/wp\/v2\/comments?post=141785"}],"version-history":[{"count":0,"href":"https:\/\/www.europesays.com\/ch-fr\/wp-json\/wp\/v2\/posts\/141785\/revisions"}],"wp:featuredmedia":[{"embeddable":true,"href":"https:\/\/www.europesays.com\/ch-fr\/wp-json\/wp\/v2\/media\/141786"}],"wp:attachment":[{"href":"https:\/\/www.europesays.com\/ch-fr\/wp-json\/wp\/v2\/media?parent=141785"}],"wp:term":[{"taxonomy":"category","embeddable":true,"href":"https:\/\/www.europesays.com\/ch-fr\/wp-json\/wp\/v2\/categories?post=141785"},{"taxonomy":"post_tag","embeddable":true,"href":"https:\/\/www.europesays.com\/ch-fr\/wp-json\/wp\/v2\/tags?post=141785"}],"curies":[{"name":"wp","href":"https:\/\/api.w.org\/{rel}","templated":true}]}}