{"id":143805,"date":"2026-05-23T17:09:22","date_gmt":"2026-05-23T17:09:22","guid":{"rendered":"https:\/\/www.europesays.com\/ch-fr\/143805\/"},"modified":"2026-05-23T17:09:22","modified_gmt":"2026-05-23T17:09:22","slug":"le-britannique-george-russell-remporte-la-course-sprint-du-gp-du-canada","status":"publish","type":"post","link":"https:\/\/www.europesays.com\/ch-fr\/143805\/","title":{"rendered":"Le Britannique George Russell remporte la course sprint du GP du Canada"},"content":{"rendered":"<p>George Russell a remport\u00e9 la course sprint du GP du Canada. Parti en pole, le Britannique s&rsquo;est impos\u00e9 devant son compatriote Lando Norris et son co\u00e9quipier italien Kimi Antonelli.<\/p>\n<p>Au cours d&rsquo;une bataille tr\u00e8s tendue entre les deux Mercedes de Russell et Antonelli, le prodige italien de 19 ans a tent\u00e9 par deux fois de doubler le Britannique et \u00e0 deux reprises il a d\u00fb couper par l&rsquo;herbe.<\/p>\n<p>Antonelli s&rsquo;est alors fait doubler par Norris et s&rsquo;est \u00e9nerv\u00e9 sur la radio interne, r\u00e9clamant une \u00ab\u00a0p\u00e9nalit\u00e9\u00a0\u00bb contre Russell qui l&rsquo;avait selon lui emp\u00each\u00e9 de le d\u00e9passer avec une \u00ab\u00a0vilaine\u00a0\u00bb manoeuvre.<\/p>\n<p>Le patron de Mercedes F1 Toto Wolff a d\u00fb intervenir pour demander \u00e0 son jeune prot\u00e9g\u00e9 de se \u00ab\u00a0concentrer\u00a0\u00bb sur son pilotage au lieu de se plaindre \u00e0 la radio.<\/p>\n<p>Russell revient \u00e0 18 points d&rsquo;Antonelli<\/p>\n<p>Cette victoire permet \u00e0 Russell de revenir \u00e0 18 points d&rsquo;Antonelli au championnat des pilotes. A noter que la journ\u00e9e n&rsquo;est pas finie puisque les qualifications pour le Grand Prix de dimanche auront lieu ce soir (\u00e0 suivre d\u00e8s 22h00 sur RTSsport).<\/p>\n<p class=\"sources\">afp\/pza<\/p>\n","protected":false},"excerpt":{"rendered":"George Russell a remport\u00e9 la course sprint du GP du Canada. Parti en pole, le Britannique s&rsquo;est impos\u00e9&hellip;\n","protected":false},"author":2,"featured_media":143806,"comment_status":"","ping_status":"","sticky":false,"template":"","format":"standard","meta":{"footnotes":"","_share_on_mastodon":"0"},"categories":[8],"tags":[13527,377,1597,1006,11791,9076,13528,2481,27065,21143,13530,36368,186,75,10421,23,1224],"class_list":["post-143805","post","type-post","status-publish","format-standard","has-post-thumbnail","category-sports","tag-andrea-kimi-antonelli","tag-automobile","tag-aviateur","tag-course","tag-f1","tag-formule-1","tag-george-russell","tag-grande-bretagne","tag-lando-norris","tag-mclaren","tag-mercedes","tag-resultats-et-classements-canada","tag-sport","tag-sports","tag-sprint","tag-suisse","tag-victoire"],"share_on_mastodon":{"url":"https:\/\/pubeurope.com\/@ch_fr\/116624999372896474","error":""},"_links":{"self":[{"href":"https:\/\/www.europesays.com\/ch-fr\/wp-json\/wp\/v2\/posts\/143805","targetHints":{"allow":["GET"]}}],"collection":[{"href":"https:\/\/www.europesays.com\/ch-fr\/wp-json\/wp\/v2\/posts"}],"about":[{"href":"https:\/\/www.europesays.com\/ch-fr\/wp-json\/wp\/v2\/types\/post"}],"author":[{"embeddable":true,"href":"https:\/\/www.europesays.com\/ch-fr\/wp-json\/wp\/v2\/users\/2"}],"replies":[{"embeddable":true,"href":"https:\/\/www.europesays.com\/ch-fr\/wp-json\/wp\/v2\/comments?post=143805"}],"version-history":[{"count":0,"href":"https:\/\/www.europesays.com\/ch-fr\/wp-json\/wp\/v2\/posts\/143805\/revisions"}],"wp:featuredmedia":[{"embeddable":true,"href":"https:\/\/www.europesays.com\/ch-fr\/wp-json\/wp\/v2\/media\/143806"}],"wp:attachment":[{"href":"https:\/\/www.europesays.com\/ch-fr\/wp-json\/wp\/v2\/media?parent=143805"}],"wp:term":[{"taxonomy":"category","embeddable":true,"href":"https:\/\/www.europesays.com\/ch-fr\/wp-json\/wp\/v2\/categories?post=143805"},{"taxonomy":"post_tag","embeddable":true,"href":"https:\/\/www.europesays.com\/ch-fr\/wp-json\/wp\/v2\/tags?post=143805"}],"curies":[{"name":"wp","href":"https:\/\/api.w.org\/{rel}","templated":true}]}}