{"id":144615,"date":"2026-05-24T10:13:32","date_gmt":"2026-05-24T10:13:32","guid":{"rendered":"https:\/\/www.europesays.com\/ch-fr\/144615\/"},"modified":"2026-05-24T10:13:32","modified_gmt":"2026-05-24T10:13:32","slug":"patrimoines-en-resistance-une-exposition-pour-combattre-leffacement-de-la-memoire","status":"publish","type":"post","link":"https:\/\/www.europesays.com\/ch-fr\/144615\/","title":{"rendered":"Patrimoines en r\u00e9sistance\u00a0: une exposition pour combattre l&rsquo;effacement de la m\u00e9moire"},"content":{"rendered":"<p><a href=\"https:\/\/www.france24.com\/fr\/20160205-mali-tombouctou-reconstruction-mausolees-ceremonie-jihadistes\" target=\"_self\" rel=\"nofollow noopener\">En 2012, les mausol\u00e9es\u00a0de Tombouctou<\/a>,\u00a0patrimoine mondial\u00a0de l\u2019Unesco depuis 1988,\u00a0s\u2019\u00e9croulent sous les coups\u00a0de pioche des djihadistes\u00a0d\u2019Ansar Dine. Pour la\u00a0premi\u00e8re fois, cette\u00a0destruction sera qualifi\u00e9e\u00a0de \u00ab\u00a0crime de guerre\u00a0\u00bb\u00a0par La Haye et une\u00a0mobilisation internationale\u00a0sans pr\u00e9c\u00e9dent s\u2019engage\u00a0pour reconstruire les sites\u00a0perdus.<\/p>\n<p>De Tombouctou \u00e0 <a href=\"https:\/\/www.france24.com\/fr\/tag\/odessa\/\" target=\"_self\" class=\"gtm-add-suggested-tag\" rel=\"nofollow noopener\">Odessa<\/a>, de B\u00e2miy\u00e2n \u00e0\u00a0Gaza, les m\u00eames faits et les m\u00eames actes\u00a0se sont depuis r\u00e9p\u00e9t\u00e9s. <a href=\"https:\/\/www.citedelarchitecture.fr\/fr\/agenda\/exposition\/patrimoines-en-resistance\" target=\"_blank\" rel=\"nofollow noopener\">Une exposition intitul\u00e9e \u00ab\u00a0Patrimoines en r\u00e9sistance\u00a0\u00bb<\/a> organis\u00e9e \u00e0 la Cit\u00e9 de l&rsquo;architecture et du patrimoine jusqu&rsquo;au 3 janvier 2027 revient sur ces conflits contemporains qui ont atteint ces tr\u00e9sors de l&rsquo;humanit\u00e9.\u00a0Face aux atteintes port\u00e9es au patrimoine, des mobilisations s\u2019organisent pour contrer les tentatives d&rsquo;effacement et de destruction. L&rsquo;exposition met aussi en valeur la restauration et la reconstruction de ces sites arch\u00e9ologiques.\u00a0<\/p>\n<p class=\"a-read-more\">\u00c0 lire aussi<a href=\"https:\/\/www.france24.com\/fr\/20160205-mali-tombouctou-reconstruction-mausolees-ceremonie-jihadistes\" target=\"_self\" class=\"a-read-more__link\" rel=\"nofollow noopener\">Tombouctou c\u00e9l\u00e8bre la reconstruction de ses mausol\u00e9es, d\u00e9truits par les jihadistes<\/a><\/p>\n<p> La mutilation de la cit\u00e9 antique de Palmyre <\/p>\n<p><img fetchpriority=\"low\" decoding=\"async\" src=\"https:\/\/www.europesays.com\/ch-fr\/wp-content\/uploads\/2026\/05\/06-Temple-de-B\u00eal-Palmyre-Syrie-AFP.jpeg\"   alt=\"Vestiges de la cella du temple de B\u00eal en Syrie, en mars 2016.\" style=\"max-height:554px\" loading=\"lazy\" class=\"a-img \"\/><\/p>\n<p>                Vestiges de la cella du temple de B\u00eal en Syrie, en mars 2016.                \u00a9 Phot. Joseph Eid \/ AFP            <\/p>\n<p>En juin 2014, l\u2019organisation \u00c9tat islamique (Daech) prend le contr\u00f4le de larges portions des territoires irakien et syrien, et son chef <a href=\"https:\/\/www.france24.com\/fr\/tag\/abou-bakr-al-baghdadi\/\" target=\"_self\" class=\"gtm-add-suggested-tag\" rel=\"nofollow noopener\">Abou Bakr al-Baghdadi<\/a> proclame le califat \u00e0 <a href=\"https:\/\/www.france24.com\/fr\/tag\/mossoul\/\" target=\"_self\" class=\"gtm-add-suggested-tag\" rel=\"nofollow noopener\">Mossoul<\/a>.\u00a0Un an plus tard, en juillet 2015, apr\u00e8s avoir annonc\u00e9 avoir min\u00e9 le site de <a href=\"https:\/\/www.france24.com\/fr\/tag\/palmyre\/\" target=\"_self\" class=\"gtm-add-suggested-tag\" rel=\"nofollow noopener\">Palmyre<\/a>, <a href=\"https:\/\/www.france24.com\/fr\/20150823-lei-a-fait-exploser-celebre-temple-cite-antique-palmyre\" target=\"_self\" rel=\"nofollow noopener\">les hommes de\u00a0Daech d\u00e9truisent la statue dite du Lion d\u2019Ath\u00e9na\u00a0(ou d\u2019Al-L\u00e2t), un relief en calcaire haut de 3 m\u00e8tres\u00a0d\u00e9couvert en 1977.<\/a><\/p>\n<p>Le 18 ao\u00fbt, l\u2019ancien directeur des Antiquit\u00e9s de Palmyre, Khaled al-Asaad, est tu\u00e9 par l\u2019organisation\u00a0\u00c9tat islamique. Dans les jours suivants sont d\u00e9truits\u00a0le temple de Baalshamin, celui de B\u00eal,\u00a0plusieurs tours fun\u00e9raires, ainsi que l\u2019arc de triomphe. <a href=\"https:\/\/www.france24.com\/fr\/20160401-2016-04-01-1609-syrie-palmyre-liberee-jihadistes-groupe-ei-devastee-mais-toujours-debout\" target=\"_self\" rel=\"nofollow noopener\">Entre d\u00e9cembre 2016 et mars 2017, Palmyre\u00a0a de nouveau \u00e9t\u00e9 occup\u00e9e par Daech<\/a>, et son th\u00e9\u00e2tre antique et le t\u00e9trapyle endommag\u00e9s. Toutes\u00a0ces destructions ont syst\u00e9matiquement \u00e9t\u00e9 accompagn\u00e9es de pillages alimentant le trafic illicite\u00a0d\u2019objets culturels.<\/p>\n<p class=\"a-read-more\">\u00c0 lire aussi<a href=\"https:\/\/www.france24.com\/fr\/vid\u00e9o\/20250722-syrie-d\u00e9truite-par-l-etat-islamique-palmyre-est-pr\u00eate-\u00e0-rena\u00eetre-de-ses-cendres\" target=\"_self\" class=\"a-read-more__link\" rel=\"nofollow noopener\">Syrie : d\u00e9truite par l&rsquo;Etat islamique, Palmyre est pr\u00eate \u00e0 rena\u00eetre de ses cendres<\/a><\/p>\n<p> La destruction m\u00e9diatis\u00e9e des bouddhas de la vall\u00e9e de\u00a0B\u00e2miy\u00e2n <\/p>\n<p><img fetchpriority=\"low\" decoding=\"async\" src=\"https:\/\/www.europesays.com\/ch-fr\/wp-content\/uploads\/2026\/05\/07-B\u00e2miy\u00e2n-Afghanistan-Iconem.jpg\"   alt=\"Falaise et superposition d'archive de la statue du grand Bouddha (Dipankara), B\u00e2miy\u00e2n, Afghanistan. Extrait d'un film Iconem.\" style=\"max-height:567px\" loading=\"lazy\" class=\"a-img \"\/><\/p>\n<p>                Falaise et superposition d&rsquo;archive de la statue du grand Bouddha (Dipankara), B\u00e2miy\u00e2n, Afghanistan. Extrait d&rsquo;un film Iconem.                \u00a9 Iconem \/Pascal Convert            <\/p>\n<p>En 1996, les talibans prennent le pouvoir en <a href=\"https:\/\/www.france24.com\/fr\/tag\/afghanistan\/\" target=\"_self\" class=\"gtm-add-suggested-tag\" rel=\"nofollow noopener\">Afghanistan<\/a>. <a href=\"https:\/\/www.france24.com\/fr\/asie-pacifique\/20210311-afghanistan-il-y-a-20-ans-la-destruction-des-bouddahs-de-bamiyan\" target=\"_self\" rel=\"nofollow noopener\">En mars 2001, ils proc\u00e8dent au dynamitage des deux bouddhas de la vall\u00e9e de B\u00e2miy\u00e2n,<\/a> dont ils diffusent largement les images. Des dommages moins m\u00e9diatis\u00e9s ont touch\u00e9 les anciennes grottes-sanctuaires aux vo\u00fbtes d\u00e9cor\u00e9es\u00a0de peintures.<\/p>\n<p>Comprise tout d\u2019abord comme un acte d\u2019extr\u00e9misme religieux, la destruction des deux bouddhas a ensuite \u00e9t\u00e9 analys\u00e9e comme la volont\u00e9 des Taliban d\u2019affirmer leur contr\u00f4le sur le territoire afghan dans un contexte de fortes tensions avec la communaut\u00e9 internationale. Parall\u00e8lement, des violences ont \u00e9t\u00e9 commises \u00e0 l\u2019encontre de la communaut\u00e9 hazara install\u00e9e au pied de la falaise, dont certaines pratiques culturelles \u00e9taient li\u00e9es aux bouddhas. Cette pers\u00e9cution n\u2019a cependant pas \u00e9t\u00e9 aussi relay\u00e9e dans les m\u00e9dias que la destruction des deux statues.<\/p>\n<p>En 2003, le site a \u00e9t\u00e9 inscrit au patrimoine mondial. L\u2019Unesco, avec ses partenaires, oeuvre depuis lors \u00e0 sa pr\u00e9servation, en documentant, en consolidant et en r\u00e9alisant des relev\u00e9s 3D du site et des niches. <a href=\"https:\/\/www.france24.com\/fr\/\u00e9missions\/les-observateurs\/20210915-emission-speciale-observateurs-vie-sous-taliban-2021-kaboul-durrani-haqqani\" target=\"_self\" rel=\"nofollow noopener\">Depuis le retour au pouvoir des Taliban le 15 ao\u00fbt 2021<\/a> avec la prise de la capitale Kaboul, le pays est plong\u00e9 dans une crise humanitaire d\u2019une ampleur sans pr\u00e9c\u00e9dent.<\/p>\n<p class=\"a-read-more\">\u00c0 lire aussi<a href=\"https:\/\/www.france24.com\/fr\/20080908-chercheurs-decouvrent-bouddha-a-bamiyan-afghanistan\" target=\"_self\" class=\"a-read-more__link\" rel=\"nofollow noopener\">Des chercheurs d\u00e9couvrent un Bouddha \u00e0 Bamiyan<\/a><\/p>\n<p> Faire revivre l&rsquo;esprit de Mossoul <\/p>\n<p><img fetchpriority=\"low\" decoding=\"async\" src=\"https:\/\/www.europesays.com\/ch-fr\/wp-content\/uploads\/2026\/05\/11-Mossoul-Irak-Iconem.jpg\"   alt=\"Restitution 3D de la mosqu\u00e9e al-Nouri, Mossoul, Irak.&#13;&#10;Extrait d'un film Iconem.\" style=\"max-height:567px\" loading=\"lazy\" class=\"a-img \"\/><\/p>\n<p>                Restitution 3D de la mosqu\u00e9e al-Nouri, Mossoul, Irak.&#13;<br \/>\nExtrait d&rsquo;un film Iconem.                \u00a9 Unesco\/Iconem            <\/p>\n<p>En 2003, les <a href=\"https:\/\/www.france24.com\/fr\/tag\/\u00e9tats-unis\/\" target=\"_self\" class=\"gtm-add-suggested-tag\" rel=\"nofollow noopener\">\u00c9tats-Unis<\/a> lancent l\u2019op\u00e9ration militaire \u00ab\u00a0Iraqi Freedom\u00a0\u00bb contre le r\u00e9gime de\u00a0<a href=\"https:\/\/www.france24.com\/fr\/tag\/saddam-hussein\/\" target=\"_self\" class=\"gtm-add-suggested-tag\" rel=\"nofollow noopener\">Saddam Hussein<\/a> en <a href=\"https:\/\/www.france24.com\/fr\/tag\/irak\/\" target=\"_self\" class=\"gtm-add-suggested-tag\" rel=\"nofollow noopener\">Irak<\/a>. Apr\u00e8s une occupation\u00a0de huit ans, les troupes am\u00e9ricaines se retirent.\u00a0L\u2019organisation terroriste \u00c9tat islamique (Daech) conquiert <a href=\"https:\/\/www.france24.com\/fr\/tag\/mossoul\/\" target=\"_self\" class=\"gtm-add-suggested-tag\" rel=\"nofollow noopener\">Mossoul<\/a> pendant l\u2019\u00e9t\u00e9 2014 et en fait\u00a0la capitale de l\u2019\u00c9tat islamique d\u2019Irak. En 2016,\u00a0la bataille pour la lib\u00e9ration de Mossoul d\u00e9truit\u00a0en grande partie la vieille ville.<\/p>\n<p><a href=\"https:\/\/www.france24.com\/fr\/\u00e9missions\/focus\/20230103-irak-mossoul-rena\u00eet-de-ses-cendres-cinq-ans-apr\u00e8s-sa-lib\u00e9ration\" target=\"_self\" rel=\"nofollow noopener\">\u00c0 partir de 2018, l\u2019Unesco m\u00e8ne l\u2019initiative \u00ab\u00a0Faire revivre l\u2019esprit de Mossoul\u00a0\u00bb,<\/a> qui met en oeuvre la r\u00e9habilitation de 124 maisons historiques, de quatre monuments religieux (la mosqu\u00e9e al-Nouri et son minaret al-Hadba, le couvent de Notre-Dame-de-l\u2019Heure et l\u2019\u00e9glise al-Tahira) et de plus de 400 salles de classe. Cette initiative a contribu\u00e9 \u00e0 la reprise de la vie culturelle de Mossoul.<\/p>\n<p>Pour appuyer ces efforts, la fondation Aliph a lanc\u00e9 en 2019 le programme \u00ab\u00a0Mosa\u00efque de Mossoul\u00a0\u00bb,\u00a0qui a permis la r\u00e9habilitation de deux \u00e9glises,\u00a0de deux mosqu\u00e9es et de deux maisons historiques\u00a0dans la vieille ville, dont la maison al-Tutunji.\u00a0Aliph a \u00e9galement financ\u00e9 la documentation\u00a0de la m\u00e9moire juive de Mossoul, et soutient\u00a0la restauration du mus\u00e9e de Mossoul et\u00a0de ses collections.<\/p>\n<p class=\"a-read-more\">\u00c0 lire aussi<a href=\"https:\/\/www.france24.com\/fr\/vid\u00e9o\/20250511-irak-mossoul-la-ville-reconstruite-apr\u00e8s-les-combats\" target=\"_self\" class=\"a-read-more__link\" rel=\"nofollow noopener\">Irak : Mossoul, la ville reconstruite apr\u00e8s la guerre contre l&rsquo;\u00c9tat islamique<\/a><\/p>\n<p> Les ruines de Gaza <\/p>\n<p><img fetchpriority=\"low\" decoding=\"async\" src=\"https:\/\/www.europesays.com\/ch-fr\/wp-content\/uploads\/2026\/05\/10-Al-Omari-Gaza-Ali-Jadallah-AFP.jpg\"   alt=\"Ruines de la grande mosqu\u00e9e al-Omari apr\u00e8s les bombardements isra\u00e9liens, 27 janvier 2024.\" style=\"max-height:567px\" loading=\"lazy\" class=\"a-img \"\/><\/p>\n<p>                Ruines de la grande mosqu\u00e9e al-Omari apr\u00e8s les bombardements isra\u00e9liens, 27 janvier 2024.                Anadolu via AFP &#8211; ALI JADALLAH            <\/p>\n<p>Le 7 octobre 2023, l&rsquo;organisation terroriste palestinienne du\u00a0<a href=\"https:\/\/www.france24.com\/fr\/tag\/hamas\/\" target=\"_self\" class=\"gtm-add-suggested-tag\" rel=\"nofollow noopener\">Hamas<\/a> m\u00e8ne des attaques meurtri\u00e8res et des prises d\u2019otages d\u2019une extr\u00eame violence dans la zone frontali\u00e8re d\u2019Isra\u00ebl avec Gaza. Ces \u00e9v\u00e9nements d\u00e9clenchent une intervention militaire ravageuse d\u2019Isra\u00ebl, marqu\u00e9e par des bombardements massifs sur la bande de Gaza.\u00a0Ce territoire, dont l\u2019histoire est jalonn\u00e9e de nombreuses destructions, est \u00e0 nouveau d\u00e9vast\u00e9.<\/p>\n<p class=\"a-read-more\">\u00c0 lire aussi<a href=\"https:\/\/www.france24.com\/fr\/moyen-orient\/20251106-gaza-pr\u00e9server-patrimoine-apr\u00e8s-guerre\" target=\"_self\" class=\"a-read-more__link\" rel=\"nofollow noopener\">\u00c0 Gaza, pr\u00e9server le patrimoine apr\u00e8s la guerre<\/a><\/p>\n<p>Suivant les cartes d\u2019\u00e9valuation des dommages d\u00e9tect\u00e9s par satellite, 81 % des b\u00e2timents ont \u00e9t\u00e9 endommag\u00e9s ou d\u00e9truits (\u00e0 la date du 11 octobre 2025) et 86,1 % de la superficie totale des terres cultiv\u00e9es a \u00e9t\u00e9 rendue incultivable (au 28 juillet 2025). Parmi les zones les plus durement touch\u00e9es figurent Gaza-ville, principal centre urbain du territoire, o\u00f9 vivaient une part importante des 2,1 millions d\u2019habitants que comptait la bande de Gaza avant le conflit. Les camps de r\u00e9fugi\u00e9s d\u2019al-Shati et de Jabaliya \u2013 o\u00f9 vivent une partie des nombreux d\u00e9plac\u00e9s (1,9 million) \u2013, situ\u00e9s dans deux municipalit\u00e9s distinctes au nord, ont \u00e9galement \u00e9t\u00e9 fortement affect\u00e9s.<\/p>\n<p>Mais c\u2019est aussi 5\u00a0000 ans d\u2019histoire et de t\u00e9moignages de pass\u00e9s \u00e9gyptien, canan\u00e9en, philistin, hell\u00e9nistique, romain, juif, chr\u00e9tien, islamique, <a href=\"https:\/\/www.france24.com\/fr\/moyen-orient\/20251106-gaza-pr\u00e9server-patrimoine-apr\u00e8s-guerre\" target=\"_self\" rel=\"nofollow noopener\">qui subissent les destructions<\/a>, avec 164 sites patrimoniaux endommag\u00e9s depuis 2023 (<a href=\"https:\/\/www.france24.com\/fr\/tag\/unesco\/\" target=\"_self\" class=\"gtm-add-suggested-tag\" rel=\"nofollow noopener\">Unesco<\/a>). Parmi les \u00e9difices \u00e0 valeur patrimoniale figure la mosqu\u00e9e al-Omari, l\u2019un des plus anciens \u00e9difices religieux de la ville de Gaza.<\/p>\n<p class=\"a-read-more\">\u00c0 lire aussi<a href=\"https:\/\/www.france24.com\/fr\/vid\u00e9o\/20251106-d\u00e9sert-de-ruines-france-24-t\u00e9moigne-la-d\u00e9vastation-\u00e0-gaza-ravag\u00e9e-par-la-guerre\" target=\"_self\" class=\"a-read-more__link\" rel=\"nofollow noopener\">\u201cD\u00e9sert de ruines\u201d: FRANCE 24 t\u00e9moigne de la d\u00e9vastation \u00e0 Gaza ravag\u00e9e par la guerre<\/a><\/p>\n<p> Les bombes russes sur l&rsquo;Ukraine <\/p>\n<p><img fetchpriority=\"low\" decoding=\"async\" src=\"https:\/\/www.europesays.com\/ch-fr\/wp-content\/uploads\/2026\/05\/14-Odessa-Ukraine-Iconem.jpg\"   alt=\"Vue int\u00e9rieure de la Cath\u00e9drale d'Odessa apr\u00e8s sa restauration, Ukraine, 2026. Extrait d'un film Iconem.\" style=\"max-height:567px\" loading=\"lazy\" class=\"a-img \"\/><\/p>\n<p>                Vue int\u00e9rieure de la Cath\u00e9drale d&rsquo;Odessa apr\u00e8s sa restauration, Ukraine, 2026. Extrait d&rsquo;un film Iconem.                \u00a9 Unesco\/Iconem            <\/p>\n<p>En f\u00e9vrier 2014, la r\u00e9volution ukrainienne de Ma\u00efdan conduit au d\u00e9part du pr\u00e9sident <a href=\"https:\/\/www.france24.com\/fr\/tag\/viktor-ianoukovitch\/\" target=\"_self\" class=\"gtm-add-suggested-tag\" rel=\"nofollow noopener\">Viktor Ianoukovitch<\/a>. Dans ce contexte, la <a href=\"https:\/\/www.france24.com\/fr\/tag\/russie\/\" target=\"_self\" class=\"gtm-add-suggested-tag\" rel=\"nofollow noopener\">Russie<\/a> prend le contr\u00f4le de la r\u00e9publique autonome de <a href=\"https:\/\/www.france24.com\/fr\/tag\/crim\u00e9e\/\" target=\"_self\" class=\"gtm-add-suggested-tag\" rel=\"nofollow noopener\">Crim\u00e9e<\/a> par une invasion arm\u00e9e, suivie de son annexion. Huit ans plus tard,\u00a0le 24 f\u00e9vrier 2022, la Russie lance, sous l\u2019appellation \u00ab\u00a0op\u00e9ration militaire sp\u00e9ciale\u00a0\u00bb, une offensive de grande ampleur contre l\u2019Ukraine, prolongeant et g\u00e9n\u00e9ralisant la guerre commenc\u00e9e en 2014.<\/p>\n<p>Fond\u00e9e en 1794 par Catherine II, sur les rives\u00a0de la mer noire, <a href=\"https:\/\/www.france24.com\/fr\/tag\/odessa\/\" target=\"_self\" class=\"gtm-add-suggested-tag\" rel=\"nofollow noopener\">Odessa<\/a> fut un port de commerce strat\u00e9gique de l\u2019Empire russe, puis de l\u2019Union sovi\u00e9tique avant l\u2019ind\u00e9pendance de l\u2019Ukraine\u00a0en 1991.\u00a0La ville rev\u00eat donc une importance particuli\u00e8re et constitue une cible d\u00e8s le d\u00e9but de l\u2019invasion de 2022.<\/p>\n<p><a href=\"https:\/\/www.france24.com\/fr\/europe\/20230125-ukraine-le-centre-historique-d-odessa-inscrit-parmi-les-sites-en-p\u00e9ril-de-l-unesco\" target=\"_self\" rel=\"nofollow noopener\">Six mois apr\u00e8s l\u2019inscription du ce centre historique d\u2019Odessa sur la liste du patrimoine\u00a0mondial et sur la liste du patrimoine mondial en p\u00e9ril<\/a>, la cath\u00e9drale de la Transfiguration est gravement endommag\u00e9e lors des bombardements des 22 et 23 juillet 2023. Sa restauration a d\u00e9marr\u00e9 en 2024 avec le soutien de l\u2019Unesco et de l\u2019Agence italienne pour la coop\u00e9ration au d\u00e9veloppement.<\/p>\n<p class=\"a-read-more\">\u00c0 lire aussi<a href=\"https:\/\/www.france24.com\/fr\/vid\u00e9o\/20230222-guerre-en-ukraine-comment-reconstruire-le-patrimoine-culturel-ukrainien\" target=\"_self\" class=\"a-read-more__link\" rel=\"nofollow noopener\">Guerre en Ukraine : comment reconstruire le patrimoine culturel ukrainien ?<\/a><\/p>\n<p> Des monuments arm\u00e9niens endommag\u00e9s par la guerre avec l&rsquo;Azerba\u00efdjan <\/p>\n<p><img fetchpriority=\"low\" decoding=\"async\" src=\"https:\/\/www.europesays.com\/ch-fr\/wp-content\/uploads\/2026\/05\/08-Kirants-Arm\u00e9nie-Iconem.jpg\"   alt=\"Monast\u00e8re de Kirants, Arm\u00e9nie, 2021. Extrait d'un film Iconem.\" style=\"max-height:567px\" loading=\"lazy\" class=\"a-img \"\/><\/p>\n<p>                Monast\u00e8re de Kirants, Arm\u00e9nie, 2021. Extrait d&rsquo;un film Iconem.                \u00a9 Iconem            <\/p>\n<p>Le conflit entre l\u2019Arm\u00e9nie et l\u2019Azerba\u00efdjan, au sujet de la r\u00e9gion enclav\u00e9e du Haut-Karabagh, autrefois r\u00e9gion autonome au sein de la R\u00e9publique socialiste sovi\u00e9tique d\u2019Azerba\u00efdjan, bien que peupl\u00e9e majoritairement d\u2019Arm\u00e9niens, a d\u00e9but\u00e9 en 1988 dans les derni\u00e8res ann\u00e9es de l\u2019Union sovi\u00e9tique. Le conflit donne lieu \u00e0 plusieurs guerres. La premi\u00e8re, de 1988 \u00e0 1994, se termine par un cessez-le-feu \u00e9tablissant le contr\u00f4le de facto par les forces arm\u00e9niennes du Haut-Karabagh et de ses territoires environnants. <a href=\"https:\/\/www.france24.com\/fr\/asie-pacifique\/20230930-haut-karabakh-mission-humanitaire-onu-armenie-armeniens-azerba\u00efdjan-aliev-pachinian\" target=\"_self\" rel=\"nofollow noopener\">Suite \u00e0 la guerre de 2020, puis l\u2019intervention de 2023, le Haut-Karabagh passe sous la souverainet\u00e9 de l\u2019Azerba\u00efdjan.<\/a><\/p>\n<p>Ces conflits ont entra\u00een\u00e9 des atteintes importantes au patrimoine culturel de la r\u00e9gion et continuent de menacer sa protection. Les monuments arm\u00e9niens situ\u00e9s en zone frontali\u00e8re avec l\u2019Azerba\u00efdjan, notamment dans la r\u00e9gion montagneuse de Tavush sont aussi affect\u00e9s. Cette r\u00e9gion a connu une nouvelle d\u00e9marcation de ses fronti\u00e8res en 2024, touchant plusieurs villages dont celui de Kirants.\u00a0<\/p>\n<p>La d\u00e9gradation du monast\u00e8re, situ\u00e9 \u00e0 12 kilom\u00e8tres du village, s\u2019est acc\u00e9l\u00e9r\u00e9e par des actes de vandalisme et par les difficult\u00e9s d\u2019acc\u00e8s li\u00e9es aux tensions dans la r\u00e9gion. Le monument a r\u00e9cemment fait l\u2019objet\u00a0de travaux de nettoyage, notamment pour \u00e9liminer\u00a0les graffitis. Un accord de paix a \u00e9t\u00e9 conclu entre l\u2019Arm\u00e9nie et l\u2019Azerba\u00efdjan le 8 ao\u00fbt 2025.<\/p>\n<p class=\"a-read-more\">\u00c0 lire aussi<a href=\"https:\/\/www.france24.com\/fr\/asie-pacifique\/20230920-conflit-au-haut-karabakh-comment-l-azerba\u00efdjan-a-fait-plier-l-arm\u00e9nie\" target=\"_self\" class=\"a-read-more__link\" rel=\"nofollow noopener\">Conflit au Haut-Karabakh : comment l\u2019Azerba\u00efdjan a fait plier l\u2019Arm\u00e9nie<\/a><\/p>\n","protected":false},"excerpt":{"rendered":"En 2012, les mausol\u00e9es\u00a0de Tombouctou,\u00a0patrimoine mondial\u00a0de l\u2019Unesco depuis 1988,\u00a0s\u2019\u00e9croulent sous les coups\u00a0de pioche des djihadistes\u00a0d\u2019Ansar Dine. Pour la\u00a0premi\u00e8re&hellip;\n","protected":false},"author":2,"featured_media":144616,"comment_status":"","ping_status":"","sticky":false,"template":"","format":"standard","meta":{"footnotes":"","_share_on_mastodon":"0"},"categories":[10],"tags":[5530,374,36485,172,113,112,1996,36482,36483,36484,1165,755,23],"class_list":["post-144615","post","type-post","status-publish","format-standard","has-post-thumbnail","category-divertissement","tag-afghanistan","tag-armenie","tag-azerbaidjan","tag-culture","tag-divertissement","tag-entertainment","tag-guerre","tag-guerre-a-gaza","tag-mossoul","tag-palmyre","tag-patrimoine","tag-photographie","tag-suisse"],"share_on_mastodon":{"url":"https:\/\/pubeurope.com\/@ch_fr\/116629026108435751","error":""},"_links":{"self":[{"href":"https:\/\/www.europesays.com\/ch-fr\/wp-json\/wp\/v2\/posts\/144615","targetHints":{"allow":["GET"]}}],"collection":[{"href":"https:\/\/www.europesays.com\/ch-fr\/wp-json\/wp\/v2\/posts"}],"about":[{"href":"https:\/\/www.europesays.com\/ch-fr\/wp-json\/wp\/v2\/types\/post"}],"author":[{"embeddable":true,"href":"https:\/\/www.europesays.com\/ch-fr\/wp-json\/wp\/v2\/users\/2"}],"replies":[{"embeddable":true,"href":"https:\/\/www.europesays.com\/ch-fr\/wp-json\/wp\/v2\/comments?post=144615"}],"version-history":[{"count":0,"href":"https:\/\/www.europesays.com\/ch-fr\/wp-json\/wp\/v2\/posts\/144615\/revisions"}],"wp:featuredmedia":[{"embeddable":true,"href":"https:\/\/www.europesays.com\/ch-fr\/wp-json\/wp\/v2\/media\/144616"}],"wp:attachment":[{"href":"https:\/\/www.europesays.com\/ch-fr\/wp-json\/wp\/v2\/media?parent=144615"}],"wp:term":[{"taxonomy":"category","embeddable":true,"href":"https:\/\/www.europesays.com\/ch-fr\/wp-json\/wp\/v2\/categories?post=144615"},{"taxonomy":"post_tag","embeddable":true,"href":"https:\/\/www.europesays.com\/ch-fr\/wp-json\/wp\/v2\/tags?post=144615"}],"curies":[{"name":"wp","href":"https:\/\/api.w.org\/{rel}","templated":true}]}}