{"id":147369,"date":"2026-05-26T10:46:11","date_gmt":"2026-05-26T10:46:11","guid":{"rendered":"https:\/\/www.europesays.com\/ch-fr\/147369\/"},"modified":"2026-05-26T10:46:11","modified_gmt":"2026-05-26T10:46:11","slug":"lavs-verse-pour-la-premiere-fois-plus-de-26-millions-de-rentes-de-vieillesse","status":"publish","type":"post","link":"https:\/\/www.europesays.com\/ch-fr\/147369\/","title":{"rendered":"L&rsquo;AVS verse pour la premi\u00e8re fois plus de 2,6 millions de rentes de vieillesse"},"content":{"rendered":"\n<p>L&rsquo;AVS verse d\u00e9sormais 2,64 millions de rentes de vieillesse, une augmentation de 1,6% avec 40&rsquo;400 nouveaux b\u00e9n\u00e9ficiaires en 2025.Cette croissance continue refl\u00e8te le vieillissement d\u00e9mographique de la Suisse et la pression sur le syst\u00e8me de retraite.L&rsquo;AVS affiche un r\u00e9sultat positif de 4,4 milliards de francs en 2025, gr\u00e2ce \u00e0 des recettes sup\u00e9rieures aux d\u00e9penses.<\/p>\n<p>Ce r\u00e9sum\u00e9 a-t-il \u00e9t\u00e9 utile ?<\/p>\n<p>    \u2139\ufe0f R\u00e9sum\u00e9 propos\u00e9 par l&rsquo;IA et valid\u00e9 par nos journalistes. <a class=\"article-summary-info__link\" href=\"https:\/\/www.rts.ch\/entreprise\/2025\/article\/charte-sur-l-utilisation-de-l-ia-a-la-rts-29020587.html\" rel=\"nofollow noopener\" target=\"_blank\">En savoir plus<\/a>  <\/p>\n<p> Masquer  <\/p>\n","protected":false},"excerpt":{"rendered":"L&rsquo;AVS verse d\u00e9sormais 2,64 millions de rentes de vieillesse, une augmentation de 1,6% avec 40&rsquo;400 nouveaux b\u00e9n\u00e9ficiaires en&hellip;\n","protected":false},"author":2,"featured_media":147370,"comment_status":"","ping_status":"","sticky":false,"template":"","format":"standard","meta":{"footnotes":"","_share_on_mastodon":"0"},"categories":[6],"tags":[30019,4401,45,44,344,43,7221,30020,8993,512,23],"class_list":["post-147369","post","type-post","status-publish","format-standard","has-post-thumbnail","category-economie","tag-assurance-sociale","tag-assurance-vieillesse-et-survivants","tag-business","tag-economie","tag-economie-et-finances","tag-economy","tag-financial-service","tag-office-federal-des-assurances-sociales","tag-retraite","tag-social","tag-suisse"],"share_on_mastodon":{"url":"https:\/\/pubeurope.com\/@ch_fr\/116640480215618381","error":""},"_links":{"self":[{"href":"https:\/\/www.europesays.com\/ch-fr\/wp-json\/wp\/v2\/posts\/147369","targetHints":{"allow":["GET"]}}],"collection":[{"href":"https:\/\/www.europesays.com\/ch-fr\/wp-json\/wp\/v2\/posts"}],"about":[{"href":"https:\/\/www.europesays.com\/ch-fr\/wp-json\/wp\/v2\/types\/post"}],"author":[{"embeddable":true,"href":"https:\/\/www.europesays.com\/ch-fr\/wp-json\/wp\/v2\/users\/2"}],"replies":[{"embeddable":true,"href":"https:\/\/www.europesays.com\/ch-fr\/wp-json\/wp\/v2\/comments?post=147369"}],"version-history":[{"count":0,"href":"https:\/\/www.europesays.com\/ch-fr\/wp-json\/wp\/v2\/posts\/147369\/revisions"}],"wp:featuredmedia":[{"embeddable":true,"href":"https:\/\/www.europesays.com\/ch-fr\/wp-json\/wp\/v2\/media\/147370"}],"wp:attachment":[{"href":"https:\/\/www.europesays.com\/ch-fr\/wp-json\/wp\/v2\/media?parent=147369"}],"wp:term":[{"taxonomy":"category","embeddable":true,"href":"https:\/\/www.europesays.com\/ch-fr\/wp-json\/wp\/v2\/categories?post=147369"},{"taxonomy":"post_tag","embeddable":true,"href":"https:\/\/www.europesays.com\/ch-fr\/wp-json\/wp\/v2\/tags?post=147369"}],"curies":[{"name":"wp","href":"https:\/\/api.w.org\/{rel}","templated":true}]}}