{"id":147945,"date":"2026-05-26T17:39:10","date_gmt":"2026-05-26T17:39:10","guid":{"rendered":"https:\/\/www.europesays.com\/ch-fr\/147945\/"},"modified":"2026-05-26T17:39:10","modified_gmt":"2026-05-26T17:39:10","slug":"malgre-les-scandales-les-acquittements-se-suivent-pour-lex-credit-suisse","status":"publish","type":"post","link":"https:\/\/www.europesays.com\/ch-fr\/147945\/","title":{"rendered":"Malgr\u00e9 les scandales, les acquittements se suivent pour l&rsquo;ex-Credit Suisse"},"content":{"rendered":"<p>Les anciens dirigeants de Credit Suisse semblent \u00e9chapper aux poursuites ou obtenir des acquittements. C&rsquo;est le cas mardi de l&rsquo;ancienne responsable de la conformit\u00e9 de la banque. Une affaire de fonds douteux non signal\u00e9s a \u00e9t\u00e9 class\u00e9e sans suite en raison d&rsquo;un d\u00e9lai de prescription avanc\u00e9.<\/p>\n<p>La Cour des affaires p\u00e9nales du Tribunal p\u00e9nal f\u00e9d\u00e9ral a d\u00e9cid\u00e9 mardi de classer sans suite la proc\u00e9dure engag\u00e9e contre l&rsquo;ancienne responsable de la conformit\u00e9 de Credit Suisse Lara Warner, dans le cadre du scandale d&rsquo;un pr\u00eat au Mozambique. Elle n&rsquo;aura donc pas \u00e0 payer l&rsquo;amende inflig\u00e9e il y a un peu plus d&rsquo;un an par le D\u00e9partement f\u00e9d\u00e9ral des finances (DFF). Le d\u00e9lai de prescription \u00e9tait d\u00e9j\u00e0 \u00e9coul\u00e9 au moment o\u00f9 le DFF a rendu sa d\u00e9cision, a justifi\u00e9 le tribunal.<\/p>\n<p>D\u00e9but mars 2025, Lara Warner s&rsquo;\u00e9tait vue infliger une amende de 100&rsquo;000 francs pour violation de l&rsquo;obligation de d\u00e9clarer, comme l&rsquo;avaient rapport\u00e9 plusieurs m\u00e9dias \u00e0 l&rsquo;\u00e9poque. L&rsquo;ancienne cadre de Credit Suisse avait alors annonc\u00e9 son intention de contester cette condamnation.<\/p>\n<p>&gt;&gt; Lire \u00e0 ce sujet\u00a0: <a href=\"https:\/\/www.rts.ch\/info\/economie\/2025\/article\/scandale-du-mozambique-ex-dirigeante-de-credit-suisse-condamnee-a-100-000-chf-28827048.html\" data-item-id=\"richtext_link\" rel=\"nofollow noopener\" target=\"_blank\">Une ancienne dirigeante de Credit Suisse condamn\u00e9e \u00e0 100&rsquo;000 francs d&rsquo;amende dans l&rsquo;affaire du Mozambique<\/a><\/p>\n<p>Virement douteux de 8 millions non signal\u00e9<\/p>\n<p>Selon le DFF, Lara Warner aurait omis, en mars 2016, de signaler un virement d&rsquo;environ 7,8 millions de dollars (6,1 millions de francs au cours de ce jour). Les fonds avaient \u00e9t\u00e9 vers\u00e9s par le minist\u00e8re des Finances du Mozambique sur un compte du Credit Suisse ouvert en Suisse. Ils provenaient vraisemblablement de cr\u00e9dits accord\u00e9s \u00e0 des entreprises publiques mozambicaines et \u00e9taient probablement d'\u00a0\u00bborigine d\u00e9lictueuse\u00a0\u00bb, selon le DFF.<\/p>\n<p>Selon l&rsquo;arr\u00eat du Tribunal p\u00e9nal f\u00e9d\u00e9ral, l&rsquo;obligation de signaler un soup\u00e7on de blanchiment d&rsquo;argent prend fin \u00ab\u00a0lorsque les valeurs patrimoniales en cause ne peuvent plus \u00eatre trac\u00e9es et confisqu\u00e9es\u00a0\u00bb, et non pas \u00e0 la cl\u00f4ture de la relation bancaire. La majeure partie de la somme avait ainsi d\u00e9j\u00e0 \u00e9t\u00e9 transf\u00e9r\u00e9e vers les Emirats arabes unis une semaine et demie apr\u00e8s l&rsquo;arriv\u00e9e des fonds sur le compte de Credit Suisse.<\/p>\n<p>Les avoirs n&rsquo;\u00e9taient plus localisables ni susceptibles d&rsquo;\u00eatre confisqu\u00e9s depuis d\u00e9but 2017, conclut la Cour. La prescription \u00e9tait donc d\u00e9j\u00e0 atteinte d\u00e9but 2024.<\/p>\n<p>Recours possible<\/p>\n<p>Cette d\u00e9cision peut faire l&rsquo;objet d&rsquo;un recours aupr\u00e8s de la chambre des recours du Tribunal p\u00e9nal f\u00e9d\u00e9ral, une possibilit\u00e9 que le DFF examine actuellement. \u00ab\u00a0A ce stade, nous ne pouvons fournir aucune autre information\u00a0\u00bb, a indiqu\u00e9 un porte-parole \u00e0 l&rsquo;agence AWP.<\/p>\n<p>La Cour des affaires p\u00e9nales du Tribunal p\u00e9nal f\u00e9d\u00e9ral avait d\u00e9j\u00e0 class\u00e9 sans suite, en avril, une proc\u00e9dure engag\u00e9e contre UBS, en tant que successeur l\u00e9gal du Credit Suisse qu&rsquo;elle a rachet\u00e9 en 2023, dans le cadre du scandale du Mozambique. Elle a justifi\u00e9 cette d\u00e9cision en arguant que le Credit Suisse avait cess\u00e9 d&rsquo;exister en tant que banque et n&rsquo;avait donc plus de personnalit\u00e9 juridique.<\/p>\n<p>Le scandale du Mozambique concerne des cr\u00e9dits accord\u00e9s au Mozambique par le Credit Suisse pour un montant de 2 milliards de francs, \u00e0 l&rsquo;insu du Parlement local et du Fonds mon\u00e9taire international (FMI). L&rsquo;argent devait notamment servir \u00e0 payer la construction d&rsquo;une flotte de p\u00eache au thon. Des pots-de-vin ont \u00e9t\u00e9 vers\u00e9s \u00e0 cette occasion dans une large mesure.<\/p>\n<p class=\"sources\">ats\/vic<\/p>\n","protected":false},"excerpt":{"rendered":"Les anciens dirigeants de Credit Suisse semblent \u00e9chapper aux poursuites ou obtenir des acquittements. C&rsquo;est le cas mardi&hellip;\n","protected":false},"author":2,"featured_media":147946,"comment_status":"","ping_status":"","sticky":false,"template":"","format":"standard","meta":{"footnotes":"","_share_on_mastodon":"0"},"categories":[6],"tags":[2281,3773,45,15516,12405,503,37004,504,44,344,43,967,7221,2398,37005,8725,23,12406],"class_list":["post-147945","post","type-post","status-publish","format-standard","has-post-thumbnail","category-economie","tag-amende","tag-banque","tag-business","tag-credit","tag-credit-suisse","tag-criminalite","tag-departement-federal-des-finances","tag-droit-et-justice","tag-economie","tag-economie-et-finances","tag-economy","tag-finance","tag-financial-service","tag-fraude","tag-mozambique","tag-scandale","tag-suisse","tag-tribunal-penal-federal"],"share_on_mastodon":{"url":"https:\/\/pubeurope.com\/@ch_fr\/116642104082703662","error":""},"_links":{"self":[{"href":"https:\/\/www.europesays.com\/ch-fr\/wp-json\/wp\/v2\/posts\/147945","targetHints":{"allow":["GET"]}}],"collection":[{"href":"https:\/\/www.europesays.com\/ch-fr\/wp-json\/wp\/v2\/posts"}],"about":[{"href":"https:\/\/www.europesays.com\/ch-fr\/wp-json\/wp\/v2\/types\/post"}],"author":[{"embeddable":true,"href":"https:\/\/www.europesays.com\/ch-fr\/wp-json\/wp\/v2\/users\/2"}],"replies":[{"embeddable":true,"href":"https:\/\/www.europesays.com\/ch-fr\/wp-json\/wp\/v2\/comments?post=147945"}],"version-history":[{"count":0,"href":"https:\/\/www.europesays.com\/ch-fr\/wp-json\/wp\/v2\/posts\/147945\/revisions"}],"wp:featuredmedia":[{"embeddable":true,"href":"https:\/\/www.europesays.com\/ch-fr\/wp-json\/wp\/v2\/media\/147946"}],"wp:attachment":[{"href":"https:\/\/www.europesays.com\/ch-fr\/wp-json\/wp\/v2\/media?parent=147945"}],"wp:term":[{"taxonomy":"category","embeddable":true,"href":"https:\/\/www.europesays.com\/ch-fr\/wp-json\/wp\/v2\/categories?post=147945"},{"taxonomy":"post_tag","embeddable":true,"href":"https:\/\/www.europesays.com\/ch-fr\/wp-json\/wp\/v2\/tags?post=147945"}],"curies":[{"name":"wp","href":"https:\/\/api.w.org\/{rel}","templated":true}]}}