{"id":150094,"date":"2026-05-28T02:02:25","date_gmt":"2026-05-28T02:02:25","guid":{"rendered":"https:\/\/www.europesays.com\/ch-fr\/150094\/"},"modified":"2026-05-28T02:02:25","modified_gmt":"2026-05-28T02:02:25","slug":"definitivement-annule-la-production-de-la-star-academy-fait-une-grande-annonce-a-propos-de-la-tournee","status":"publish","type":"post","link":"https:\/\/www.europesays.com\/ch-fr\/150094\/","title":{"rendered":"\u00ab\u00a0D\u00e9finitivement annul\u00e9\u00a0\u00bb : La production de la Star Academy fait une grande annonce \u00e0 propos de la tourn\u00e9e"},"content":{"rendered":"<p class=\"mb-4 text-lg md:leading-8 break-words\">La tourn\u00e9e \u00ab\u00a0Star Academy\u00a0\u00bb, apr\u00e8s un d\u00e9part fulgurant, traverse une p\u00e9riode compliqu\u00e9e. Fatigue, impr\u00e9vus m\u00e9dicaux et m\u00eame des drames familiaux viennent perturber le parcours des acad\u00e9miciens. Des d\u00e9cisions difficiles ont d\u00fb \u00eatre prises, laissant les fans dans l&rsquo;attente et l&rsquo;incertitude.<\/p>\n<p class=\"mb-4 text-lg md:leading-8 break-words\">Lanc\u00e9e dans la foul\u00e9e du succ\u00e8s retentissant de l&rsquo;\u00e9mission de TF1, <a href=\"https:\/\/fr.news.yahoo.com\/apr%C3%A8s-deux-premi%C3%A8res-dates-sait-100500798.html\" data-ylk=\"elm:link;elmt:article_link;slk:la tourn\u00e9e Star Academy Tour 2026 rencontre un immense succ\u00e8s;itc:0;sec:content-canvas;outcm:mb_qualified_link;_E:mb_qualified_link;ct:story;\" data-yga=\"{&quot;yLinkElement&quot;:&quot;context_link&quot;,&quot;yModuleName&quot;:&quot;content-canvas&quot;,&quot;yLinkText&quot;:&quot;la tourn\u00e9e Star Academy Tour 2026 rencontre un immense succ\u00e8s&quot;}\" class=\"link  yahoo-link\" rel=\"nofollow noopener\" target=\"_blank\">la tourn\u00e9e Star Academy Tour 2026 rencontre un immense succ\u00e8s<\/a> \u00e0 travers la France. Les neuf acad\u00e9miciens sillonnent les plus grandes salles, offrant aux fans des repr\u00e9sentations tr\u00e8s attendues. Toutefois, ce rythme particuli\u00e8rement intense commence \u00e0 \u00e9prouver les organismes des jeunes artistes, confront\u00e9s ces derni\u00e8res semaines \u00e0 une s\u00e9rie d&rsquo;impr\u00e9vus.<\/p>\n<p class=\"mb-4 text-lg md:leading-8 break-words\">Le dimanche 17 mai dernier, la production a ainsi \u00e9t\u00e9 contrainte d\u2019annuler le concert du soir m\u00eame au Z\u00e9nith de Dijon en raison de \u00ab\u00a0l\u2019indisponibilit\u00e9 de plusieurs artistes pour raisons m\u00e9dicales\u00a0\u00bb. <a href=\"https:\/\/fr.news.yahoo.com\/sport\/star-academy-apr%C3%A8s-sarah-l%C3%A9a-162800877.html\" data-ylk=\"elm:link;elmt:article_link;slk:Bastiaan, bless\u00e9 \u00e0 la cheville, manquait d\u00e9j\u00e0 \u00e0 l&#039;appel;itc:0;sec:content-canvas;outcm:mb_qualified_link;_E:mb_qualified_link;ct:story;\" data-yga=\"{&quot;yLinkElement&quot;:&quot;context_link&quot;,&quot;yModuleName&quot;:&quot;content-canvas&quot;,&quot;yLinkText&quot;:&quot;Bastiaan, bless\u00e9 \u00e0 la cheville, manquait d\u00e9j\u00e0 \u00e0 l&#039;appel&quot;}\" class=\"link  yahoo-link\" rel=\"nofollow noopener\" target=\"_blank\">Bastiaan, bless\u00e9 \u00e0 la cheville, manquait d\u00e9j\u00e0 \u00e0 l&rsquo;appel<\/a>, et Anouk, malade, a d\u00fb renoncer \u00e0 la s\u00e9ance de 15h. Ce lundi 25 mai, la d\u00e9cision d\u00e9finitive de non-report est tomb\u00e9e. \u00ab\u00a0Malgr\u00e9 tous les efforts mis en \u0153uvre pour trouver une solution de report, nous sommes au regret de vous informer que le concert du Star Academy Tour 2026, initialement pr\u00e9vu le dimanche 17 mai \u00e0 20h est d\u00e9finitivement annul\u00e9. Nous partageons avec toute l\u2019\u00e9quipe votre d\u00e9ception\u00a0\u00bb, a \u00e9crit la production dans un communiqu\u00e9 partag\u00e9 par <a href=\"https:\/\/www.programme-tv.net\/news\/musique\/402789-la-production-de-la-star-academy-annonce-l-annulation-definitive-d-un-concert-de-la-tournee-nous-partageons-votre-deception\/\" rel=\"nofollow noopener\" target=\"_blank\" data-ylk=\"elm:link;elmt:article_link;slk:T\u00e9l\u00e9-Loisirs;itc:0;sec:content-canvas\" data-yga=\"{&quot;yLinkElement&quot;:&quot;context_link&quot;,&quot;yModuleName&quot;:&quot;content-canvas&quot;,&quot;yLinkText&quot;:&quot;T\u00e9l\u00e9-Loisirs&quot;}\" class=\"link \">T\u00e9l\u00e9-Loisirs<\/a>, pr\u00e9cisant : \u00ab\u00a0Pour les modalit\u00e9s de remboursement de vos billets, veuillez vous rapprocher de votre point de vente. Merci pour votre compr\u00e9hension.\u00a0\u00bb Les neuf acad\u00e9miciens ont toutefois repris la tourn\u00e9e au complet d\u00e8s le mercredi 20 mai.<\/p>\n<p class=\"mb-4 text-lg md:leading-8 break-words\">Star Academy : Plusieurs candidats absents de la tourn\u00e9e 2026<\/p>\n<p class=\"mb-4 text-lg md:leading-8 break-words\">Ces soucis de sant\u00e9 s&rsquo;inscrivent dans une s\u00e9rie de coups durs. \u00ab\u00a0<a href=\"https:\/\/fr.news.yahoo.com\/sport\/star-academy-apr%C3%A8s-sarah-l%C3%A9a-132200044.html\" data-ylk=\"elm:link;elmt:article_link;slk:Mon \u00e9tat ne me permet pas d&#039;assurer les performances comme je l&#039;aurais voulu;itc:0;sec:content-canvas;outcm:mb_qualified_link;_E:mb_qualified_link;ct:story;\" data-yga=\"{&quot;yLinkElement&quot;:&quot;context_link&quot;,&quot;yModuleName&quot;:&quot;content-canvas&quot;,&quot;yLinkText&quot;:&quot;Mon \u00e9tat ne me permet pas d&#039;assurer les performances comme je l&#039;aurais voulu&quot;}\" class=\"link  yahoo-link\" rel=\"nofollow noopener\" target=\"_blank\">Mon \u00e9tat ne me permet pas d&rsquo;assurer les performances comme je l&rsquo;aurais voulu <\/a>aujourd&rsquo;hui, \u00e9crivait ainsi Anouk sur Instagram le 17 mai dernier. Je suis vraiment d\u00e9\u00e7ue parce que je me r\u00e9jouissais de partager ce moment avec vous et je suis sinc\u00e8rement d\u00e9sol\u00e9e pour toutes les personnes qui \u00e9taient venues me voir, je pense \u00e0 vous.\u00a0\u00bb Quelques jours plus t\u00f4t, le 13 mai, Bastiaan s&rsquo;\u00e9tait retir\u00e9 \u00e0 Gen\u00e8ve : \u00ab\u00a0Hello les mimes, malheureusement je me suis bless\u00e9 et ne pourrai pas assurer le show de ce soir \u00e0 Gen\u00e8ve. Le m\u00e9decin m\u2019a express\u00e9ment recommand\u00e9 de ne pas performer pour ne pas aggraver la situation. Ne vous inqui\u00e9tez pas, il n&rsquo;y a rien de grave mais je vais me reposer en esp\u00e9rant pouvoir \u00eatre de retour au plus vite.\u00a0\u00bb De m\u00eame, <a href=\"https:\/\/fr.news.yahoo.com\/l%C3%A9a-star-academy-oblig%C3%A9e-retirer-183900329.html\" data-ylk=\"elm:link;elmt:article_link;slk:L\u00e9a, finaliste face \u00e0 Ambre, a manqu\u00e9 Lyon et Marseille pour rejoindre sa famille en Suisse;itc:0;sec:content-canvas;outcm:mb_qualified_link;_E:mb_qualified_link;ct:story;\" data-yga=\"{&quot;yLinkElement&quot;:&quot;context_link&quot;,&quot;yModuleName&quot;:&quot;content-canvas&quot;,&quot;yLinkText&quot;:&quot;L\u00e9a, finaliste face \u00e0 Ambre, a manqu\u00e9 Lyon et Marseille pour rejoindre sa famille en Suisse&quot;}\" class=\"link  yahoo-link\" rel=\"nofollow noopener\" target=\"_blank\">L\u00e9a, finaliste face \u00e0 Ambre, a manqu\u00e9 Lyon et Marseille pour rejoindre sa famille en Suisse<\/a> apr\u00e8s le d\u00e9c\u00e8s de sa grand-m\u00e8re, et Sarah a fait une pause m\u00e9dicale pour pr\u00e9server sa voix.<\/p>\n<p class=\"mb-4 text-lg md:leading-8 break-words\"><a href=\"https:\/\/www.purepeople.com\/article\/definitivement-annule-la-production-de-la-star-academy-fait-une-grande-annonce-a-propos-de-la-tournee_a550583\/1\" rel=\"nofollow noopener\" target=\"_blank\" data-ylk=\"elm:link;elmt:article_link;slk:Article original sur Ode;itc:0;sec:content-canvas\" data-yga=\"{&quot;yLinkElement&quot;:&quot;context_link&quot;,&quot;yModuleName&quot;:&quot;content-canvas&quot;,&quot;yLinkText&quot;:&quot;Article original sur Ode&quot;}\" class=\"link \">Article original sur Ode<\/a><\/p>\n","protected":false},"excerpt":{"rendered":"La tourn\u00e9e \u00ab\u00a0Star Academy\u00a0\u00bb, apr\u00e8s un d\u00e9part fulgurant, traverse une p\u00e9riode compliqu\u00e9e. Fatigue, impr\u00e9vus m\u00e9dicaux et m\u00eame des&hellip;\n","protected":false},"author":2,"featured_media":150095,"comment_status":"","ping_status":"","sticky":false,"template":"","format":"standard","meta":{"footnotes":"","_share_on_mastodon":"0"},"categories":[13],"tags":[37277,113,112,727,23,142,812,37276],"class_list":["post-150094","post","type-post","status-publish","format-standard","has-post-thumbnail","category-television","tag-17-mai","tag-divertissement","tag-entertainment","tag-star-academy","tag-suisse","tag-television","tag-tournee","tag-zenith-de-dijon"],"share_on_mastodon":{"url":"https:\/\/pubeurope.com\/@ch_fr\/116649744450127845","error":""},"_links":{"self":[{"href":"https:\/\/www.europesays.com\/ch-fr\/wp-json\/wp\/v2\/posts\/150094","targetHints":{"allow":["GET"]}}],"collection":[{"href":"https:\/\/www.europesays.com\/ch-fr\/wp-json\/wp\/v2\/posts"}],"about":[{"href":"https:\/\/www.europesays.com\/ch-fr\/wp-json\/wp\/v2\/types\/post"}],"author":[{"embeddable":true,"href":"https:\/\/www.europesays.com\/ch-fr\/wp-json\/wp\/v2\/users\/2"}],"replies":[{"embeddable":true,"href":"https:\/\/www.europesays.com\/ch-fr\/wp-json\/wp\/v2\/comments?post=150094"}],"version-history":[{"count":0,"href":"https:\/\/www.europesays.com\/ch-fr\/wp-json\/wp\/v2\/posts\/150094\/revisions"}],"wp:featuredmedia":[{"embeddable":true,"href":"https:\/\/www.europesays.com\/ch-fr\/wp-json\/wp\/v2\/media\/150095"}],"wp:attachment":[{"href":"https:\/\/www.europesays.com\/ch-fr\/wp-json\/wp\/v2\/media?parent=150094"}],"wp:term":[{"taxonomy":"category","embeddable":true,"href":"https:\/\/www.europesays.com\/ch-fr\/wp-json\/wp\/v2\/categories?post=150094"},{"taxonomy":"post_tag","embeddable":true,"href":"https:\/\/www.europesays.com\/ch-fr\/wp-json\/wp\/v2\/tags?post=150094"}],"curies":[{"name":"wp","href":"https:\/\/api.w.org\/{rel}","templated":true}]}}