{"id":150472,"date":"2026-05-28T08:18:09","date_gmt":"2026-05-28T08:18:09","guid":{"rendered":"https:\/\/www.europesays.com\/ch-fr\/150472\/"},"modified":"2026-05-28T08:18:09","modified_gmt":"2026-05-28T08:18:09","slug":"une-convention-pour-poursuivre-le-projet-de-numerisation-des-procedures-judiciaires","status":"publish","type":"post","link":"https:\/\/www.europesays.com\/ch-fr\/150472\/","title":{"rendered":"Une convention pour poursuivre le projet de num\u00e9risation des proc\u00e9dures judiciaires"},"content":{"rendered":"<p>Date : 28.05.2026 09:30:00 <\/p>\n<p>\u00a0<\/p>\n<p class=\"wysiwyg-h4\">Le Gouvernement transmet au Parlement un message relatif au projet d\u2019arr\u00eat\u00e9 portant adh\u00e9sion de la R\u00e9publique et Canton du Jura \u00e0 la convention entre les cantons et la Conf\u00e9d\u00e9ration pour la cr\u00e9ation de la corporation de droit public \u00abjustitia.swiss\u00bb. Cette d\u00e9marche marque une \u00e9tape cl\u00e9 dans la poursuite du projet li\u00e9 \u00e0 la num\u00e9risation des proc\u00e9dures judiciaires.<\/p>\n<p>Dans le cadre de la transformation num\u00e9rique des proc\u00e9dures judiciaires, la Conf\u00e9rence des directrices et directeurs des d\u00e9partements cantonaux de justice et police (CCDJP) invite les cantons \u00e0 ratifier la convention entre les cantons et la Conf\u00e9d\u00e9ration pour la cr\u00e9ation de la corporation de droit public \u00abjustitia.swiss\u00bb.<\/p>\n<p>La CCDJP, le Minist\u00e8re public de la Conf\u00e9d\u00e9ration et les tribunaux (Tribunal f\u00e9d\u00e9ral et ordres judiciaires cantonaux) ont d\u00e9cid\u00e9 de mettre en place le programme \u00abJustitia 4.0\u00bb avec pour but la num\u00e9risation du syst\u00e8me judiciaire suisse. Celle-ci comprend, d\u2019une part, le remplacement du dossier physique actuel par un dossier \u00e9lectronique et, d\u2019autre part, l\u2019\u00e9change \u00e9lectronique entre les parties concern\u00e9es. Afin de faciliter cet \u00e9change, il a \u00e9t\u00e9 d\u00e9cid\u00e9 de mettre en place une plateforme centralis\u00e9e de communication nomm\u00e9e plateforme \u00abjustitia.swiss\u00bb.<\/p>\n<p>La loi f\u00e9d\u00e9rale sur les plateformes de communication \u00e9lectronique dans le domaine judiciaire (LPCJ; RS 172.023), adopt\u00e9e le 20 d\u00e9cembre 2024, d\u00e9termine les contours de cette plateforme centralis\u00e9e. Elle confie son institution \u00e0 une corporation dot\u00e9e de la personnalit\u00e9 juridique, \u00e9galement charg\u00e9e de son exploitation, dont elle d\u00e9finit la structure et les attributions g\u00e9n\u00e9rales. Afin de constituer ladite corporation, une convention doit \u00eatre conclue entre la Conf\u00e9d\u00e9ration et les cantons.<\/p>\n<p>La convention \u00abjustitia.swiss\u00bb permet de transformer l\u2019organisation de projet temporaire \u00abJustitia\u00a04.0\u00bb en une structure p\u00e9renne et stable. Elle met en place une corporation de droit public charg\u00e9e d\u2019assurer durablement l\u2019exploitation et le d\u00e9veloppement de la plateforme centralis\u00e9e dans le domaine judiciaire. Cette nouvelle organisation, distincte de la CCDJP, garantit une gouvernance commune entre la Conf\u00e9d\u00e9ration et les cantons et permet de coordonner de mani\u00e8re efficace les travaux li\u00e9s \u00e0 la num\u00e9risation de la justice. Elle offrira un cadre clair pour poursuivre les d\u00e9veloppements futurs et facilitera la mise en \u0153uvre de solutions techniques partag\u00e9es au niveau intercantonal. Dans ce contexte, il convient de relever que, selon les r\u00e9centes informations obtenues par l\u2019\u00e9quipe de projet Justitia 4.0, l\u2019ensemble des cantons adh\u00e8rent \u00e0 cette vision, m\u00eame si celle-ci d\u00e9coule avant tout des exigences fix\u00e9es par le droit f\u00e9d\u00e9ral.<\/p>\n<p>\t<a href=\"https:\/\/www.jura.ch\/fr\/Autorites\/Administration\/CHA\/SIC\/Centre-medias\/Communiques-2026.html\" class=\"btn\" rel=\"nofollow noopener\" target=\"_blank\">\u00ab\u00a0\u00a0Retour<\/a>\t<\/p>\n","protected":false},"excerpt":{"rendered":"Date : 28.05.2026 09:30:00 \u00a0 Le Gouvernement transmet au Parlement un message relatif au projet d\u2019arr\u00eat\u00e9 portant adh\u00e9sion&hellip;\n","protected":false},"author":2,"featured_media":150473,"comment_status":"","ping_status":"","sticky":false,"template":"","format":"standard","meta":{"footnotes":"","_share_on_mastodon":"0"},"categories":[3],"tags":[3779,3798,3780,3792,3778,3788,3797,121,3775,3794,119,3784,3787,122,3785,3795,118,3781,120,3786,3793,3789,3782,3776,3777,3783,23,3796,3791,3790],"class_list":["post-150472","post","type-post","status-publish","format-standard","has-post-thumbnail","category-suisse","tag-3779","tag-23-giugno","tag-23-juin","tag-23rd-of-june","tag-administration","tag-administrazion","tag-adminitrazione","tag-ajoie","tag-canton","tag-cantone","tag-delemont","tag-delsberg","tag-doubs","tag-franches-montagnes","tag-freiberge","tag-giura","tag-jura","tag-kanton","tag-porrentruy","tag-pruntrut","tag-repubblica-e-canton-giura","tag-republic","tag-republik-und-kanton-jura","tag-republique-et-canton","tag-saint-ursanne","tag-schweiz","tag-suisse","tag-svizzera","tag-switzerland","tag-website"],"share_on_mastodon":{"url":"https:\/\/pubeurope.com\/@ch_fr\/116651223578938704","error":""},"_links":{"self":[{"href":"https:\/\/www.europesays.com\/ch-fr\/wp-json\/wp\/v2\/posts\/150472","targetHints":{"allow":["GET"]}}],"collection":[{"href":"https:\/\/www.europesays.com\/ch-fr\/wp-json\/wp\/v2\/posts"}],"about":[{"href":"https:\/\/www.europesays.com\/ch-fr\/wp-json\/wp\/v2\/types\/post"}],"author":[{"embeddable":true,"href":"https:\/\/www.europesays.com\/ch-fr\/wp-json\/wp\/v2\/users\/2"}],"replies":[{"embeddable":true,"href":"https:\/\/www.europesays.com\/ch-fr\/wp-json\/wp\/v2\/comments?post=150472"}],"version-history":[{"count":0,"href":"https:\/\/www.europesays.com\/ch-fr\/wp-json\/wp\/v2\/posts\/150472\/revisions"}],"wp:featuredmedia":[{"embeddable":true,"href":"https:\/\/www.europesays.com\/ch-fr\/wp-json\/wp\/v2\/media\/150473"}],"wp:attachment":[{"href":"https:\/\/www.europesays.com\/ch-fr\/wp-json\/wp\/v2\/media?parent=150472"}],"wp:term":[{"taxonomy":"category","embeddable":true,"href":"https:\/\/www.europesays.com\/ch-fr\/wp-json\/wp\/v2\/categories?post=150472"},{"taxonomy":"post_tag","embeddable":true,"href":"https:\/\/www.europesays.com\/ch-fr\/wp-json\/wp\/v2\/tags?post=150472"}],"curies":[{"name":"wp","href":"https:\/\/api.w.org\/{rel}","templated":true}]}}