{"id":155193,"date":"2026-05-31T18:45:18","date_gmt":"2026-05-31T18:45:18","guid":{"rendered":"https:\/\/www.europesays.com\/ch-fr\/155193\/"},"modified":"2026-05-31T18:45:18","modified_gmt":"2026-05-31T18:45:18","slug":"la-vie-tres-discrete-demma-watson-en-france-proprietaire-dun-luxueux-chalet-a-meribel-depuis-18-ans","status":"publish","type":"post","link":"https:\/\/www.europesays.com\/ch-fr\/155193\/","title":{"rendered":"La vie tr\u00e8s discr\u00e8te d\u2019Emma Watson en France, propri\u00e9taire d\u2019un luxueux chalet \u00e0 M\u00e9ribel depuis 18 ans"},"content":{"rendered":"<p>\n    N\u00e9e \u00e0 Paris, la c\u00e9l\u00e8bre actrice a un attachement particulier avec la France. \u00c0 18 ans, elle investissait d\u00e9j\u00e0 dans un luxueux chalet situ\u00e9 dans les Alpes.<\/p>\n<p class=\"fig-paragraph\">Ses vacances d\u2019hiver, elle les passe dans les montagnes fran\u00e7aises. Toujours tr\u00e8s discr\u00e8te sur sa vie priv\u00e9e,\u00a0<a href=\"https:\/\/madame.lefigaro.fr\/tag\/emma-watson\" data-fig-type=\"Keyword\" data-gtm-custom-categorie=\"navigation\" data-gtm-custom-action=\"crossclick\" data-gtm-custom-label=\"Contextuel\" data-gtm-event=\"customEventSPE\" data-fig-domain=\"MADAME\" rel=\"nofollow noopener\" target=\"_blank\">Emma Watson\u00a0<\/a>a fait attention \u00e0 ne pas trop attirer l\u2019attention pour \u00e9viter d\u2019\u00eatre \u00e9pi\u00e9e par les paparazzis. N\u00e9e \u00e0 Paris, l\u2019actrice britannique \u00e2g\u00e9e de 36 ans a toujours eu un attachement particulier avec la France. Elle poss\u00e8de d\u2019ailleurs une r\u00e9sidence secondaire au c\u0153ur des Alpes. En effet, en 2008, alors qu\u2019elle venait de f\u00eater ses 18 ans et avait obtenu son baccalaur\u00e9at haut la main, elle d\u00e9cide d\u2019investir dans un chalet luxueux d\u2019une valeur de 1,2 million de dollars dans la station de ski de\u00a0<a href=\"https:\/\/madame.lefigaro.fr\/evasion\/coucou-de-meribel-coeur-de-megeve-les-7-nouveaux-hotels-des-alpes-031119-167686\" data-fig-type=\"Article\" data-gtm-custom-categorie=\"navigation\" data-gtm-custom-action=\"crossclick\" data-gtm-custom-label=\"Contextuel\" data-gtm-event=\"customEventSPE\" data-fig-domain=\"MADAME\" rel=\"nofollow noopener\" target=\"_blank\">M\u00e9ribel.<\/a><\/p>\n<p class=\"fig-paragraph\">Un achat qui lui permet de se retirer discr\u00e8tement dans les montagnes lors de la saison hivernale. \u00abCette maison, c\u2019est la fa\u00e7on dont Emma c\u00e9l\u00e8bre ses excellentes notes obtenues r\u00e9cemment au baccalaur\u00e9at et le fait de pouvoir enfin disposer d\u2019une partie de l\u2019argent qu\u2019elle a durement gagn\u00e9\u00bb, confiait un ami proche de la star d\u2019Harry Potter au Telegraph, selon\u00a0<a href=\"https:\/\/www.hellomagazine.com\/homes\/903917\/emma-watson-private-life-france-home\/\" target=\"_blank\" rel=\"nofollow noopener\" data-gtm-custom-categorie=\"navigation\" data-gtm-custom-action=\"crossclick\" data-gtm-custom-label=\"Contextuel\" data-gtm-event=\"customEventSPE\">Hello!\u00a0<\/a> \u00e0 l\u2019\u00e9poque o\u00f9 elle a investi dans la demeure. \u00abElle a travaill\u00e9 tr\u00e8s dur cette ann\u00e9e et n\u2019a pas vraiment f\u00eat\u00e9 son anniversaire, alors c\u2019\u00e9tait le cadeau qu\u2019elle s\u2019est offert.\u00bb<\/p>\n<p class=\"fig-body-link&#10;    \">\n            \u00c0 lire aussi<br \/>\n        <a class=\"fig-body-link__link\" href=\"http:\/\/madame.lefigaro.fr\/style\/news\/l-evolution-du-style-d-emma-watson-qui-n-a-en-fait-jamais-evolue-20260418\" data-fig-type=\"Article\" data-gtm-custom-categorie=\"navigation\" data-gtm-custom-action=\"crossclick\" data-gtm-custom-label=\"Contextuel\" data-gtm-event=\"customEventSPE\" data-fig-domain=\"MADAME\" rel=\"nofollow noopener\" target=\"_blank\"><br \/>\n        L\u2019\u00e9volution du style d\u2019Emma Watson (qui n\u2019a, en fait, jamais chang\u00e9)<\/a>\n<\/p>\n<p>                                                <a class=\"fig-a11y-skip\" href=\"#fig-a11y-skip-main-inarticle\" is=\"fig-a11y-skip\" data-trigger-mode=\"visible-once\"><br \/>\n    Passer la publicit\u00e9<br \/>\n<\/a>            <\/p>\n<p>                                                Ne pas attirer l\u2019attention<\/p>\n<p class=\"fig-paragraph\">Toutefois il ne faut pas s\u2019attendre \u00e0 croiser Emma Watson \u00e0 tous les coins de rue. La jeune femme tient \u00e0 sa vie priv\u00e9e et ne souhaite pas se faire remarquer. La derni\u00e8re fois qu\u2019elle avait \u00e9t\u00e9 aper\u00e7ue dans les montagnes fran\u00e7aises c\u2019\u00e9tait en d\u00e9cembre 2024, lorsqu\u2019elle a \u00e9t\u00e9 photographi\u00e9e en train de skier avec des amis \u00e0 Courchevel, qui fait partie du domaine des 3 Vall\u00e9es comme M\u00e9ribel. \u00abIl (le chalet, NDLR) se trouve dans un quartier tr\u00e8s pris\u00e9 de M\u00e9ribel, appr\u00e9ci\u00e9 des c\u00e9l\u00e9brit\u00e9s et des personnes fortun\u00e9es pour son intimit\u00e9. En raison des restrictions environnementales qui limitent les constructions, la demande d\u00e9passe largement l\u2019offre, surtout dans les quartiers les plus hupp\u00e9s\u00bb, racontait Theo Camfferman, qui travaille pour Leggett Immobilier \u00e0 M\u00e9ribel, au\u00a0<a href=\"https:\/\/www.mirror.co.uk\/3am\/celebrity-news\/emma-watson-earns-3-million-5252704\" target=\"_blank\" rel=\"nofollow noopener\" data-gtm-custom-categorie=\"navigation\" data-gtm-custom-action=\"crossclick\" data-gtm-custom-label=\"Contextuel\" data-gtm-event=\"customEventSPE\">Mirror<\/a>, \u00e0 propos du lieu o\u00f9 se trouve le chalet d\u2019Emma Watson.<\/p>\n<p class=\"fig-paragraph\">Selon lui, l\u2019actrice et militante est une skieuse passionn\u00e9e et fait r\u00e9guli\u00e8rement appel \u00e0 un moniteur de la station qui la d\u00e9crit comme \u00abune personne tr\u00e8s agr\u00e9able et sans pr\u00e9tention\u00bb. Elle profite aussi de cette demeure montagnarde pour y passer No\u00ebl avec sa famille, en t\u00e9moignent les photos partag\u00e9es par\u00a0<a href=\"http:\/\/madame.lefigaro.fr\/style\/news\/emma-watson-et-son-frere-assortis-dans-les-gradins-de-wimbledon-20230717\" data-fig-type=\"Article\" data-gtm-custom-categorie=\"navigation\" data-gtm-custom-action=\"crossclick\" data-gtm-custom-label=\"Contextuel\" data-gtm-event=\"customEventSPE\" data-fig-domain=\"MADAME\" rel=\"nofollow noopener\" target=\"_blank\">son fr\u00e8re Alex<\/a>, en 2022\u00a0<a href=\"https:\/\/www.instagram.com\/p\/CmudtvAqWEW\/?utm_source=ig_web_copy_link&amp;igsh=MzRlODBiNWFlZA==\" target=\"_blank\" rel=\"nofollow noopener\" data-gtm-custom-categorie=\"navigation\" data-gtm-custom-action=\"crossclick\" data-gtm-custom-label=\"Contextuel\" data-gtm-event=\"customEventSPE\">sur Instagram<\/a>. Avec ce dernier la star britannique poss\u00e8de aussi un vignoble familial \u00e0 Chablis, connu sous le nom de Domaine Watson. Il a \u00e9t\u00e9 plant\u00e9 par leur p\u00e8re il y a plus de 30 ans et produit de nombreux vins prim\u00e9s. L\u00e0-bas, le duo\u00a0<a href=\"http:\/\/madame.lefigaro.fr\/cuisine\/actu-cuisine\/george-clooney-et-sa-tequila-cameron-diaz-et-son-vin-ces-stars-qui-se-sont-lancees-dans-l-alcool-ou-la-food-20250402\" data-fig-type=\"Article\" data-gtm-custom-categorie=\"navigation\" data-gtm-custom-action=\"crossclick\" data-gtm-custom-label=\"Contextuel\" data-gtm-event=\"customEventSPE\" data-fig-domain=\"MADAME\" rel=\"nofollow noopener\" target=\"_blank\">fabrique aussi son propre gin appel\u00e9 Renais<\/a>. Lorsqu\u2019elle ne se trouve pas dans sa r\u00e9sidence d\u2019Islington au Royaume-Uni ou dans son chalet \u00e0 M\u00e9ribel, Emma Watson profite des paysages de la Bourgogne.<\/p>\n<p>    <script async src=\"\/\/www.instagram.com\/embed.js\"><\/script><\/p>\n","protected":false},"excerpt":{"rendered":"N\u00e9e \u00e0 Paris, la c\u00e9l\u00e8bre actrice a un attachement particulier avec la France. \u00c0 18 ans, elle investissait&hellip;\n","protected":false},"author":2,"featured_media":155194,"comment_status":"","ping_status":"","sticky":false,"template":"","format":"standard","meta":{"footnotes":"","_share_on_mastodon":"0"},"categories":[15],"tags":[158,157,113,6755,112,30,159,23],"class_list":["post-155193","post","type-post","status-publish","format-standard","has-post-thumbnail","category-people","tag-celebrities","tag-celebrity","tag-divertissement","tag-emma-watson","tag-entertainment","tag-france","tag-people","tag-suisse"],"share_on_mastodon":{"url":"https:\/\/pubeurope.com\/@ch_fr\/116670675356482170","error":""},"_links":{"self":[{"href":"https:\/\/www.europesays.com\/ch-fr\/wp-json\/wp\/v2\/posts\/155193","targetHints":{"allow":["GET"]}}],"collection":[{"href":"https:\/\/www.europesays.com\/ch-fr\/wp-json\/wp\/v2\/posts"}],"about":[{"href":"https:\/\/www.europesays.com\/ch-fr\/wp-json\/wp\/v2\/types\/post"}],"author":[{"embeddable":true,"href":"https:\/\/www.europesays.com\/ch-fr\/wp-json\/wp\/v2\/users\/2"}],"replies":[{"embeddable":true,"href":"https:\/\/www.europesays.com\/ch-fr\/wp-json\/wp\/v2\/comments?post=155193"}],"version-history":[{"count":0,"href":"https:\/\/www.europesays.com\/ch-fr\/wp-json\/wp\/v2\/posts\/155193\/revisions"}],"wp:featuredmedia":[{"embeddable":true,"href":"https:\/\/www.europesays.com\/ch-fr\/wp-json\/wp\/v2\/media\/155194"}],"wp:attachment":[{"href":"https:\/\/www.europesays.com\/ch-fr\/wp-json\/wp\/v2\/media?parent=155193"}],"wp:term":[{"taxonomy":"category","embeddable":true,"href":"https:\/\/www.europesays.com\/ch-fr\/wp-json\/wp\/v2\/categories?post=155193"},{"taxonomy":"post_tag","embeddable":true,"href":"https:\/\/www.europesays.com\/ch-fr\/wp-json\/wp\/v2\/tags?post=155193"}],"curies":[{"name":"wp","href":"https:\/\/api.w.org\/{rel}","templated":true}]}}