{"id":156170,"date":"2026-06-01T12:46:09","date_gmt":"2026-06-01T12:46:09","guid":{"rendered":"https:\/\/www.europesays.com\/ch-fr\/156170\/"},"modified":"2026-06-01T12:46:09","modified_gmt":"2026-06-01T12:46:09","slug":"sandro-rossetti-1-5-genevois-du-piemont-troisieme-generation","status":"publish","type":"post","link":"https:\/\/www.europesays.com\/ch-fr\/156170\/","title":{"rendered":"Sandro Rossetti 1\/5 &#8211; Genevois du Pi\u00e9mont, troisi\u00e8me g\u00e9n\u00e9ration"},"content":{"rendered":"<p> Architecte et musicien genevois engag\u00e9, Sandro Rossetti est n\u00e9 \u00e0 Gen\u00e8ve en 1944. Dipl\u00f4m\u00e9 de l\u02b9\u00c9cole d\u02b9architecture de l\u02b9Universit\u00e9 de Gen\u00e8ve, il a exerc\u00e9 comme architecte \u00e0 l\u02b9\u00c9tat de Gen\u00e8ve, tout en d\u00e9veloppant en parall\u00e8le une activit\u00e9 musicale en tant que contrebassiste de jazz. Au fil de son parcours, il s\u02b9investit dans le d\u00e9veloppement de la vie culturelle et la pr\u00e9servation des b\u00e2timents et des quartiers genevois. Il participe notamment \u00e0 la sauvegarde de lieux embl\u00e9matiques tels que les Bains des P\u00e2quis ou le Th\u00e9\u00e2tre de l\u02b9Alhambra, contribuant \u00e0 d\u00e9fendre une vision de la ville ouverte, accessible et vivante. Figure importante de la sc\u00e8ne culturelle genevoise, il est l\u02b9un des fondateurs, en 1973, de l\u02b9AMR (Association pour la musique improvis\u00e9e), du Th\u00e9\u00e2tre du Loup et de la fanfare du m\u00eame nom, en 1978.<br \/>Une s\u00e9rie d&rsquo;Ivor Malherbe.<\/p>\n<p>\u00c0 Gen\u00e8ve, Sandro Rossetti grandit dans le quartier de la Jonction, dans une famille originaire du Pi\u00e9mont. A\u00een\u00e9 de la fratrie, il \u00e9volue dans un environnement o\u00f9 parler fran\u00e7ais devient indispensable, une mani\u00e8re de se faire discret sur ses origines. Et puis il y a cette parenth\u00e8se, brutale, dans son enfance : une tuberculose osseuse qui l\u02b9oblige \u00e0 passer, entre 7 et 12 ans, plusieurs ann\u00e9es alit\u00e9 dans un sanatorium \u00e0 Leysin.<\/p>\n","protected":false},"excerpt":{"rendered":"Architecte et musicien genevois engag\u00e9, Sandro Rossetti est n\u00e9 \u00e0 Gen\u00e8ve en 1944. Dipl\u00f4m\u00e9 de l\u02b9\u00c9cole d\u02b9architecture de&hellip;\n","protected":false},"author":2,"featured_media":156171,"comment_status":"","ping_status":"","sticky":false,"template":"","format":"standard","meta":{"footnotes":"","_share_on_mastodon":"0"},"categories":[17],"tags":[172,1724,13124,170,169,26944,851,23],"class_list":["post-156170","post","type-post","status-publish","format-standard","has-post-thumbnail","category-geneve","tag-culture","tag-entretiens","tag-espace-2","tag-geneva","tag-geneve","tag-la-vie-a-peu-pres","tag-media-radio","tag-suisse"],"share_on_mastodon":{"url":"https:\/\/pubeurope.com\/@ch_fr\/116674926028287223","error":""},"_links":{"self":[{"href":"https:\/\/www.europesays.com\/ch-fr\/wp-json\/wp\/v2\/posts\/156170","targetHints":{"allow":["GET"]}}],"collection":[{"href":"https:\/\/www.europesays.com\/ch-fr\/wp-json\/wp\/v2\/posts"}],"about":[{"href":"https:\/\/www.europesays.com\/ch-fr\/wp-json\/wp\/v2\/types\/post"}],"author":[{"embeddable":true,"href":"https:\/\/www.europesays.com\/ch-fr\/wp-json\/wp\/v2\/users\/2"}],"replies":[{"embeddable":true,"href":"https:\/\/www.europesays.com\/ch-fr\/wp-json\/wp\/v2\/comments?post=156170"}],"version-history":[{"count":0,"href":"https:\/\/www.europesays.com\/ch-fr\/wp-json\/wp\/v2\/posts\/156170\/revisions"}],"wp:featuredmedia":[{"embeddable":true,"href":"https:\/\/www.europesays.com\/ch-fr\/wp-json\/wp\/v2\/media\/156171"}],"wp:attachment":[{"href":"https:\/\/www.europesays.com\/ch-fr\/wp-json\/wp\/v2\/media?parent=156170"}],"wp:term":[{"taxonomy":"category","embeddable":true,"href":"https:\/\/www.europesays.com\/ch-fr\/wp-json\/wp\/v2\/categories?post=156170"},{"taxonomy":"post_tag","embeddable":true,"href":"https:\/\/www.europesays.com\/ch-fr\/wp-json\/wp\/v2\/tags?post=156170"}],"curies":[{"name":"wp","href":"https:\/\/api.w.org\/{rel}","templated":true}]}}