{"id":156342,"date":"2026-06-01T15:04:07","date_gmt":"2026-06-01T15:04:07","guid":{"rendered":"https:\/\/www.europesays.com\/ch-fr\/156342\/"},"modified":"2026-06-01T15:04:07","modified_gmt":"2026-06-01T15:04:07","slug":"gerhard-richter-peintre-sur-lobjectif-a-la-fondation-luma-arles","status":"publish","type":"post","link":"https:\/\/www.europesays.com\/ch-fr\/156342\/","title":{"rendered":"Gerhard Richter, peintre sur l\u2019objectif \u00e0 la Fondation Luma Arles"},"content":{"rendered":"<p>\n    CRITIQUE &#8211; Singuli\u00e8re exposition des photographies peintes de l\u2019artiste allemand qui use du hasard en ma\u00eetre de la composition.<\/p>\n<p class=\"fig-paragraph\">Le grand peintre allemand\u00a0<a href=\"http:\/\/www.lefigaro.fr\/arts-expositions\/gerhard-richter-un-univers-inclassable-a-defricher-a-la-fondation-louis-vuitton-20251015\" data-fig-type=\"Article\" data-gtm-custom-categorie=\"navigation\" data-gtm-custom-action=\"crossclick\" data-gtm-custom-label=\"Contextuel\" data-gtm-event=\"customEventSPE\" data-fig-domain=\"LEFIGARO\" rel=\"nofollow noopener\" target=\"_blank\">Gerhard Richter<\/a>\u00a0s\u2019est expos\u00e9 en format monumental \u00e0 la Fondation Louis Vuitton cet automne, fascinant le public par l\u2019envergure et la puissance picturale de ses \u00ab\u00a0abstraktes bilder\u00a0\u00bb (\u00ab\u00a0peintures abstraites\u00a0\u00bb). Comme si un g\u00e9ant tomb\u00e9 des cieux avait mani\u00e9 un pinceau inconnu, large et rugueux, laissant l\u2019\u00e9corce de la peinture r\u00e9v\u00e9ler le mouvement, la composition et la vie du tableau.<\/p>\n<p class=\"fig-paragraph\">Cette fois, \u00e0 la Fondation Luma Arles, c\u2019est la version miniature de ses \u0153uvres, les \u00ab\u00a0overpainted photographs\u00a0\u00bb qui sid\u00e8rent par leur inventivit\u00e9, leur multitude et leur sensibilit\u00e9. Ces photographies peintes, depuis la fin des ann\u00e9es\u00a01980, sortent, pour l\u2019essentiel, de la collection de l\u2019artiste. Comme un cahier secret de notes, de recherches, de trouvailles. Dans l\u2019accrochage jans\u00e9niste de la galerie principale de la tour, a priori s\u00e9v\u00e8re, leur succession ininterrompue r\u00e9v\u00e8le la force de ce peintre qui se r\u00e9invente sans cesse.<\/p>\n<p class=\"fig-body-link\">\n            \u00c0 lire aussi<br \/>\n        <a class=\"fig-body-link__link fig-premium-mark\" href=\"http:\/\/www.lefigaro.fr\/arts-expositions\/joseph-arzoumanov-la-memoire-du-goulag-et-de-l-or-au-bout-des-doigts-20260529\" data-fig-type=\"Article\" data-gtm-custom-categorie=\"navigation\" data-gtm-custom-action=\"crossclick\" data-gtm-custom-label=\"Contextuel\" data-gtm-event=\"customEventSPE\" data-fig-domain=\"LEFIGARO\" rel=\"nofollow noopener\" target=\"_blank\"><br \/>\n                Joseph Arzoumanov, la m\u00e9moire du goulag et de l\u2019or au bout des doigts<br \/>\n    <\/a>\n<\/p>\n<p class=\"fig-paragraph\">\u00ab\u00a0Richter puise souvent dans ses propres\u2026<\/p>\n<p class=\"fig-premium-paywall__infos\">\n        Cet article est r\u00e9serv\u00e9 aux abonn\u00e9s.        Il vous reste 66% \u00e0 d\u00e9couvrir.\n    <\/p>\n<p>                <img  data- alt=\"Le Figaro\" class=\"fig-img--complete fig-img\"\/><\/p>\n<p class=\"fig-premium-paywall__title\">Vous avez envie de lire la suite ?<\/p>\n<p class=\"fig-premium-paywall__subtitle\">D\u00e9bloquez tous les articles imm\u00e9diatement.<\/p>\n<p class=\"fig-premium-paywall__connect\">\n                D\u00e9j\u00e0 abonn\u00e9\u00a0?                <a class=\"fig-premium-paywall__connect-link\" href=\"https:\/\/connect.lefigaro.fr\/login?client=horizon_web&amp;type=main&amp;redirect_uri=https%3A%2F%2Fwww.lefigaro.fr%2Fculture%2Fgerhard-richter-peintre-sur-l-objectif-a-la-fondation-luma-arles-20260601\" data-js-gtm=\"{&quot;event&quot;:&quot;customEventGA4&quot;,&quot;eventName&quot;:&quot;click_action&quot;,&quot;feature&quot;:&quot;paywall&quot;,&quot;location&quot;:&quot;paywall&quot;,&quot;button_action&quot;:&quot;connect&quot;,&quot;click_text&quot;:&quot;Connectez-vous&quot;}\" rel=\"nofollow noopener\" target=\"_blank\"><br \/>\n                    Connectez-vous<br \/>\n                <\/a>\n            <\/p>\n","protected":false},"excerpt":{"rendered":"CRITIQUE &#8211; Singuli\u00e8re exposition des photographies peintes de l\u2019artiste allemand qui use du hasard en ma\u00eetre de la&hellip;\n","protected":false},"author":2,"featured_media":156343,"comment_status":"","ping_status":"","sticky":false,"template":"","format":"standard","meta":{"footnotes":"","_share_on_mastodon":"0"},"categories":[14],"tags":[155,156,113,112,38460,23],"class_list":["post-156342","post","type-post","status-publish","format-standard","has-post-thumbnail","category-arts-et-design","tag-arts-and-design","tag-arts-et-design","tag-divertissement","tag-entertainment","tag-gerhard-richter","tag-suisse"],"share_on_mastodon":{"url":"https:\/\/pubeurope.com\/@ch_fr\/116675468942473638","error":""},"_links":{"self":[{"href":"https:\/\/www.europesays.com\/ch-fr\/wp-json\/wp\/v2\/posts\/156342","targetHints":{"allow":["GET"]}}],"collection":[{"href":"https:\/\/www.europesays.com\/ch-fr\/wp-json\/wp\/v2\/posts"}],"about":[{"href":"https:\/\/www.europesays.com\/ch-fr\/wp-json\/wp\/v2\/types\/post"}],"author":[{"embeddable":true,"href":"https:\/\/www.europesays.com\/ch-fr\/wp-json\/wp\/v2\/users\/2"}],"replies":[{"embeddable":true,"href":"https:\/\/www.europesays.com\/ch-fr\/wp-json\/wp\/v2\/comments?post=156342"}],"version-history":[{"count":0,"href":"https:\/\/www.europesays.com\/ch-fr\/wp-json\/wp\/v2\/posts\/156342\/revisions"}],"wp:featuredmedia":[{"embeddable":true,"href":"https:\/\/www.europesays.com\/ch-fr\/wp-json\/wp\/v2\/media\/156343"}],"wp:attachment":[{"href":"https:\/\/www.europesays.com\/ch-fr\/wp-json\/wp\/v2\/media?parent=156342"}],"wp:term":[{"taxonomy":"category","embeddable":true,"href":"https:\/\/www.europesays.com\/ch-fr\/wp-json\/wp\/v2\/categories?post=156342"},{"taxonomy":"post_tag","embeddable":true,"href":"https:\/\/www.europesays.com\/ch-fr\/wp-json\/wp\/v2\/tags?post=156342"}],"curies":[{"name":"wp","href":"https:\/\/api.w.org\/{rel}","templated":true}]}}