{"id":157394,"date":"2026-06-02T09:18:35","date_gmt":"2026-06-02T09:18:35","guid":{"rendered":"https:\/\/www.europesays.com\/ch-fr\/157394\/"},"modified":"2026-06-02T09:18:35","modified_gmt":"2026-06-02T09:18:35","slug":"les-cantons-de-berne-et-du-jura-se-mettent-daccord-sur-lharmonisation-de-leurs-filieres-de-formation-artisanale","status":"publish","type":"post","link":"https:\/\/www.europesays.com\/ch-fr\/157394\/","title":{"rendered":"Les cantons de Berne et du Jura se mettent d\u2019accord sur l\u2019harmonisation de leurs fili\u00e8res de formation artisanale"},"content":{"rendered":"<p>Le ceff Artisanat, actuellement situ\u00e9 \u00e0 Moutier, sera transf\u00e9r\u00e9 \u00e0 Bienne. D\u00e8s ao\u00fbt 2027, il assurera l\u2019enseignement th\u00e9orique, dans des fili\u00e8res communes aux deux cantons, pour les professions suivantes:<\/p>\n<p>Agents d\u2019exploitation CFC, bouchers-charcutiers CFC, charpentiers CFC, constructeurs de routes CFC, \u00e9lectriciens de montage CFC, forestiers-b\u00fbcherons CFC, logisticiens AFP, logisticiens de distribution CFC, ma\u00e7ons AFP, scieurs de l\u2019industrie du bois CFC et sp\u00e9cialistes en restauration CFC.<br \/>\u00a0<\/p>\n<p>\u00c0 la m\u00eame date, la Division artisanale du CEJEF dispensera l\u2019enseignement th\u00e9orique, dans des fili\u00e8res communes aux deux cantons, dans les professions suivantes:<\/p>\n<p>Boulangers-p\u00e2tissiers CFC, carreleurs AFP et CFC, constructeurs d\u2019appareils industriels CFC, constructeurs m\u00e9talliques AFP et CFC, dessinateurs en architecture CFC, dessinateurs en g\u00e9nie civil CFC, ferblantiers CFC, installateurs \u00e9lectriciens CFC, installateurs en chauffage CFC, installateurs sanitaires CFC, ma\u00e7ons CFC, menuisiers-\u00e9b\u00e9nistes CFC, peintres CFC et logisticiens de stockage CFC.<\/p>\n","protected":false},"excerpt":{"rendered":"Le ceff Artisanat, actuellement situ\u00e9 \u00e0 Moutier, sera transf\u00e9r\u00e9 \u00e0 Bienne. D\u00e8s ao\u00fbt 2027, il assurera l\u2019enseignement th\u00e9orique,&hellip;\n","protected":false},"author":2,"featured_media":157395,"comment_status":"","ping_status":"","sticky":false,"template":"","format":"standard","meta":{"footnotes":"","_share_on_mastodon":"0"},"categories":[20],"tags":[3779,3798,3780,3792,3778,3788,3797,121,193,192,3775,3794,119,3784,3787,122,3785,3795,118,3781,120,3786,3793,3789,3782,3776,3777,3783,23,3796,3791,3790],"class_list":["post-157394","post","type-post","status-publish","format-standard","has-post-thumbnail","category-berne","tag-3779","tag-23-giugno","tag-23-juin","tag-23rd-of-june","tag-administration","tag-administrazion","tag-adminitrazione","tag-ajoie","tag-bern","tag-berne","tag-canton","tag-cantone","tag-delemont","tag-delsberg","tag-doubs","tag-franches-montagnes","tag-freiberge","tag-giura","tag-jura","tag-kanton","tag-porrentruy","tag-pruntrut","tag-repubblica-e-canton-giura","tag-republic","tag-republik-und-kanton-jura","tag-republique-et-canton","tag-saint-ursanne","tag-schweiz","tag-suisse","tag-svizzera","tag-switzerland","tag-website"],"share_on_mastodon":{"url":"https:\/\/pubeurope.com\/@ch_fr\/116679770492983039","error":""},"_links":{"self":[{"href":"https:\/\/www.europesays.com\/ch-fr\/wp-json\/wp\/v2\/posts\/157394","targetHints":{"allow":["GET"]}}],"collection":[{"href":"https:\/\/www.europesays.com\/ch-fr\/wp-json\/wp\/v2\/posts"}],"about":[{"href":"https:\/\/www.europesays.com\/ch-fr\/wp-json\/wp\/v2\/types\/post"}],"author":[{"embeddable":true,"href":"https:\/\/www.europesays.com\/ch-fr\/wp-json\/wp\/v2\/users\/2"}],"replies":[{"embeddable":true,"href":"https:\/\/www.europesays.com\/ch-fr\/wp-json\/wp\/v2\/comments?post=157394"}],"version-history":[{"count":0,"href":"https:\/\/www.europesays.com\/ch-fr\/wp-json\/wp\/v2\/posts\/157394\/revisions"}],"wp:featuredmedia":[{"embeddable":true,"href":"https:\/\/www.europesays.com\/ch-fr\/wp-json\/wp\/v2\/media\/157395"}],"wp:attachment":[{"href":"https:\/\/www.europesays.com\/ch-fr\/wp-json\/wp\/v2\/media?parent=157394"}],"wp:term":[{"taxonomy":"category","embeddable":true,"href":"https:\/\/www.europesays.com\/ch-fr\/wp-json\/wp\/v2\/categories?post=157394"},{"taxonomy":"post_tag","embeddable":true,"href":"https:\/\/www.europesays.com\/ch-fr\/wp-json\/wp\/v2\/tags?post=157394"}],"curies":[{"name":"wp","href":"https:\/\/api.w.org\/{rel}","templated":true}]}}