{"id":158773,"date":"2026-06-03T06:46:18","date_gmt":"2026-06-03T06:46:18","guid":{"rendered":"https:\/\/www.europesays.com\/ch-fr\/158773\/"},"modified":"2026-06-03T06:46:18","modified_gmt":"2026-06-03T06:46:18","slug":"laissez-vous-guider-quels-lieux-mythiques-parisiens-seront-evoques-ce-soir-dans-lemission-de-stephane-bern-et-lorant-deutsch","status":"publish","type":"post","link":"https:\/\/www.europesays.com\/ch-fr\/158773\/","title":{"rendered":"\u00ab Laissez-vous guider \u00bb : quels lieux mythiques parisiens seront \u00e9voqu\u00e9s ce soir dans l\u2019\u00e9mission de St\u00e9phane Bern et Lor\u00e0nt Deutsch ?"},"content":{"rendered":"<p class=\"mb-4 text-lg md:leading-8 break-words\">Ce mardi 2 juin, France 2 ram\u00e8ne ses t\u00e9l\u00e9spectateurs un si\u00e8cle en arri\u00e8re. St\u00e9phane Bern et Lor\u00e0nt Deutsch font en effet leur retour ce soir pour un nouvel \u00e9pisode de Laissez-vous guider, consacr\u00e9 cette fois au Paris des\u00a0Ann\u00e9es folles.\u00a0\u00ab Dans les ann\u00e9es 1920, Paris est prise d\u2019une fr\u00e9n\u00e9sie de f\u00eate et de fantaisie qui n\u2019a qu\u2019un but : oublier les horreurs de la Premi\u00e8re Guerre mondiale. En une d\u00e9cennie, la capitale fran\u00e7aise se tourne d\u00e9finitivement vers la modernit\u00e9, et la soci\u00e9t\u00e9 en est profond\u00e9ment boulevers\u00e9e\u00a0\u00bb, peut-on lire dans le dossier de pr\u00e9sentation de France 2.<\/p>\n<p>Cinq lieux parisiens disparus revisit\u00e9s ce soir gr\u00e2ce \u00e0 la 3D<\/p>\n<p class=\"mb-4 text-lg md:leading-8 break-words\">Pour mener \u00e0 bien cette plong\u00e9e dans le Paris du d\u00e9but du XX\u00e8me si\u00e8cle, les deux pr\u00e9sentateurs vont s&rsquo;immerger dans des lieux cultes de la capitale fran\u00e7aise, qui ont aujourd&rsquo;hui disparu. Des b\u00e2timents qui reprennent vie ce soir gr\u00e2ce \u00e0 la technologie 3D, comme le Bal Bullier, un lieu incontournable de l&rsquo;apr\u00e8s-guerre, situ\u00e9 non loin du jardin du Luxembourg, en plein coeur de Paris. L&rsquo;endroit, qui \u00e9tait une v\u00e9ritable institution de la nuit parisienne, a d\u00e9finitivement ferm\u00e9 ses portes en 1940. Autre lieu visit\u00e9 ce soir : l&rsquo;ancienne gare Montparnasse, qui n&rsquo;avait pas grand chose \u00e0 voir il ya un si\u00e8cle avec celle que l&rsquo;on conna\u00eet aujourd&rsquo;hui. On replongera aussi dans l&rsquo;exposition des Arts d\u00e9coratifs, qui s&rsquo;\u00e9tait tenue \u00e0 Paris en 1925, et on visitera l&rsquo;usine Citro\u00ebn de Javel, qui employait dans les ann\u00e9es 20 pr\u00e8s de 30 000 personnes. Enfin,\u00a0Lor\u00e0nt Deutsch et St\u00e9phane Bern redonneront \u00e9galement vie \u00e0 \u00ab\u00a0La Zone \u00bb, un bidonville qui entourait la capitale durant les Ann\u00e9es folles.<\/p>\n<p>Quelle audience pour ce nouveau num\u00e9ro de \u00ab\u00a0Laissez-vous guider\u00a0\u00bb ?<\/p>\n<p class=\"mb-4 text-lg md:leading-8 break-words\">Diffus\u00e9e sur France 2 depuis 2018, Laissez-vous guider propose des visites grandeur nature incarn\u00e9es par deux visages bien connus des t\u00e9l\u00e9spectateurs. Le programme les avait ainsi replong\u00e9s au coeur de la R\u00e9volution fran\u00e7aise, dans l&rsquo;\u00e2ge d&rsquo;or des pirates et des corsaires, au temps des Gallo-Romains ou encore \u00e0 l&rsquo;\u00e9poque de l&rsquo; \u00c9gypte antique. Quatorze \u00e9missions ont \u00e9t\u00e9 produites \u00e0 ce jour (en comptant celle de ce soir), avec un record d&rsquo;audience \u00e0 un peu plus de 3 millions de curieux le 30 avril 2020 avec l&rsquo;\u00e9pisode consacr\u00e9 au Paris Haussmannien. Depuis 2023, l&rsquo;\u00e9mission n&rsquo;a pas r\u00e9ussi \u00e0 d\u00e9passer le cap des 2 milions de t\u00e9l\u00e9spectateurs : reprendra-t-elle des couleurs ce soir ?<\/p>\n","protected":false},"excerpt":{"rendered":"Ce mardi 2 juin, France 2 ram\u00e8ne ses t\u00e9l\u00e9spectateurs un si\u00e8cle en arri\u00e8re. St\u00e9phane Bern et Lor\u00e0nt Deutsch&hellip;\n","protected":false},"author":2,"featured_media":158774,"comment_status":"","ping_status":"","sticky":false,"template":"","format":"standard","meta":{"footnotes":"","_share_on_mastodon":"0"},"categories":[20],"tags":[193,192,24019,38873,758,38875,38764,38874,227,23],"class_list":["post-158773","post","type-post","status-publish","format-standard","has-post-thumbnail","category-berne","tag-bern","tag-berne","tag-ce-soir","tag-dossier-de-presentation","tag-france-2","tag-jardin-du-luxembourg","tag-lorant-deutsch","tag-morgane-production","tag-stephane-bern","tag-suisse"],"share_on_mastodon":{"url":"https:\/\/pubeurope.com\/@ch_fr\/116684834987743173","error":""},"_links":{"self":[{"href":"https:\/\/www.europesays.com\/ch-fr\/wp-json\/wp\/v2\/posts\/158773","targetHints":{"allow":["GET"]}}],"collection":[{"href":"https:\/\/www.europesays.com\/ch-fr\/wp-json\/wp\/v2\/posts"}],"about":[{"href":"https:\/\/www.europesays.com\/ch-fr\/wp-json\/wp\/v2\/types\/post"}],"author":[{"embeddable":true,"href":"https:\/\/www.europesays.com\/ch-fr\/wp-json\/wp\/v2\/users\/2"}],"replies":[{"embeddable":true,"href":"https:\/\/www.europesays.com\/ch-fr\/wp-json\/wp\/v2\/comments?post=158773"}],"version-history":[{"count":0,"href":"https:\/\/www.europesays.com\/ch-fr\/wp-json\/wp\/v2\/posts\/158773\/revisions"}],"wp:featuredmedia":[{"embeddable":true,"href":"https:\/\/www.europesays.com\/ch-fr\/wp-json\/wp\/v2\/media\/158774"}],"wp:attachment":[{"href":"https:\/\/www.europesays.com\/ch-fr\/wp-json\/wp\/v2\/media?parent=158773"}],"wp:term":[{"taxonomy":"category","embeddable":true,"href":"https:\/\/www.europesays.com\/ch-fr\/wp-json\/wp\/v2\/categories?post=158773"},{"taxonomy":"post_tag","embeddable":true,"href":"https:\/\/www.europesays.com\/ch-fr\/wp-json\/wp\/v2\/tags?post=158773"}],"curies":[{"name":"wp","href":"https:\/\/api.w.org\/{rel}","templated":true}]}}