{"id":160221,"date":"2026-06-04T04:10:09","date_gmt":"2026-06-04T04:10:09","guid":{"rendered":"https:\/\/www.europesays.com\/ch-fr\/160221\/"},"modified":"2026-06-04T04:10:09","modified_gmt":"2026-06-04T04:10:09","slug":"un-mois-de-juin-riche-en-animations-art-et-prevention-a-la-mediatheque-de-saint-clar","status":"publish","type":"post","link":"https:\/\/www.europesays.com\/ch-fr\/160221\/","title":{"rendered":"Un mois de juin riche en animations, art et pr\u00e9vention \u00e0 la m\u00e9diath\u00e8que de Saint-Clar"},"content":{"rendered":"<p>L\u2019exposition \u00ab\u00a0L\u2019Art d\u00e9co \u00e0 l\u2019\u00e8re de l\u2019IA\u00a0\u00bb durera tout le mois de juin (entr\u00e9e libre). Une visite \u00e0 la chocolaterie Ethiquable aura lieu samedi 6 juin, \u00e0 10 heures (sur inscription ; places limit\u00e9es ; 5 \u20ac). Un atelier \u00ab\u00a0Ecrire un avenir d\u00e9sirable\u00a0\u00bb sera propos\u00e9 les samedis 6 et 27 juin, \u00e0 14 heures (sur inscription, places limit\u00e9es). Des ateliers sant\u00e9, \u00e0 partir de 60 ans, prendront place les jeudis 11, 18 et 25 juin, de 10 heures \u00e0 11 h 30 (sur inscription, places limit\u00e9es). \u00ab\u00a0Le Choix de l\u2019\u00e9tag\u00e8re\u00a0\u00bb reviendra jeudi 11 juin, \u00e0 15 heures, alors qu\u2019un apr\u00e8s-midi jeux sera propos\u00e9 aux adolescents \u00e0 partir de 10 ans et aux adultes samedi 13 juin, \u00e0 14 h 30. Mercredi 17 juin, \u00e0 15 heures, un atelier relaxation se fera sur inscription et on pourra d\u00e9couvrir le film \u00ab\u00a0L\u2019Appart du futur\u00a0\u00bb samedi 27 juin, \u00e0 10 heures (sur inscription, places limit\u00e9es ; auberge espagnole).<\/p>\n<p>Les ateliers \u00ab\u00a0Sport sant\u00e9\u00a0\u00bb, avec Johns Hounsou, di\u00e9t\u00e9ticien-nutritionniste, seront l\u2019occasion de faire le point sur la pr\u00e9vention, l\u2019alimentation et l\u2019activit\u00e9 physique apr\u00e8s 60 ans (gratuit, sur inscription par mail, <a href=\"https:\/\/www.ladepeche.fr\/2026\/06\/04\/mailto:mediatheque@stclar32.fr\" rel=\"nofollow noopener\" target=\"_blank\">mediatheque@stclar32.fr<\/a> ou sur place). L\u2019objectif sera d\u2019aborder la compr\u00e9hension des maladies m\u00e9taboliques et cardiovasculaires apr\u00e8s 60 ans, l\u2019adaptation de l\u2019alimentation en fonction des pathologies, ainsi que l\u2019importance physique dans une logique de sport sant\u00e9. Le tout de mani\u00e8re accessible, concr\u00e8te et conviviale afin de permettre aux participants d\u2019\u00e9changer facilement autour de leurs probl\u00e9matiques du quotidien.<\/p>\n<p>La m\u00e9diath\u00e8que est ouverte les lundis, mercredis et vendredis, de 15 heures \u00e0 18 heures, les jeudis, de 9 h 30 \u00e0 12 h 30, et les samedis, de 9 h 30 \u00e0 12 h 30 et de 14 heures \u00e0 17 heures. Renseignements au 05.62.07.49.12.<\/p>\n","protected":false},"excerpt":{"rendered":"L\u2019exposition \u00ab\u00a0L\u2019Art d\u00e9co \u00e0 l\u2019\u00e8re de l\u2019IA\u00a0\u00bb durera tout le mois de juin (entr\u00e9e libre). Une visite \u00e0&hellip;\n","protected":false},"author":2,"featured_media":160222,"comment_status":"","ping_status":"","sticky":false,"template":"","format":"standard","meta":{"footnotes":"","_share_on_mastodon":"0"},"categories":[9],"tags":[1649,291,97,83,39168,84,23],"class_list":["post-160221","post","type-post","status-publish","format-standard","has-post-thumbnail","category-sante","tag-animations","tag-culture-et-loisirs","tag-gers","tag-health","tag-saintclar","tag-sante","tag-suisse"],"share_on_mastodon":{"url":"https:\/\/pubeurope.com\/@ch_fr\/116689883881515432","error":""},"_links":{"self":[{"href":"https:\/\/www.europesays.com\/ch-fr\/wp-json\/wp\/v2\/posts\/160221","targetHints":{"allow":["GET"]}}],"collection":[{"href":"https:\/\/www.europesays.com\/ch-fr\/wp-json\/wp\/v2\/posts"}],"about":[{"href":"https:\/\/www.europesays.com\/ch-fr\/wp-json\/wp\/v2\/types\/post"}],"author":[{"embeddable":true,"href":"https:\/\/www.europesays.com\/ch-fr\/wp-json\/wp\/v2\/users\/2"}],"replies":[{"embeddable":true,"href":"https:\/\/www.europesays.com\/ch-fr\/wp-json\/wp\/v2\/comments?post=160221"}],"version-history":[{"count":0,"href":"https:\/\/www.europesays.com\/ch-fr\/wp-json\/wp\/v2\/posts\/160221\/revisions"}],"wp:featuredmedia":[{"embeddable":true,"href":"https:\/\/www.europesays.com\/ch-fr\/wp-json\/wp\/v2\/media\/160222"}],"wp:attachment":[{"href":"https:\/\/www.europesays.com\/ch-fr\/wp-json\/wp\/v2\/media?parent=160221"}],"wp:term":[{"taxonomy":"category","embeddable":true,"href":"https:\/\/www.europesays.com\/ch-fr\/wp-json\/wp\/v2\/categories?post=160221"},{"taxonomy":"post_tag","embeddable":true,"href":"https:\/\/www.europesays.com\/ch-fr\/wp-json\/wp\/v2\/tags?post=160221"}],"curies":[{"name":"wp","href":"https:\/\/api.w.org\/{rel}","templated":true}]}}