{"id":161689,"date":"2026-06-05T02:04:10","date_gmt":"2026-06-05T02:04:10","guid":{"rendered":"https:\/\/www.europesays.com\/ch-fr\/161689\/"},"modified":"2026-06-05T02:04:10","modified_gmt":"2026-06-05T02:04:10","slug":"lenovo-lance-un-nouveau-thinkpad-de-14-pouces-avec-un-ecran-oled-vrr-de-120-hz-et-intel-panther-lake","status":"publish","type":"post","link":"https:\/\/www.europesays.com\/ch-fr\/161689\/","title":{"rendered":"Lenovo lance un nouveau ThinkPad de 14 pouces avec un \u00e9cran OLED VRR de 120 Hz et Intel Panther Lake"},"content":{"rendered":"<p class=\"bodytext\">De plus, Lenovo propose le portable avec 32 Go de RAM LPDDR5X-8533 et 256 Go, 512 Go ou 1 To de stockage M.2 2280 (PCIe 4.0). En outre, le ThinkPad T14s Gen 7 est propos\u00e9 avec quatre options d&rsquo;affichage, dont trois panneaux IPS 1200p et 60 Hz. Lenovo propose \u00e9galement un \u00e9cran OLED 1800p avec un taux de rafra\u00eechissement variable de 30 \u00e0 120 Hz, une luminosit\u00e9 SDR de 500 nits et un rev\u00eatement antireflet.<\/p>\n<p class=\"bodytext\">Pour une raison quelconque, les options WWAN ne sont pas encore disponibles en Am\u00e9rique du Nord. Il convient \u00e9galement de noter que tous les mod\u00e8les sont livr\u00e9s avec une batterie de 58 Wh et la connectivit\u00e9 Wi-Fi 7. Veuillez consulter <a href=\"https:\/\/www.lenovo.com\/us\/en\/p\/laptops\/thinkpad\/thinkpadt\/lenovo-thinkpad-t14s-gen-7-14-inch-intel-\/len101t0155\" target=\"_blank\" rel=\"nofollow noopener\">le site web de Lenovo<\/a> et <a href=\"http:\/\/www.notebookcheck.net\/Lenovo-ThinkPad-T14s-Gen-7-debuts-with-Snapdragon-X2-Elite-and-more-lightweight-1-1-kg-chassis.1239025.0.html\" target=\"_self\" rel=\"nofollow noopener\">notre article sur le lancement<\/a> pour plus de d\u00e9tails.<\/p>\n","protected":false},"excerpt":{"rendered":"De plus, Lenovo propose le portable avec 32 Go de RAM LPDDR5X-8533 et 256 Go, 512 Go ou&hellip;\n","protected":false},"author":2,"featured_media":161690,"comment_status":"","ping_status":"","sticky":false,"template":"","format":"standard","meta":{"footnotes":"","_share_on_mastodon":"0"},"categories":[7],"tags":[74,4821,4822,8106,8108,70,7282,39423,72,71,61,57,59,58,23,60,62,73,39422],"class_list":["post-161689","post","type-post","status-publish","format-standard","has-post-thumbnail","category-sciences-et-technologies","tag-informations-sur-des-ordinateurs-portatifs","tag-intel","tag-intel-panther-lake","tag-lenovo","tag-lenovo-thinkpad","tag-nouvelles","tag-oled","tag-oled-thinkpad","tag-rapport","tag-revues","tag-science","tag-science-and-technology","tag-sciences","tag-sciences-et-technologies","tag-suisse","tag-technologies","tag-technology","tag-test","tag-thinkpad-t14s-gen-7"],"share_on_mastodon":{"url":"https:\/\/pubeurope.com\/@ch_fr\/116695050847787092","error":""},"_links":{"self":[{"href":"https:\/\/www.europesays.com\/ch-fr\/wp-json\/wp\/v2\/posts\/161689","targetHints":{"allow":["GET"]}}],"collection":[{"href":"https:\/\/www.europesays.com\/ch-fr\/wp-json\/wp\/v2\/posts"}],"about":[{"href":"https:\/\/www.europesays.com\/ch-fr\/wp-json\/wp\/v2\/types\/post"}],"author":[{"embeddable":true,"href":"https:\/\/www.europesays.com\/ch-fr\/wp-json\/wp\/v2\/users\/2"}],"replies":[{"embeddable":true,"href":"https:\/\/www.europesays.com\/ch-fr\/wp-json\/wp\/v2\/comments?post=161689"}],"version-history":[{"count":0,"href":"https:\/\/www.europesays.com\/ch-fr\/wp-json\/wp\/v2\/posts\/161689\/revisions"}],"wp:featuredmedia":[{"embeddable":true,"href":"https:\/\/www.europesays.com\/ch-fr\/wp-json\/wp\/v2\/media\/161690"}],"wp:attachment":[{"href":"https:\/\/www.europesays.com\/ch-fr\/wp-json\/wp\/v2\/media?parent=161689"}],"wp:term":[{"taxonomy":"category","embeddable":true,"href":"https:\/\/www.europesays.com\/ch-fr\/wp-json\/wp\/v2\/categories?post=161689"},{"taxonomy":"post_tag","embeddable":true,"href":"https:\/\/www.europesays.com\/ch-fr\/wp-json\/wp\/v2\/tags?post=161689"}],"curies":[{"name":"wp","href":"https:\/\/api.w.org\/{rel}","templated":true}]}}