{"id":161951,"date":"2026-06-05T06:39:18","date_gmt":"2026-06-05T06:39:18","guid":{"rendered":"https:\/\/www.europesays.com\/ch-fr\/161951\/"},"modified":"2026-06-05T06:39:18","modified_gmt":"2026-06-05T06:39:18","slug":"en-fort-repli-lors-du-dernier-sondage-camille-combal-annonce-son-depart-de-la-radio-nrj-ou-il-animait-les-apres-midis-depuis-deux-ans-une-nouvelle-aventure-mattend","status":"publish","type":"post","link":"https:\/\/www.europesays.com\/ch-fr\/161951\/","title":{"rendered":"En fort repli lors du dernier sondage, Camille Combal annonce son d\u00e9part de la radio NRJ o\u00f9 il animait les apr\u00e8s-midis depuis deux ans : \u00ab\u00a0Une nouvelle aventure m\u2019attend\u00a0\u00bb"},"content":{"rendered":"<p>Une question se posait depuis quelques semaines, Camille Combal va-t-il rempiler pour une troisi\u00e8me saison sur NRJ \u00e0 la rentr\u00e9e. La r\u00e9ponse est &#8230; non!<\/p>\n<p>Dans un communiqu\u00e9, la station annonce: \u00ab\u00a0Les meilleures surprises sont celles que l\u2019on ne voit pas venir. Ce qui devait \u00eatre une aventure de trois mois s\u2019est transform\u00e9 en deux ann\u00e9es d\u2019antenne de complicit\u00e9 et de fous rires partag\u00e9s avec les auditeurs de NRJ. \u00ab\u00a0<\/p>\n<p>Et d&rsquo;ajouter: \u00ab\u00a0Une belle parenth\u00e8se qui se fermera avec le sourire \u00e0 la fin de la saison.\u00a0\u00bb<\/p>\n<p>Rappelons que selon la derni\u00e8re vague d&rsquo;audience de M\u00e9diam\u00e9trie, sur la p\u00e9riode de janvier \u00e0 mars 2026, le programme avait \u00e9t\u00e9 \u00e9cout\u00e9 par 365.000 auditeurs, soit un repli de 107 000 personnes sur un an.<\/p>\n<p>Camille Combal \u00e9tait arriv\u00e9 sur NRJ le 14 octobre 2024, en charge du 16h \/ 19h \u00e0 la base pour \u00ab\u00a0quelques semaines\u00a0\u00bb.\u00a0L&rsquo;animateur sera finalement rest\u00e9 deux saisons.<br \/>C&rsquo;est le 26 juin prochain qu&rsquo;il pr\u00e9sentera sa derni\u00e8re \u00e9mission. La station n&rsquo;a pas encore annonc\u00e9 le nom de celle ou celui qui le remplacera \u00e0 la rentr\u00e9e.<\/p>\n<p>\u00ab\u00a0Je remercie NRJ pour la confiance accord\u00e9e durant ces deux ann\u00e9es, Une nouvelle aventure m\u2019attend. Je remercie toutes les \u00e9quipes de NRJ. Ma team que j\u2019aime. Et avant tout, les auditeurs pour leur fid\u00e9lit\u00e9\u00a0\u00bb,\u00a0 explique Camille Combal dans le communiqu\u00e9.<\/p>\n<p>L&rsquo;animateur va tenter une nouvelle aventure, celle du th\u00e9\u00e2tre! Il sera sur les planches \u00e0 partir du mois de d\u00e9cembre dans la pi\u00e8ce \u00ab\u00a0La Lettre\u00a0\u00bb aux c\u00f4t\u00e9s de l&rsquo;humoriste Maxime Gasteuil.<\/p>\n","protected":false},"excerpt":{"rendered":"Une question se posait depuis quelques semaines, Camille Combal va-t-il rempiler pour une troisi\u00e8me saison sur NRJ \u00e0&hellip;\n","protected":false},"author":2,"featured_media":161952,"comment_status":"","ping_status":"","sticky":false,"template":"","format":"standard","meta":{"footnotes":"","_share_on_mastodon":"0"},"categories":[15],"tags":[1075,158,157,113,18367,112,440,159,23],"class_list":["post-161951","post","type-post","status-publish","format-standard","has-post-thumbnail","category-people","tag-camille-combal","tag-celebrities","tag-celebrity","tag-divertissement","tag-du00e9part","tag-entertainment","tag-nrj","tag-people","tag-suisse"],"share_on_mastodon":{"url":"https:\/\/pubeurope.com\/@ch_fr\/116696132297801037","error":""},"_links":{"self":[{"href":"https:\/\/www.europesays.com\/ch-fr\/wp-json\/wp\/v2\/posts\/161951","targetHints":{"allow":["GET"]}}],"collection":[{"href":"https:\/\/www.europesays.com\/ch-fr\/wp-json\/wp\/v2\/posts"}],"about":[{"href":"https:\/\/www.europesays.com\/ch-fr\/wp-json\/wp\/v2\/types\/post"}],"author":[{"embeddable":true,"href":"https:\/\/www.europesays.com\/ch-fr\/wp-json\/wp\/v2\/users\/2"}],"replies":[{"embeddable":true,"href":"https:\/\/www.europesays.com\/ch-fr\/wp-json\/wp\/v2\/comments?post=161951"}],"version-history":[{"count":0,"href":"https:\/\/www.europesays.com\/ch-fr\/wp-json\/wp\/v2\/posts\/161951\/revisions"}],"wp:featuredmedia":[{"embeddable":true,"href":"https:\/\/www.europesays.com\/ch-fr\/wp-json\/wp\/v2\/media\/161952"}],"wp:attachment":[{"href":"https:\/\/www.europesays.com\/ch-fr\/wp-json\/wp\/v2\/media?parent=161951"}],"wp:term":[{"taxonomy":"category","embeddable":true,"href":"https:\/\/www.europesays.com\/ch-fr\/wp-json\/wp\/v2\/categories?post=161951"},{"taxonomy":"post_tag","embeddable":true,"href":"https:\/\/www.europesays.com\/ch-fr\/wp-json\/wp\/v2\/tags?post=161951"}],"curies":[{"name":"wp","href":"https:\/\/api.w.org\/{rel}","templated":true}]}}