{"id":162425,"date":"2026-06-05T12:28:09","date_gmt":"2026-06-05T12:28:09","guid":{"rendered":"https:\/\/www.europesays.com\/ch-fr\/162425\/"},"modified":"2026-06-05T12:28:09","modified_gmt":"2026-06-05T12:28:09","slug":"qui-est-alize-lim-la-tenniswoman-francaise-qui-a-decroche-un-role-dans-the-white-lotus","status":"publish","type":"post","link":"https:\/\/www.europesays.com\/ch-fr\/162425\/","title":{"rendered":"Qui est Aliz\u00e9 Lim, la tenniswoman fran\u00e7aise qui a d\u00e9croch\u00e9 un r\u00f4le dans The White Lotus ?"},"content":{"rendered":"<p>\n    L\u2019ex-promesse du tennis fran\u00e7ais, qui a r\u00e9cemment repris sa carri\u00e8re apr\u00e8s une pause de quatre ans, investit de plus en plus la sph\u00e8re mode.<\/p>\n<p class=\"fig-paragraph\">Une trajectoire singuli\u00e8re dans le paysage du tennis. \u00c0 la crois\u00e9e du sport de haut niveau et de l\u2019industrie de la mode,\u00a0<a href=\"https:\/\/madame.lefigaro.fr\/celebrites\/cest-tres-complique-alize-lim-evoque-limpact-de-son-hpi-sur-son-couple-avec-tony-parker-260521-196629\" target=\"_blank\" data-fig-type=\"Article\" rel=\"noopener nofollow\" data-gtm-custom-categorie=\"navigation\" data-gtm-custom-action=\"crossclick\" data-gtm-custom-label=\"Contextuel\" data-gtm-event=\"customEventSPE\" data-fig-domain=\"MADAME\">Aliz\u00e9 Lim<\/a>, ancien espoir tricolore, r\u00e9v\u00e9l\u00e9e notamment lors de son affrontement face \u00e0 Serena Williams au premier tour de Roland-Garros en 2013, n\u2019a jamais totalement quitt\u00e9 les courts. Mais elle a su, au fil des ann\u00e9es, en red\u00e9finir les contours.<\/p>\n<p class=\"fig-body-link&#10;    \">\n            \u00c0 lire aussi<br \/>\n        <a class=\"fig-body-link__link\" href=\"http:\/\/madame.lefigaro.fr\/societe\/actu\/joao-fonseca-the-rich-boy-from-ipanema-mais-qui-sont-ses-parents-20260602\" data-fig-type=\"Article\" data-gtm-custom-categorie=\"navigation\" data-gtm-custom-action=\"crossclick\" data-gtm-custom-label=\"Contextuel\" data-gtm-event=\"customEventSPE\" data-fig-domain=\"MADAME\" rel=\"nofollow noopener\" target=\"_blank\"><br \/>\n        Jo\u00e3o Fonseca, the (rich) boy from Ipanema\u00a0: mais qui sont ses parents\u00a0?<\/a>\n<\/p>\n<p class=\"fig-paragraph\">N\u00e9e \u00e0 Paris le 13 juillet 1990, d\u2019un p\u00e8re vietnamien et d\u2019une m\u00e8re fran\u00e7aise, Aliz\u00e9 Lim a fait ses premiers pas dans le tennis\u00a0d\u00e8s son enfance, tout en poursuivant ses \u00e9tudes avec succ\u00e8s. Elle obtient un\u00a0baccalaur\u00e9at scientifique, puis s\u2019inscrit \u00e0\u00a0la Sorbonne\u00a0o\u00f9 elle d\u00e9croche une\u00a0licence d\u2019anglais\u00a0avant de se lancer pleinement dans le tennis professionnel. En 2014, alors \u00e2g\u00e9e de 24 ans, elle est class\u00e9e 135e mondiale, ce qui sera le meilleur classement de sa carri\u00e8re. Pourtant, malgr\u00e9 un brillant avenir tout trac\u00e9 (ou presque) dans\u00a0le sport, la jeune femme dispara\u00eet petit \u00e0 petit des courts d\u00e8s 2020 suite \u00e0 de multiples blessures, et expliquera plus tard que le contexte \u00e9conomique avait son importance. \u00abJe dois l\u2019admettre aussi, d\u00e9penser tout l\u2019argent que je gagnais hors du terrain pour pouvoir pratiquer ma passion et me sentir fauch\u00e9e \u00e0 30 ans commen\u00e7ait \u00e0 m\u2019\u00e9nerver un peu\u00a0! Je n\u2019ai jamais annonc\u00e9 que je prenais ma retraite parce que cela ne me semblait pas bien\u00bb, affirme-t-elle dans les colonnes de Sports et de poursuivre\u00a0: \u00abSi on veut jouer, il faut s\u2019y consacrer \u00e0 plein temps. C\u2019est trop exigeant [&#8230;] j\u2019\u00e9tais heureuse de faire d\u2019autres projets et \u00e7a s\u2019est finalement bien pass\u00e9, de vivre l\u2019instant pr\u00e9sent.\u00bb<\/p>\n<p>                                                <a class=\"fig-a11y-skip\" href=\"#fig-a11y-skip-main-inarticle\" is=\"fig-a11y-skip\" data-trigger-mode=\"visible-once\"><br \/>\n    Passer la publicit\u00e9<br \/>\n<\/a>            <\/p>\n<p>                                                Un virage mode et t\u00e9l\u00e9vision<\/p>\n<p class=\"fig-paragraph\">Parall\u00e8lement, l\u2019ex-petite amie de Tony Parker, avec qui elle est rest\u00e9e trois ans (de 2021 \u00e0 2024) s\u2019est impos\u00e9e comme une figure identifiable dans les sph\u00e8res fashion et m\u00e9diatique. \u00c9g\u00e9rie de plusieurs marques, elle a r\u00e9cemment pr\u00eat\u00e9 son visage \u00e0 une campagne\u00a0<a href=\"http:\/\/madame.lefigaro.fr\/celebrites\/soirees\/la-marque-ikks-devoile-sa-nouvelle-identite-20250915\" target=\"_blank\" data-fig-type=\"Article\" rel=\"noopener nofollow\" data-gtm-custom-categorie=\"navigation\" data-gtm-custom-action=\"crossclick\" data-gtm-custom-label=\"Contextuel\" data-gtm-event=\"customEventSPE\" data-fig-domain=\"MADAME\">IKKS<\/a>, dans laquelle elle incarne une f\u00e9minit\u00e9 libre, \u00e9nergique et naturellement \u00e9l\u00e9gante. R\u00e9guli\u00e8rement pr\u00e9sente \u00e0 la Fashion Week, notamment pour assister aux d\u00e9fil\u00e9s de Stella McCartney, elle a \u00e9galement pos\u00e9 pour diff\u00e9rents shootings.<\/p>\n<p>    Aliz\u00e9 Lim pour la derni\u00e8re campagne IKKS.<br \/>\n                IKKS<\/p>\n<p class=\"fig-paragraph\">Aussi, sa collaboration avec France T\u00e9l\u00e9visions lors de la couverture des\u00a0<a href=\"http:\/\/madame.lefigaro.fr\/style\/news\/quelles-sont-les-plus-belles-tenues-d-athletes-des-jeux-olympiques-d-hiver-de-milan-cortina-2026-20260204\" target=\"_blank\" data-fig-type=\"Article\" rel=\"noopener nofollow\" data-gtm-custom-categorie=\"navigation\" data-gtm-custom-action=\"crossclick\" data-gtm-custom-label=\"Contextuel\" data-gtm-event=\"customEventSPE\" data-fig-domain=\"MADAME\">Jeux olympiques d\u2019hiver de Milan-Cortina\u00a0<\/a>confirme son \u00e9volution vers d\u2019autres horizons. Son activit\u00e9 se d\u00e9ploie \u00e9galement \u00e0 l\u2019international, puisqu\u2019elle anime une \u00e9mission pour Tennis Channel aux \u00c9tats-Unis, consolidant une visibilit\u00e9 qui d\u00e9passe le cadre hexagonal. Et c\u2019est dans un autre registre encore qu\u2019elle poursuit cette diversification. Elle \u00e9tait \u00e0 Saint-Tropez il y a quelques semaines, pour participer au tournage de la s\u00e9rie\u00a0\u00e0 succ\u00e8s The White Lotus, y tenant un r\u00f4le secondaire. La sportive semble ainsi en phase avec une g\u00e9n\u00e9ration d\u2019athl\u00e8tes devenues personnalit\u00e9s globales. Sur le plan personnel, sa s\u00e9paration avec Tony Parker en 2021 a \u00e9galement marqu\u00e9 une \u00e9tape, refermant un chapitre tr\u00e8s expos\u00e9 de sa vie m\u00e9diatique.<\/p>\n<p class=\"fig-body-link&#10;    \">\n            \u00c0 lire aussi<br \/>\n        <a class=\"fig-body-link__link\" href=\"http:\/\/madame.lefigaro.fr\/style\/news\/la-jupe-plissee-de-suzanne-lenglen-le-denim-d-andre-agassi-la-couleur-interdite-sur-les-courts-les-secrets-mode-de-roland-garros-20260528\" target=\"_blank\" data-fig-type=\"Article\" rel=\"noopener nofollow\" data-gtm-custom-categorie=\"navigation\" data-gtm-custom-action=\"crossclick\" data-gtm-custom-label=\"Contextuel\" data-gtm-event=\"customEventSPE\" data-fig-domain=\"MADAME\"><br \/>\n        Ces 10 fois o\u00f9 la mode s\u2019est invit\u00e9e sur les courts de Roland-Garros<\/a>\n<\/p>\n<p class=\"fig-paragraph\">Ce cheminement n\u2019a toutefois pas \u00e9t\u00e9 exempt d\u2019\u00e9preuves. Apr\u00e8s une parenth\u00e8se de quatre ans, elle op\u00e8re en 2024 un retour discret mais d\u00e9termin\u00e9 \u00e0 la comp\u00e9tition. \u00c0 35 ans, loin de la pression du circuit principal et des projecteurs de la\u00a0<a href=\"http:\/\/madame.lefigaro.fr\/celebrites\/actu-people\/apres-un-an-de-retrait-dans-la-foret-vianney-signe-un-retour-remarque-a-roland-garros-avec-son-epouse-catherine-robert-20260529\" target=\"_blank\" data-fig-type=\"Article\" rel=\"noopener nofollow\" data-gtm-custom-categorie=\"navigation\" data-gtm-custom-action=\"crossclick\" data-gtm-custom-label=\"Contextuel\" data-gtm-event=\"customEventSPE\" data-fig-domain=\"MADAME\">Porte d\u2019Auteuil<\/a>, elle continue de jouer, anim\u00e9e par une fid\u00e9lit\u00e9 intacte au jeu, plus que par la qu\u00eate de classement. Contrainte de subir une intervention chirurgicale au genou au d\u00e9but du mois d\u2019avril 2026, elle confiait\u00a0: \u00abJe me suis tellement habitu\u00e9e \u00e0 \u00eatre bless\u00e9e au fil des ann\u00e9es de tennis que je n\u2019arrive plus \u00e0 savoir ce que je ressens\u00bb. Sur sa page Instagram, elle partage sa convalescence\u00a0: \u00ab\u00c7a me fend le c\u0153ur de ne plus pouvoir faire ce qui m\u2019a rendu la plus heureuse\u00a0ces derniers temps\u00bb.\u00a0Mais aussi ses \u00e9tapes de r\u00e9\u00e9ducation et assure pr\u00e9parer une nouvelle reprise sur les courts dans les mois \u00e0 venir.<\/p>\n","protected":false},"excerpt":{"rendered":"L\u2019ex-promesse du tennis fran\u00e7ais, qui a r\u00e9cemment repris sa carri\u00e8re apr\u00e8s une pause de quatre ans, investit de&hellip;\n","protected":false},"author":2,"featured_media":162426,"comment_status":"","ping_status":"","sticky":false,"template":"","format":"standard","meta":{"footnotes":"","_share_on_mastodon":"0"},"categories":[15],"tags":[158,157,113,112,39546,822,159,186,23,4344],"class_list":["post-162425","post","type-post","status-publish","format-standard","has-post-thumbnail","category-people","tag-celebrities","tag-celebrity","tag-divertissement","tag-entertainment","tag-ikks","tag-mode","tag-people","tag-sport","tag-suisse","tag-tennis"],"share_on_mastodon":{"url":"https:\/\/pubeurope.com\/@ch_fr\/116697504434442581","error":""},"_links":{"self":[{"href":"https:\/\/www.europesays.com\/ch-fr\/wp-json\/wp\/v2\/posts\/162425","targetHints":{"allow":["GET"]}}],"collection":[{"href":"https:\/\/www.europesays.com\/ch-fr\/wp-json\/wp\/v2\/posts"}],"about":[{"href":"https:\/\/www.europesays.com\/ch-fr\/wp-json\/wp\/v2\/types\/post"}],"author":[{"embeddable":true,"href":"https:\/\/www.europesays.com\/ch-fr\/wp-json\/wp\/v2\/users\/2"}],"replies":[{"embeddable":true,"href":"https:\/\/www.europesays.com\/ch-fr\/wp-json\/wp\/v2\/comments?post=162425"}],"version-history":[{"count":0,"href":"https:\/\/www.europesays.com\/ch-fr\/wp-json\/wp\/v2\/posts\/162425\/revisions"}],"wp:featuredmedia":[{"embeddable":true,"href":"https:\/\/www.europesays.com\/ch-fr\/wp-json\/wp\/v2\/media\/162426"}],"wp:attachment":[{"href":"https:\/\/www.europesays.com\/ch-fr\/wp-json\/wp\/v2\/media?parent=162425"}],"wp:term":[{"taxonomy":"category","embeddable":true,"href":"https:\/\/www.europesays.com\/ch-fr\/wp-json\/wp\/v2\/categories?post=162425"},{"taxonomy":"post_tag","embeddable":true,"href":"https:\/\/www.europesays.com\/ch-fr\/wp-json\/wp\/v2\/tags?post=162425"}],"curies":[{"name":"wp","href":"https:\/\/api.w.org\/{rel}","templated":true}]}}