{"id":166448,"date":"2026-06-08T12:56:31","date_gmt":"2026-06-08T12:56:31","guid":{"rendered":"https:\/\/www.europesays.com\/ch-fr\/166448\/"},"modified":"2026-06-08T12:56:31","modified_gmt":"2026-06-08T12:56:31","slug":"marion-cotillard-jean-dujardin-adele-exarchopoulos-lily-collins-toutes-les-celebrites-presentes-a-la-finale-hommes-de-roland-garros-2026","status":"publish","type":"post","link":"https:\/\/www.europesays.com\/ch-fr\/166448\/","title":{"rendered":"Marion Cotillard, Jean Dujardin, Ad\u00e8le Exarchopoulos, Lily Collins\u2026 Toutes les c\u00e9l\u00e9brit\u00e9s pr\u00e9sentes \u00e0 la finale hommes de Roland-Garros 2026"},"content":{"rendered":"<p class=\"mb-4 text-lg md:leading-8 break-words\">La veille, la finale f\u00e9minine de Roland-Garros avait d\u00e9j\u00e0 r\u00e9uni un prestigieux parterre de stars. Brad Pitt, Omar Sy ou encore Dustin Hoffman avaient notamment fait le d\u00e9placement pour assister \u00e0 la victoire de la jeune Russe Mirra Andreeva, sacr\u00e9e pour la premi\u00e8re fois en Grand Chelem apr\u00e8s son succ\u00e8s face \u00e0 Maja Chwalinska.<\/p>\n<p class=\"mb-4 text-lg md:leading-8 break-words\">Ce dimanche 7 juin 2026, place \u00e0 la finale masculine. Au terme d&rsquo;un combat de plus de quatre heures, <a href=\"https:\/\/fr.style.yahoo.com\/alexander-zverev-reste-t-accusations-070219330.html\" data-ylk=\"elm:link;elmt:article_link;slk:Alexander Zverev;itc:0;sec:content-canvas;outcm:mb_qualified_link;_E:mb_qualified_link;ct:story;\" data-yga=\"{&quot;yLinkElement&quot;:&quot;context_link&quot;,&quot;yModuleName&quot;:&quot;content-canvas&quot;,&quot;yLinkText&quot;:&quot;Alexander Zverev&quot;}\" class=\"link  yahoo-link\" rel=\"nofollow noopener\" target=\"_blank\">Alexander Zverev<\/a> s&rsquo;est impos\u00e9 face \u00e0 Flavio Cobolli, remportant ainsi les Internationaux de France 2026. Dans les tribunes du court Philippe-Chatrier, acteurs, humoristes, chanteurs, mannequins et personnalit\u00e9s du monde de la t\u00e9l\u00e9vision \u00e9taient nombreux \u00e0 assister \u00e0 ce dernier grand rendez-vous du tournoi, organis\u00e9 du 24 mai au 7 juin.<\/p>\n<p>Un parterre de stars pour assister au sacre d&rsquo;Alexander Zverev<\/p>\n<p class=\"mb-4 text-lg md:leading-8 break-words\">Parmi les personnalit\u00e9s rep\u00e9r\u00e9es dans les gradins figuraient notamment <a href=\"https:\/\/www.femmeactuelle.fr\/bio\/marion-cotillard\" rel=\"nofollow noopener\" target=\"_blank\" data-ylk=\"elm:link;elmt:article_link;slk:Marion Cotillard;itc:0;sec:content-canvas\" data-yga=\"{&quot;yLinkElement&quot;:&quot;context_link&quot;,&quot;yModuleName&quot;:&quot;content-canvas&quot;,&quot;yLinkText&quot;:&quot;Marion Cotillard&quot;}\" class=\"link \">Marion Cotillard<\/a> et Jean Dujardin. Non loin d&rsquo;eux, <a href=\"https:\/\/fr.style.yahoo.com\/guillaume-canet-m%C3%A8re-marie-antoinette-180816096.html\" data-ylk=\"elm:link;elmt:article_link;slk:Guillaume Canet assistait \u00e0 la rencontre;itc:0;sec:content-canvas;outcm:mb_qualified_link;_E:mb_qualified_link;ct:story;\" data-yga=\"{&quot;yLinkElement&quot;:&quot;context_link&quot;,&quot;yModuleName&quot;:&quot;content-canvas&quot;,&quot;yLinkText&quot;:&quot;Guillaume Canet assistait \u00e0 la rencontre&quot;}\" class=\"link  yahoo-link\" rel=\"nofollow noopener\" target=\"_blank\">Guillaume Canet assistait \u00e0 la rencontre<\/a> en compagnie de son fils Marcel. <a href=\"https:\/\/www.femmeactuelle.fr\/bio\/laurent-lafitte\" rel=\"nofollow noopener\" target=\"_blank\" data-ylk=\"elm:link;elmt:article_link;slk:Laurent Lafitte;itc:0;sec:content-canvas\" data-yga=\"{&quot;yLinkElement&quot;:&quot;context_link&quot;,&quot;yModuleName&quot;:&quot;content-canvas&quot;,&quot;yLinkText&quot;:&quot;Laurent Lafitte&quot;}\" class=\"link \">Laurent Lafitte<\/a>, <a href=\"https:\/\/www.femmeactuelle.fr\/bio\/karin-viard\" rel=\"nofollow noopener\" target=\"_blank\" data-ylk=\"elm:link;elmt:article_link;slk:Karin Viard;itc:0;sec:content-canvas\" data-yga=\"{&quot;yLinkElement&quot;:&quot;context_link&quot;,&quot;yModuleName&quot;:&quot;content-canvas&quot;,&quot;yLinkText&quot;:&quot;Karin Viard&quot;}\" class=\"link \">Karin Viard<\/a>, Ad\u00e8le Exarchopoulos ou encore L\u00e9na Mahfouf comptaient \u00e9galement parmi les supporters de marque de cette finale tr\u00e8s attendue.<\/p>\n<p class=\"mb-4 text-lg md:leading-8 break-words\">Plusieurs c\u00e9l\u00e9brit\u00e9s avaient choisi de partager ce moment en famille ou avec leur moiti\u00e9. <a href=\"https:\/\/www.femmeactuelle.fr\/bio\/muriel-robin\" rel=\"nofollow noopener\" target=\"_blank\" data-ylk=\"elm:link;elmt:article_link;slk:Muriel Robin;itc:0;sec:content-canvas\" data-yga=\"{&quot;yLinkElement&quot;:&quot;context_link&quot;,&quot;yModuleName&quot;:&quot;content-canvas&quot;,&quot;yLinkText&quot;:&quot;Muriel Robin&quot;}\" class=\"link \">Muriel Robin<\/a> \u00e9tait pr\u00e9sente aux c\u00f4t\u00e9s de <a href=\"https:\/\/fr.style.yahoo.com\/muriel-robin-amoureuse-jamais-danne-203513149.html\" data-ylk=\"elm:link;elmt:article_link;slk:son \u00e9pouse Anne Le Nen;itc:0;sec:content-canvas;outcm:mb_qualified_link;_E:mb_qualified_link;ct:story;\" data-yga=\"{&quot;yLinkElement&quot;:&quot;context_link&quot;,&quot;yModuleName&quot;:&quot;content-canvas&quot;,&quot;yLinkText&quot;:&quot;son \u00e9pouse Anne Le Nen&quot;}\" class=\"link  yahoo-link\" rel=\"nofollow noopener\" target=\"_blank\">son \u00e9pouse Anne Le Nen<\/a>, tandis qu&rsquo;\u00c9lie Semoun avait fait le d\u00e9placement avec sa compagne Aude Fraineau. Gad Elmaleh assistait \u00e0 la rencontre avec son fils No\u00e9, Arthur avec son fils Aaron, et Pierre Niney avec son \u00e9pouse <a href=\"https:\/\/www.femmeactuelle.fr\/bio\/natasha-andrews\" rel=\"nofollow noopener\" target=\"_blank\" data-ylk=\"elm:link;elmt:article_link;slk:Natasha Andrews;itc:0;sec:content-canvas\" data-yga=\"{&quot;yLinkElement&quot;:&quot;context_link&quot;,&quot;yModuleName&quot;:&quot;content-canvas&quot;,&quot;yLinkText&quot;:&quot;Natasha Andrews&quot;}\" class=\"link \">Natasha Andrews<\/a>.<\/p>\n<p class=\"mb-4 text-lg md:leading-8 break-words\">Le tournoi parisien a \u00e9galement attir\u00e9 plusieurs c\u00e9l\u00e9brit\u00e9s internationales. <a href=\"https:\/\/fr.style.yahoo.com\/adore-mich%C3%A8le-laroque-lily-collins-133209093.html\" data-ylk=\"elm:link;elmt:article_link;slk:Lily Collins;itc:0;sec:content-canvas;outcm:mb_qualified_link;_E:mb_qualified_link;ct:story;\" data-yga=\"{&quot;yLinkElement&quot;:&quot;context_link&quot;,&quot;yModuleName&quot;:&quot;content-canvas&quot;,&quot;yLinkText&quot;:&quot;Lily Collins&quot;}\" class=\"link  yahoo-link\" rel=\"nofollow noopener\" target=\"_blank\">Lily Collins<\/a> \u00e9tait pr\u00e9sente avec son compagnon, accompagn\u00e9e de sa partenaire \u00e0 l&rsquo;\u00e9cran Ashley Park, r\u00e9v\u00e9l\u00e9e dans la s\u00e9rie Emily in Paris. <a href=\"https:\/\/www.femmeactuelle.fr\/bio\/pharrell-williams\" rel=\"nofollow noopener\" target=\"_blank\" data-ylk=\"elm:link;elmt:article_link;slk:Pharrell Williams;itc:0;sec:content-canvas\" data-yga=\"{&quot;yLinkElement&quot;:&quot;context_link&quot;,&quot;yModuleName&quot;:&quot;content-canvas&quot;,&quot;yLinkText&quot;:&quot;Pharrell Williams&quot;}\" class=\"link \">Pharrell Williams<\/a> et son \u00e9pouse Helen Lasichanh, Miranda Kerr, <a href=\"https:\/\/www.femmeactuelle.fr\/bio\/rami-malek\" rel=\"nofollow noopener\" target=\"_blank\" data-ylk=\"elm:link;elmt:article_link;slk:Rami Malek;itc:0;sec:content-canvas\" data-yga=\"{&quot;yLinkElement&quot;:&quot;context_link&quot;,&quot;yModuleName&quot;:&quot;content-canvas&quot;,&quot;yLinkText&quot;:&quot;Rami Malek&quot;}\" class=\"link \">Rami Malek<\/a> ou encore Rebel Wilson ont eux aussi \u00e9t\u00e9 aper\u00e7us dans les tribunes du court Philippe-Chatrier.<\/p>\n<p class=\"mb-4 text-lg md:leading-8 break-words\">D\u00e9couvrez en images toutes les c\u00e9l\u00e9brit\u00e9s pr\u00e9sentes \u00e0 la finale hommes de Roland-Garros 2026.<\/p>\n<p class=\"mb-4 text-lg md:leading-8 break-words\"><a href=\"https:\/\/www.femmeactuelle.fr\/actu\/news-actu\/marion-cotillard-jean-dujardin-adele-exarchopoulos-lily-collins-toutes-les-celebrites-presentes-a-la-finale-hommes-de-roland-garros-2026-2208339\" rel=\"nofollow noopener\" target=\"_blank\" data-ylk=\"elm:link;elmt:article_link;slk:Lire l&#039;article sur le site de Femme Actuelle;itc:0;sec:content-canvas\" data-yga=\"{&quot;yLinkElement&quot;:&quot;context_link&quot;,&quot;yModuleName&quot;:&quot;content-canvas&quot;,&quot;yLinkText&quot;:&quot;Lire l&#039;article sur le site de Femme Actuelle&quot;}\" class=\"link \">Lire l&rsquo;article sur le site de Femme Actuelle<\/a><\/p>\n","protected":false},"excerpt":{"rendered":"La veille, la finale f\u00e9minine de Roland-Garros avait d\u00e9j\u00e0 r\u00e9uni un prestigieux parterre de stars. Brad Pitt, Omar&hellip;\n","protected":false},"author":2,"featured_media":166449,"comment_status":"","ping_status":"","sticky":false,"template":"","format":"standard","meta":{"footnotes":"","_share_on_mastodon":"0"},"categories":[15],"tags":[21075,1451,158,157,113,19740,112,39097,39358,9537,40326,159,23],"class_list":["post-166448","post","type-post","status-publish","format-standard","has-post-thumbnail","category-people","tag-alexander-zverev","tag-brad-pitt","tag-celebrities","tag-celebrity","tag-divertissement","tag-dustin-hoffman","tag-entertainment","tag-flavio-cobolli","tag-internationaux-de-france","tag-marion-cotillard","tag-omar-sy","tag-people","tag-suisse"],"share_on_mastodon":{"url":"https:\/\/pubeurope.com\/@ch_fr\/116714601382208826","error":""},"_links":{"self":[{"href":"https:\/\/www.europesays.com\/ch-fr\/wp-json\/wp\/v2\/posts\/166448","targetHints":{"allow":["GET"]}}],"collection":[{"href":"https:\/\/www.europesays.com\/ch-fr\/wp-json\/wp\/v2\/posts"}],"about":[{"href":"https:\/\/www.europesays.com\/ch-fr\/wp-json\/wp\/v2\/types\/post"}],"author":[{"embeddable":true,"href":"https:\/\/www.europesays.com\/ch-fr\/wp-json\/wp\/v2\/users\/2"}],"replies":[{"embeddable":true,"href":"https:\/\/www.europesays.com\/ch-fr\/wp-json\/wp\/v2\/comments?post=166448"}],"version-history":[{"count":0,"href":"https:\/\/www.europesays.com\/ch-fr\/wp-json\/wp\/v2\/posts\/166448\/revisions"}],"wp:featuredmedia":[{"embeddable":true,"href":"https:\/\/www.europesays.com\/ch-fr\/wp-json\/wp\/v2\/media\/166449"}],"wp:attachment":[{"href":"https:\/\/www.europesays.com\/ch-fr\/wp-json\/wp\/v2\/media?parent=166448"}],"wp:term":[{"taxonomy":"category","embeddable":true,"href":"https:\/\/www.europesays.com\/ch-fr\/wp-json\/wp\/v2\/categories?post=166448"},{"taxonomy":"post_tag","embeddable":true,"href":"https:\/\/www.europesays.com\/ch-fr\/wp-json\/wp\/v2\/tags?post=166448"}],"curies":[{"name":"wp","href":"https:\/\/api.w.org\/{rel}","templated":true}]}}