{"id":166871,"date":"2026-06-08T18:10:21","date_gmt":"2026-06-08T18:10:21","guid":{"rendered":"https:\/\/www.europesays.com\/ch-fr\/166871\/"},"modified":"2026-06-08T18:10:21","modified_gmt":"2026-06-08T18:10:21","slug":"israel-annonce-poursuivre-sa-campagne-au-liban-malgre-les-menaces-de-represailles-iraniennes","status":"publish","type":"post","link":"https:\/\/www.europesays.com\/ch-fr\/166871\/","title":{"rendered":"Isra\u00ebl annonce poursuivre sa campagne au Liban malgr\u00e9 les menaces de repr\u00e9sailles iraniennes"},"content":{"rendered":"<p>L&rsquo;Iran a accus\u00e9 lundi les Etats-Unis d&rsquo;\u00eatre directement responsables de la reprise des hostilit\u00e9s au Moyen-Orient, apr\u00e8s des frappes de repr\u00e9sailles r\u00e9ciproques entre les arm\u00e9es iranienne et isra\u00e9lienne, in\u00e9dites depuis le cessez-le-feu du 8 avril.<\/p>\n<p>\u00ab\u00a0Personne ne croit que le r\u00e9gime sioniste entreprendrait une quelconque action sans coordination et coop\u00e9ration pr\u00e9alables avec les Etats-Unis\u00a0\u00bb, a d\u00e9clar\u00e9 le porte-parole de la diplomatie iranienne Esma\u00efl Bagha\u00ef, soulignant \u00ab\u00a0la responsabilit\u00e9 des Etats-Unis\u00a0\u00bb.<\/p>\n<p>\u00ab\u00a0Les actions du r\u00e9gime sioniste dans la r\u00e9gion ne peuvent \u00eatre dissoci\u00e9es des politiques am\u00e9ricaines\u00a0\u00bb, a-t-il ajout\u00e9 lors d&rsquo;une conf\u00e9rence de presse \u00e0 T\u00e9h\u00e9ran \u00e0 laquelle assiste l&rsquo;AFP.<\/p>\n<p> <img decoding=\"async\" src=\"https:\/\/www.europesays.com\/ch-fr\/wp-content\/uploads\/2026\/06\/hnt9st-29266614.image.jpeg\" alt=\"Le pr\u00e9sident am\u00e9ricain Donald Trump (C) s'exprime lors d'une r\u00e9union de cabinet \u00e0 la Maison Blanche \u00e0 Washington, DC, \u00c9tats-Unis, le 27 mai 2026. [KEYSTONE - SAMUEL CORUM \/ POOL]\" title=\"Le pr\u00e9sident am\u00e9ricain Donald Trump (C) s'exprime lors d'une r\u00e9union de cabinet \u00e0 la Maison Blanche \u00e0 Washington, DC, \u00c9tats-Unis, le 27 mai 2026. [KEYSTONE - SAMUEL CORUM \/ POOL]\" loading=\"lazy\"\/>  Le pr\u00e9sident am\u00e9ricain Donald Trump (C) s&rsquo;exprime lors d&rsquo;une r\u00e9union de cabinet \u00e0 la Maison Blanche \u00e0 Washington, DC, \u00c9tats-Unis, le 27 mai 2026. [KEYSTONE &#8211; SAMUEL CORUM \/ POOL] <\/p>\n<p>L&rsquo;Iran a en outre estim\u00e9 que la reprise des hostilit\u00e9s au Moyen-Orient aura des cons\u00e9quences sur les pourparlers en cours avec les Etats-Unis en vue d&rsquo;une paix durable dans la r\u00e9gion.<\/p>\n<p>\u00ab\u00a0Il est tout \u00e0 fait naturel que le processus diplomatique engag\u00e9 pour mettre fin \u00e0 cette guerre impos\u00e9e (contre l&rsquo;Iran, NDLR) soit affect\u00e9\u00a0\u00bb, a d\u00e9clar\u00e9 le porte-parole de la diplomatie iranienne Esma\u00efl Bagha\u00ef.<\/p>\n","protected":false},"excerpt":{"rendered":"L&rsquo;Iran a accus\u00e9 lundi les Etats-Unis d&rsquo;\u00eatre directement responsables de la reprise des hostilit\u00e9s au Moyen-Orient, apr\u00e8s des&hellip;\n","protected":false},"author":2,"featured_media":166872,"comment_status":"","ping_status":"","sticky":false,"template":"","format":"standard","meta":{"footnotes":"","_share_on_mastodon":"0"},"categories":[5],"tags":[2129,2926,4170,1384,2666,741,1996,1385,40,2207,3124,5113,9327,421,92,25996,1696,6616,17613,1223,41,42],"class_list":["post-166871","post","type-post","status-publish","format-standard","has-post-thumbnail","category-international","tag-aeroport","tag-attaque","tag-cessez-le-feu","tag-conflit","tag-defense","tag-gouvernement","tag-guerre","tag-guerre-et-paix","tag-international","tag-iran","tag-israel","tag-militaire","tag-missile","tag-monde","tag-politique","tag-rebelle","tag-relations-internationales","tag-republique-islamique","tag-terroriste","tag-tir","tag-world","tag-world-news"],"share_on_mastodon":{"url":"https:\/\/pubeurope.com\/@ch_fr\/116715836565458545","error":""},"_links":{"self":[{"href":"https:\/\/www.europesays.com\/ch-fr\/wp-json\/wp\/v2\/posts\/166871","targetHints":{"allow":["GET"]}}],"collection":[{"href":"https:\/\/www.europesays.com\/ch-fr\/wp-json\/wp\/v2\/posts"}],"about":[{"href":"https:\/\/www.europesays.com\/ch-fr\/wp-json\/wp\/v2\/types\/post"}],"author":[{"embeddable":true,"href":"https:\/\/www.europesays.com\/ch-fr\/wp-json\/wp\/v2\/users\/2"}],"replies":[{"embeddable":true,"href":"https:\/\/www.europesays.com\/ch-fr\/wp-json\/wp\/v2\/comments?post=166871"}],"version-history":[{"count":0,"href":"https:\/\/www.europesays.com\/ch-fr\/wp-json\/wp\/v2\/posts\/166871\/revisions"}],"wp:featuredmedia":[{"embeddable":true,"href":"https:\/\/www.europesays.com\/ch-fr\/wp-json\/wp\/v2\/media\/166872"}],"wp:attachment":[{"href":"https:\/\/www.europesays.com\/ch-fr\/wp-json\/wp\/v2\/media?parent=166871"}],"wp:term":[{"taxonomy":"category","embeddable":true,"href":"https:\/\/www.europesays.com\/ch-fr\/wp-json\/wp\/v2\/categories?post=166871"},{"taxonomy":"post_tag","embeddable":true,"href":"https:\/\/www.europesays.com\/ch-fr\/wp-json\/wp\/v2\/tags?post=166871"}],"curies":[{"name":"wp","href":"https:\/\/api.w.org\/{rel}","templated":true}]}}