{"id":167879,"date":"2026-06-09T12:15:27","date_gmt":"2026-06-09T12:15:27","guid":{"rendered":"https:\/\/www.europesays.com\/ch-fr\/167879\/"},"modified":"2026-06-09T12:15:27","modified_gmt":"2026-06-09T12:15:27","slug":"le-g8-de-2003-le-sommet-de-toutes-les-tensions","status":"publish","type":"post","link":"https:\/\/www.europesays.com\/ch-fr\/167879\/","title":{"rendered":"Le G8 de 2003, le sommet de toutes les tensions"},"content":{"rendered":"<p>En juin 2003, en marge du G8 d\u2019\u00c9vian, Gen\u00e8ve devient le point de ralliement d\u2019une contestation altermondialiste massive. Des dizaines de milliers de manifestants d\u00e9filent dans la r\u00e9gion l\u00e9manique pour d\u00e9noncer les politiques des grandes puissances. Si la majorit\u00e9 des cort\u00e8ges se veut pacifique, la pression est palpable dans la ville partiellement barricad\u00e9e et plac\u00e9es sous haute surveillance polici\u00e8re.<\/p>\n<p>Mais ces mobilisations sont rapidement \u00e9clips\u00e9es par les violences de groupes de casseurs. Des commerces sont pill\u00e9s et incendi\u00e9s d\u00e8s la veille du sommet. Les affrontements avec la police, l\u2019usage de gaz lacrymog\u00e8nes et les blocages de routes transforment ces journ\u00e9es en \u00e9pisode de fortes tensions marquant durablement les esprits.<\/p>\n<p class=\"sources\">Salom\u00e9 Breguet pour Les archives de la RTS<\/p>\n","protected":false},"excerpt":{"rendered":"En juin 2003, en marge du G8 d\u2019\u00c9vian, Gen\u00e8ve devient le point de ralliement d\u2019une contestation altermondialiste massive.&hellip;\n","protected":false},"author":2,"featured_media":167880,"comment_status":"","ping_status":"","sticky":false,"template":"","format":"standard","meta":{"footnotes":"","_share_on_mastodon":"0"},"categories":[17],"tags":[8194,3764,40554,170,169,5494,922,92,5496,3014,23,426,924,1644],"class_list":["post-167879","post","type-post","status-publish","format-standard","has-post-thumbnail","category-geneve","tag-archives","tag-evian-les-bains","tag-g8","tag-geneva","tag-geneve","tag-grands-formats","tag-manifestation","tag-politique","tag-rts-archives","tag-sommet","tag-suisse","tag-tension","tag-troubles-civils","tag-violence"],"share_on_mastodon":{"url":"https:\/\/pubeurope.com\/@ch_fr\/116720102752887187","error":""},"_links":{"self":[{"href":"https:\/\/www.europesays.com\/ch-fr\/wp-json\/wp\/v2\/posts\/167879","targetHints":{"allow":["GET"]}}],"collection":[{"href":"https:\/\/www.europesays.com\/ch-fr\/wp-json\/wp\/v2\/posts"}],"about":[{"href":"https:\/\/www.europesays.com\/ch-fr\/wp-json\/wp\/v2\/types\/post"}],"author":[{"embeddable":true,"href":"https:\/\/www.europesays.com\/ch-fr\/wp-json\/wp\/v2\/users\/2"}],"replies":[{"embeddable":true,"href":"https:\/\/www.europesays.com\/ch-fr\/wp-json\/wp\/v2\/comments?post=167879"}],"version-history":[{"count":0,"href":"https:\/\/www.europesays.com\/ch-fr\/wp-json\/wp\/v2\/posts\/167879\/revisions"}],"wp:featuredmedia":[{"embeddable":true,"href":"https:\/\/www.europesays.com\/ch-fr\/wp-json\/wp\/v2\/media\/167880"}],"wp:attachment":[{"href":"https:\/\/www.europesays.com\/ch-fr\/wp-json\/wp\/v2\/media?parent=167879"}],"wp:term":[{"taxonomy":"category","embeddable":true,"href":"https:\/\/www.europesays.com\/ch-fr\/wp-json\/wp\/v2\/categories?post=167879"},{"taxonomy":"post_tag","embeddable":true,"href":"https:\/\/www.europesays.com\/ch-fr\/wp-json\/wp\/v2\/tags?post=167879"}],"curies":[{"name":"wp","href":"https:\/\/api.w.org\/{rel}","templated":true}]}}