{"id":167973,"date":"2026-06-09T13:31:16","date_gmt":"2026-06-09T13:31:16","guid":{"rendered":"https:\/\/www.europesays.com\/ch-fr\/167973\/"},"modified":"2026-06-09T13:31:16","modified_gmt":"2026-06-09T13:31:16","slug":"lausanne-veut-doter-pierre-de-plan-dune-multitude-de-panneaux-solaires","status":"publish","type":"post","link":"https:\/\/www.europesays.com\/ch-fr\/167973\/","title":{"rendered":"Lausanne veut doter Pierre-de-Plan d\u2019une multitude de panneaux solaires"},"content":{"rendered":"<p>\n                Teaserbild-Quelle: Visualisation Services industriels lausannois\n            <\/p>\n<p>        <img decoding=\"async\" src=\"https:\/\/www.europesays.com\/ch-fr\/wp-content\/uploads\/2026\/06\/31436_1.jpg\" alt=\"Solaire Lausanne Pierre-de-Plan\" class=\"img-responsive\"\/><\/p>\n<p class=\"font-size-14 mt-2 mb-0\">Cr\u00e9dit image: Visualisation Services industriels lausannois<\/p>\n<p class=\"font-size-14 mb-4\">La chemin\u00e9e offre une surface suffisante tout en apportant une touche esth\u00e9tique au d\u00e9veloppement \u00e9nerg\u00e9tique lausannois.<\/p>\n<p>Le<br \/>\nsolaire en fa\u00e7ade se r\u00e9pand petit \u00e0 petit, et la capitale vaudoise n\u2019y va pas<br \/>\navec le dos de la cuill\u00e8re\u00a0! Que ce soit pour les balcons que pour sa<br \/>\nchemin\u00e9e de Pierre-de-Plan, elle veut investir. Son nouveau programme de subvention<br \/>\net d\u2019appui \u00e0 projets entend doter ses Services industriels d\u2019un outil propre \u00e0 r\u00e9duire<br \/>\nles \u00e9missions de gaz \u00e0 effet de serre et \u00e0 assurer un approvisionnement<br \/>\n\u00e9nerg\u00e9tique suffisant.<\/p>\n<p>Pari<br \/>\nsur le vert et sur le local<br \/>A l\u2019heure o\u00f9 le Parlement f\u00e9d\u00e9ral se demande s\u2019il est opportun de relancer le nucl\u00e9aire,<br \/>\nla Ville de Lausanne se montre d\u00e9termin\u00e9e \u00e0 assurer une production d\u2019\u00e9lectricit\u00e9<br \/>\nverte et locale. Par de nombreuses initiatives, les Services industriels<br \/>\nlausannois appliquent un plan municipal qui est l\u2019objet de nombreuses propositions<br \/>\npolitiques. Le programme solaire sur les balcons, engag\u00e9 aujourd\u2019hui, r\u00e9pond m\u00eame<br \/>\n\u00e0 une batterie de motions d\u00e9pos\u00e9es aupr\u00e8s du Conseil communal.<\/p>\n<p>Tout<br \/>\nen symbole<br \/>L\u2019id\u00e9e d\u2019installer une centrale solaire sur la chemin\u00e9e de Pierre-de-Plan fait<br \/>\ndonc son chemin. Les quatre faces de la chemin\u00e9e pourraient \u00eatre recouverts par<br \/>\n600 panneaux photovolta\u00efques. Soit sur une hauteur de 52\u00a0m. La mise en<br \/>\nservice de cette centrale new-look est pr\u00e9vue \u00e0 la fin de l\u2019ann\u00e9e prochaine,<br \/>\nsous r\u00e9serve de l\u2019approbation du permis de construire ad hoc. Les objectifs<br \/>\n\u00e9nerg\u00e9tiques sont compl\u00e9t\u00e9s par une dimension symbolique, vu que la chemin\u00e9e<br \/>\nlausannoise marque le paysage urbain de sa pr\u00e9sence.<\/p>\n<p>        <img decoding=\"async\" src=\"https:\/\/www.europesays.com\/ch-fr\/wp-content\/uploads\/2026\/06\/31437_1.jpg\" alt=\"Solaire balcons Lausanne\" class=\"img-responsive\"\/><\/p>\n<p class=\"font-size-14 mt-2 mb-0\">Cr\u00e9dit image: Ville de Lausanne<\/p>\n<p class=\"font-size-14 mb-4\">Le solaire peut aussi davantage investir les balcons des appartements en location. <\/p>\n<p>Le<br \/>\nprogramme mis en place touche aussi les balcons des particuliers, qui offrent<br \/>\nsuffisamment de surface de pose de panneaux solaires. La Ville soutiendra financi\u00e8rement<br \/>\nles locataires d\u00e9sireux de modifier leur approvisionnement \u00e9nerg\u00e9tique dans ce<br \/>\ncadre. En prenant en compte leurs revenus, dont le montant peut \u00eatre parfois un<br \/>\nobstacle. En parall\u00e8le, la Ville annonce \u00e9tudier encore un projet solaire, au<br \/>\nsol cette fois. <\/p>\n","protected":false},"excerpt":{"rendered":"Teaserbild-Quelle: Visualisation Services industriels lausannois Cr\u00e9dit image: Visualisation Services industriels lausannois La chemin\u00e9e offre une surface suffisante tout&hellip;\n","protected":false},"author":2,"featured_media":167974,"comment_status":"","ping_status":"","sticky":false,"template":"","format":"standard","meta":{"footnotes":"","_share_on_mastodon":"0"},"categories":[19],"tags":[4750,707,1166,355,706,1616,177,1162,512,23,708,325],"class_list":["post-167973","post","type-post","status-publish","format-standard","has-post-thumbnail","category-lausanne","tag-developpement","tag-energie-solaire","tag-enveloppe-du-batiment","tag-environnement","tag-gef_tendances","tag-immobilier","tag-lausanne","tag-rub_projets","tag-social","tag-suisse","tag-technique-du-batiment","tag-vaud"],"share_on_mastodon":{"url":"https:\/\/pubeurope.com\/@ch_fr\/116720401748310403","error":""},"_links":{"self":[{"href":"https:\/\/www.europesays.com\/ch-fr\/wp-json\/wp\/v2\/posts\/167973","targetHints":{"allow":["GET"]}}],"collection":[{"href":"https:\/\/www.europesays.com\/ch-fr\/wp-json\/wp\/v2\/posts"}],"about":[{"href":"https:\/\/www.europesays.com\/ch-fr\/wp-json\/wp\/v2\/types\/post"}],"author":[{"embeddable":true,"href":"https:\/\/www.europesays.com\/ch-fr\/wp-json\/wp\/v2\/users\/2"}],"replies":[{"embeddable":true,"href":"https:\/\/www.europesays.com\/ch-fr\/wp-json\/wp\/v2\/comments?post=167973"}],"version-history":[{"count":0,"href":"https:\/\/www.europesays.com\/ch-fr\/wp-json\/wp\/v2\/posts\/167973\/revisions"}],"wp:featuredmedia":[{"embeddable":true,"href":"https:\/\/www.europesays.com\/ch-fr\/wp-json\/wp\/v2\/media\/167974"}],"wp:attachment":[{"href":"https:\/\/www.europesays.com\/ch-fr\/wp-json\/wp\/v2\/media?parent=167973"}],"wp:term":[{"taxonomy":"category","embeddable":true,"href":"https:\/\/www.europesays.com\/ch-fr\/wp-json\/wp\/v2\/categories?post=167973"},{"taxonomy":"post_tag","embeddable":true,"href":"https:\/\/www.europesays.com\/ch-fr\/wp-json\/wp\/v2\/tags?post=167973"}],"curies":[{"name":"wp","href":"https:\/\/api.w.org\/{rel}","templated":true}]}}