{"id":168285,"date":"2026-06-09T17:25:32","date_gmt":"2026-06-09T17:25:32","guid":{"rendered":"https:\/\/www.europesays.com\/ch-fr\/168285\/"},"modified":"2026-06-09T17:25:32","modified_gmt":"2026-06-09T17:25:32","slug":"nous-vous-demandons-de-ne-jamais-abandonner-les-enseignants-lappel-de-50-associations-aux-ministres-face-a-lislamisation-de-lecole","status":"publish","type":"post","link":"https:\/\/www.europesays.com\/ch-fr\/168285\/","title":{"rendered":"\u00abNous vous demandons de ne jamais abandonner les enseignants\u00bb : l\u2019appel de 50 associations aux ministres face \u00e0 l\u2019islamisation de l\u2019\u00e9cole"},"content":{"rendered":"<p>\n    FIGAROVOX\/TRIBUNE &#8211; Dans une lettre ouverte, une cinquantaine d\u2019associations s\u2019adressent aux ministres de l\u2019\u00c9ducation nationale et de l\u2019Enseignement sup\u00e9rieur pour leur demander de prendre d\u2019urgence des mesures concr\u00e8tes afin que des drames comme celui de Samuel Paty ne se reproduisent plus.<\/p>\n<p class=\"fig-paragraph\">Six ans apr\u00e8s l\u2019assassinat par d\u00e9capitation par un islamiste tch\u00e9tch\u00e8ne\u00a0<a href=\"http:\/\/www.lefigaro.fr\/actualite-france\/samuel-paty-discriminait-les-eleves-musulmans-les-propos-d-un-avocat-de-la-defense-provoquent-un-tolle-20260127\" data-fig-type=\"NewsFlash\" data-gtm-custom-categorie=\"navigation\" data-gtm-custom-action=\"crossclick\" data-gtm-custom-label=\"Contextuel\" data-gtm-event=\"customEventSPE\" data-fig-domain=\"LEFIGARO\" rel=\"nofollow noopener\" target=\"_blank\">le 16 octobre 2020 de Samuel Paty<\/a>, professeur d\u2019histoire-g\u00e9ographie dans un coll\u00e8ge de Conflans-Sainte-Honorine (Val-d\u2019Oise), l\u2019histoire semble b\u00e9gayer. Une cabale est en effet mont\u00e9e depuis quelques semaines cette fois-ci \u00e0 Bondy (Seine-Saint-Denis) contre des enseignants du lyc\u00e9e Jean Renoir accus\u00e9s de \u00abracisme\u00bb et d\u2019\u00abislamophobie\u00bb. Pour mesurer la gravit\u00e9 de ce type de situation, il est essentiel de voir L\u2019Abandon, le film r\u00e9alis\u00e9 par Vincent Garenq,\u00a0<a href=\"http:\/\/www.lefigaro.fr\/actualite-france\/c-est-une-projection-difficile-mais-indispensable-nous-avons-demande-aux-enseignants-et-aux-eleves-ce-qu-ils-pensent-du-film-sur-samuel-paty-20260523\" data-fig-type=\"Article\" data-gtm-custom-categorie=\"navigation\" data-gtm-custom-action=\"crossclick\" data-gtm-custom-label=\"Contextuel\" data-gtm-event=\"customEventSPE\" data-fig-domain=\"LEFIGARO\" rel=\"nofollow noopener\" target=\"_blank\">qui retrace les onze derniers jours<\/a>\u00a0de la vie de Samuel Paty. Il montre avec sobri\u00e9t\u00e9, retenue et v\u00e9rit\u00e9 comment l\u2019orchestration d\u2019une campagne de calomnies en l\u2019occurrence au service de la cause islamiste destin\u00e9e \u00e0 faire appara\u00eetre Samuel Paty comme \u00abislamophobe\u00bb et \u00e0 victimiser les musulmans en France, a pu conduire \u00e0 l\u2019atrocit\u00e9 de cet assassinat. Face \u00e0 la candeur d\u2019un enseignant aim\u00e9 par l\u2019immense majorit\u00e9 de ses \u00e9l\u00e8ves auxquels il avait propos\u00e9 une discussion libre sur l\u2019affaire des caricatures de Mahomet en puisant pour exposer ces dessins dans la base documentaire du r\u00e9seau Canop\u00e9 de l\u2019\u00c9ducation nationale, l\u2019engrenage de la terreur s\u2019est mis en marche. Au point de le faire tuer.<\/p>\n<p class=\"fig-paragraph\">Contrairement \u00e0 ce que d\u2019aucuns veulent faire accroire dans un but militant \u00e0 la veille des \u00e9ch\u00e9ances de l\u2019\u00e9lection pr\u00e9sidentielle de 2027, ce film t\u00e9moignage est d\u00e9nu\u00e9 de tout objectif politicien. Il n\u2019attaque aucune cat\u00e9gorie de personnes en particulier, ni aucune communaut\u00e9 qu\u2019elle soit religieuse ou nationale. Au contraire, il d\u00e9crit la fa\u00e7on dont, face au p\u00e9ril d\u2019une situation extr\u00eamement mena\u00e7ante pour nos enseignants, il n\u2019y a pas eu de positionnement de groupe, mais des choix personnels\u00a0: des divisions sont apparues tant chez les enseignants du coll\u00e8ge que chez les parents d\u2019\u00e9l\u00e8ves.<\/p>\n<p>                                            Nous vous demandons de revoir en profondeur les missions des \u00ab r\u00e9f\u00e9rents la\u00efcit\u00e9\u00a0\u00bb afin qu\u2019ils soient \u00e0 la hauteur de leur mission de protection des enseignants menac\u00e9s.<br \/>\n                                            <a class=\"fig-a11y-skip\" href=\"#fig-a11y-skip-main-inarticle\" is=\"fig-a11y-skip\" data-trigger-mode=\"visible-once\"><br \/>\n    Passer la publicit\u00e9<br \/>\n<\/a>            <\/p>\n<p class=\"fig-paragraph\"><a href=\"https:\/\/video.lefigaro.fr\/figaro\/l-abandon-le-premier-film-sur-samuel-paty-le-recit-d-antoine-reinartz-20260511\" data-fig-type=\"Video\" data-gtm-custom-categorie=\"navigation\" data-gtm-custom-action=\"crossclick\" data-gtm-custom-label=\"Contextuel\" data-gtm-event=\"customEventSPE\" data-fig-domain=\"LEFIGARO\" rel=\"nofollow noopener\" target=\"_blank\">Le drame dont L\u2019Abandon rend compte<\/a>\u00a0n\u2019est pas isol\u00e9, et h\u00e9las, les m\u00eames causes produisant les m\u00eames effets, il alerte sur la n\u00e9cessit\u00e9 de faire barrage \u00e0 la propagande islamiste dans les \u00e9tablissements d\u2019enseignement. Songeons \u00e0 l\u2019assassinat de Dominique Bernard, professeur agr\u00e9g\u00e9 de Lettres \u00e0 Arras sauvagement tu\u00e9 par un islamiste en 2023 dans la cour de l\u2019\u00e9tablissement en tentant d\u2019emp\u00eacher le terroriste d\u2019attenter aux \u00e9l\u00e8ves. Songeons \u00e0 Fabrice Balanche, enseignant \u00e0 l\u2019Universit\u00e9 de Lyon 2 dont le cours a \u00e9t\u00e9 violemment perturb\u00e9 en 2025 par des \u00e9tudiants masqu\u00e9s le traitant de \u00absioniste\u00bb et de \u00abterroriste\u00bb, sans que la pr\u00e9sidente de ladite universit\u00e9 s\u2019en \u00e9tonne\u00a0! On en est l\u00e0\u00a0!<\/p>\n<p class=\"fig-paragraph\">Les insuffisances de la cha\u00eene administrative ne sont certes pas seules en cause. Cependant, en tant que ministres charg\u00e9s de l\u2019\u00c9ducation nationale et de l\u2019Enseignement sup\u00e9rieur en France, vous vous devez de veiller \u00e0 une prise de conscience collective du danger physique et morale de la mont\u00e9e des agressions dans les milieux scolaire et universitaire.<\/p>\n<p class=\"fig-paragraph\">Nous, associations qui \u0153uvrons pour la d\u00e9fense de l\u2019\u00e9tat de droit et des libert\u00e9s en France\u00a0:<\/p>\n<p class=\"fig-paragraph\">&#8211; Nous vous demandons solennellement de prendre les mesures qui s\u2019imposent pour lutter contre la\u00a0<a href=\"http:\/\/www.lefigaro.fr\/vox\/monde\/omar-youssef-souleimane-derriere-l-affaire-tariq-ramadan-la-neutralite-suisse-au-service-de-l-impunite-et-de-la-propagande-islamiste-20260330\" data-fig-type=\"Article\" data-gtm-custom-categorie=\"navigation\" data-gtm-custom-action=\"crossclick\" data-gtm-custom-label=\"Contextuel\" data-gtm-event=\"customEventSPE\" data-fig-domain=\"LEFIGARO\" rel=\"nofollow noopener\" target=\"_blank\">propagande islamiste\u00a0<\/a>dans les \u00e9tablissements d\u2019enseignement.<\/p>\n<p class=\"fig-paragraph\">&#8211; Nous vous demandons de veiller \u00e0 l\u2019ouverture rapide de proc\u00e9dures disciplinaires contre les fauteurs de trouble au sein des \u00e9tablissements.<\/p>\n<p>                                            <a class=\"fig-a11y-skip\" href=\"#fig-a11y-skip-main-inarticle_mtf\" is=\"fig-a11y-skip\" data-trigger-mode=\"visible-once\"><br \/>\n    Passer la publicit\u00e9<br \/>\n<\/a>            <\/p>\n<p class=\"fig-paragraph\">&#8211; Nous vous demandons d\u2019assurer la protection de tous les enseignants menac\u00e9s par l\u2019extr\u00e9misme religieux ou politique.<\/p>\n<p class=\"fig-paragraph\">&#8211; Nous vous demandons de revoir en profondeur les missions des \u00abr\u00e9f\u00e9rents la\u00efcit\u00e9\u00bb afin qu\u2019ils soient \u00e0 la hauteur de leur mission de protection des enseignants menac\u00e9s.<\/p>\n<p class=\"fig-paragraph\">Nous vous demandons de ne jamais abandonner les enseignants\u00a0!<\/p>\n<p class=\"fig-paragraph\">Les associations signataires\u00a0:<\/p>\n<p>                        Actions Avocats<br \/>\n                                Agir ensemble<br \/>\n                                Alliance France-Isra\u00ebl G\u00e9n\u00e9ral Koenig<br \/>\n                                Association de D\u00e9fense des La\u00efques (AD3L)<br \/>\n                                Association de soutien aux Chr\u00e9tiens de Kabylie<br \/>\n                                Association Historock, l\u2019Histoire en Musique\u00a0<br \/>\n                                Aza rouge<br \/>\n                                Centre d\u2019Etudes et de Recherches Universitaires (CERU)<br \/>\n                                Centre de R\u00e9flexion sur la S\u00e9curit\u00e9 Int\u00e9rieure<br \/>\n                                Cercle Alg\u00e9rianiste National<br \/>\n                                Cercle Droit et D\u00e9bat Public<br \/>\n                                Collectif Atlas (Iraniens, Kabyles, Juifs)<br \/>\n                                Collectif de soutien aux d\u00e9tenus kabyles<br \/>\n                                Comit\u00e9 de Soutien International de Boualem Sansal<br \/>\n                                Comit\u00e9 La\u00efcit\u00e9 R\u00e9publique<br \/>\n                                Congr\u00e8s mondial Amazigh<br \/>\n                                Cr\u00e9er son Ecole<br \/>\n                                Cyrus Collective<br \/>\n                                D\u00e9fense des Serviteurs de la R\u00e9publique<br \/>\n                                Dhimmi Watch<br \/>\n                                Egale<br \/>\n                                Ensemble Peuple Iran (HOMA)<br \/>\n                                European Center for Law and Justice (ECLJ)<br \/>\n                                Femme Azadi<br \/>\n                                Fondation pour l\u2019\u00c9cole<br \/>\n                                Institut pour la Justice<br \/>\n                                Institut Thomas More<br \/>\n                                L\u2019Observatoire du d\u00e9colonialisme et des id\u00e9ologies identitaires<br \/>\n                                La France en Partage<br \/>\n                                La Nouvelle Revue Politique (NRP)<br \/>\n                                Le Grain Magique PACA<br \/>\n                                Les Amis d\u2019Honor\u00e9 Daumier<br \/>\n                                Les Amis de la Kabylie<br \/>\n                                Les Amis de Simon Wiesenthal<br \/>\n                                Ligue des Libert\u00e9s<br \/>\n                                Ligue kabyle des droits de l\u2019homme<br \/>\n                                Lutte pour l\u2019\u00c9galit\u00e9 dans l\u2019Antiracisme (LEA)<br \/>\n                                Mouvement pour la Paix et contre le Terrorisme\u00a0<br \/>\n                                Mutualit\u00e9 des amis de la Kabylie des Hauts de France<br \/>\n                                Observatoire Europ\u00e9en des Fondamentalismes<br \/>\n                                Observatoire Juif de France (O.J.F)<br \/>\n                                Rassemblement des Avocats Juifs de France (R.A.J.F)<br \/>\n                                R\u00e9seau 1905<br \/>\n                                Secours de France<br \/>\n                                Union Nationale Inter-Universitaire (U.N.I)<br \/>\n                                Unit\u00e9 La\u00efque<br \/>\n                                Vigilance Coll\u00e8ges Lyc\u00e9es<br \/>\n                                Vivre la R\u00e9publique<br \/>\n                                Voix Universalistes<\/p>\n","protected":false},"excerpt":{"rendered":"FIGAROVOX\/TRIBUNE &#8211; Dans une lettre ouverte, une cinquantaine d\u2019associations s\u2019adressent aux ministres de l\u2019\u00c9ducation nationale et de l\u2019Enseignement&hellip;\n","protected":false},"author":2,"featured_media":168286,"comment_status":"","ping_status":"","sticky":false,"template":"","format":"standard","meta":{"footnotes":"","_share_on_mastodon":"0"},"categories":[10],"tags":[113,112,36833,26212,23],"class_list":["post-168285","post","type-post","status-publish","format-standard","has-post-thumbnail","category-divertissement","tag-divertissement","tag-entertainment","tag-laicite","tag-samuel-paty","tag-suisse"],"share_on_mastodon":{"url":"https:\/\/pubeurope.com\/@ch_fr\/116721321412068698","error":""},"_links":{"self":[{"href":"https:\/\/www.europesays.com\/ch-fr\/wp-json\/wp\/v2\/posts\/168285","targetHints":{"allow":["GET"]}}],"collection":[{"href":"https:\/\/www.europesays.com\/ch-fr\/wp-json\/wp\/v2\/posts"}],"about":[{"href":"https:\/\/www.europesays.com\/ch-fr\/wp-json\/wp\/v2\/types\/post"}],"author":[{"embeddable":true,"href":"https:\/\/www.europesays.com\/ch-fr\/wp-json\/wp\/v2\/users\/2"}],"replies":[{"embeddable":true,"href":"https:\/\/www.europesays.com\/ch-fr\/wp-json\/wp\/v2\/comments?post=168285"}],"version-history":[{"count":0,"href":"https:\/\/www.europesays.com\/ch-fr\/wp-json\/wp\/v2\/posts\/168285\/revisions"}],"wp:featuredmedia":[{"embeddable":true,"href":"https:\/\/www.europesays.com\/ch-fr\/wp-json\/wp\/v2\/media\/168286"}],"wp:attachment":[{"href":"https:\/\/www.europesays.com\/ch-fr\/wp-json\/wp\/v2\/media?parent=168285"}],"wp:term":[{"taxonomy":"category","embeddable":true,"href":"https:\/\/www.europesays.com\/ch-fr\/wp-json\/wp\/v2\/categories?post=168285"},{"taxonomy":"post_tag","embeddable":true,"href":"https:\/\/www.europesays.com\/ch-fr\/wp-json\/wp\/v2\/tags?post=168285"}],"curies":[{"name":"wp","href":"https:\/\/api.w.org\/{rel}","templated":true}]}}