{"id":168727,"date":"2026-06-10T00:35:17","date_gmt":"2026-06-10T00:35:17","guid":{"rendered":"https:\/\/www.europesays.com\/ch-fr\/168727\/"},"modified":"2026-06-10T00:35:17","modified_gmt":"2026-06-10T00:35:17","slug":"lutte-contre-les-maladies-tropicales-un-cas-de-dengue-et-une-operation-de-demoustication-dans-le-quartier-de-la-croisiere-a-avignon","status":"publish","type":"post","link":"https:\/\/www.europesays.com\/ch-fr\/168727\/","title":{"rendered":"Lutte contre les maladies tropicales\u00a0: un cas de dengue et une op\u00e9ration de d\u00e9moustication dans le quartier de la Croisi\u00e8re, \u00e0 Avignon"},"content":{"rendered":"<p>\u00ab\u00a0J\u2019ai \u00e9t\u00e9 r\u00e9veill\u00e9 en sursaut \u00e0 4\u00a0h du matin par un bruit in\u00e9dit qui a fait fuir mon chat Simba\u00a0\u00bb, t\u00e9moigne, encore \u00e9tonn\u00e9, un riverain du quartier de la Croisi\u00e8re, \u00e0 <a href=\"https:\/\/www.laprovence.com\/vaucluse\/avignon-84007\" target=\"_blank\" rel=\"nofollow noopener\">Avignon<\/a>. Sa nuit a \u00e9t\u00e9 chamboul\u00e9e par une troupe d\u2019\u00e9tranges personnages moul\u00e9s dans une combinaison int\u00e9grale, engins de pulv\u00e9risation en main. S\u2019agissait-il d\u2019un rassemblement matinal de cosplayers fans de Ghostbusters ou d\u2019une paralysie du sommeil\u00a0? Rien de cela.<\/p>\n<p>Au petit matin, le tonique quinquag\u00e9naire a d\u00e9couvert, dans sa bo\u00eete aux lettres, la cl\u00e9 de lecture de ce ramdam. \u00ab\u00a0Intervention sp\u00e9ciale de d\u00e9moustication. Traitement cibl\u00e9 contre l\u2019esp\u00e8ce de moustique Aedes albopictus (dit moustique tigre)\u00a0\u00bb, \u00e9tait \u00e9crit sur le document probablement gliss\u00e9 l\u00e0 quelques jours plus t\u00f4t.<\/p>\n<p>Le risque du cluster<\/p>\n<p>Cette op\u00e9ration surprenante, qui consiste \u00e0 vaporiser \u00e0 grande \u00e9chelle du produit anti-moustique, a \u00e9t\u00e9 men\u00e9e par les techniciens de l\u2019Entente interd\u00e9partementale pour la d\u00e9moustication (EID M\u00e9diterran\u00e9e). L\u2019organisme est mandat\u00e9 par <a href=\"https:\/\/www.laprovence.com\/article\/sante\/1979757356929314\/lagence-regionale-de-sante-insiste-sur-la-prevention-en-vaucluse\" target=\"_blank\" rel=\"nofollow noopener\">l\u2019Agence r\u00e9gionale de sant\u00e9<\/a> (ARS) lorsqu\u2019un cas de maladie transmise par les piq\u00fbres de moustique (dengue, chikungunya ou Zika) est signal\u00e9 dans un quartier.<\/p>\n<p>En ce qui concerne le p\u00e2t\u00e9 de maisons &#8230;<\/p>\n","protected":false},"excerpt":{"rendered":"\u00ab\u00a0J\u2019ai \u00e9t\u00e9 r\u00e9veill\u00e9 en sursaut \u00e0 4\u00a0h du matin par un bruit in\u00e9dit qui a fait fuir mon&hellip;\n","protected":false},"author":2,"featured_media":168728,"comment_status":"","ping_status":"","sticky":false,"template":"","format":"standard","meta":{"footnotes":"","_share_on_mastodon":"0"},"categories":[9],"tags":[449,21991,5330,6399,83,473,10050,2349,84,23,40632],"class_list":["post-168727","post","type-post","status-publish","format-standard","has-post-thumbnail","category-sante","tag-449","tag-cas","tag-contre","tag-dengue","tag-health","tag-les","tag-lutte","tag-maladies","tag-sante","tag-suisse","tag-tropicales"],"share_on_mastodon":{"url":"https:\/\/pubeurope.com\/@ch_fr\/116723012424389286","error":""},"_links":{"self":[{"href":"https:\/\/www.europesays.com\/ch-fr\/wp-json\/wp\/v2\/posts\/168727","targetHints":{"allow":["GET"]}}],"collection":[{"href":"https:\/\/www.europesays.com\/ch-fr\/wp-json\/wp\/v2\/posts"}],"about":[{"href":"https:\/\/www.europesays.com\/ch-fr\/wp-json\/wp\/v2\/types\/post"}],"author":[{"embeddable":true,"href":"https:\/\/www.europesays.com\/ch-fr\/wp-json\/wp\/v2\/users\/2"}],"replies":[{"embeddable":true,"href":"https:\/\/www.europesays.com\/ch-fr\/wp-json\/wp\/v2\/comments?post=168727"}],"version-history":[{"count":0,"href":"https:\/\/www.europesays.com\/ch-fr\/wp-json\/wp\/v2\/posts\/168727\/revisions"}],"wp:featuredmedia":[{"embeddable":true,"href":"https:\/\/www.europesays.com\/ch-fr\/wp-json\/wp\/v2\/media\/168728"}],"wp:attachment":[{"href":"https:\/\/www.europesays.com\/ch-fr\/wp-json\/wp\/v2\/media?parent=168727"}],"wp:term":[{"taxonomy":"category","embeddable":true,"href":"https:\/\/www.europesays.com\/ch-fr\/wp-json\/wp\/v2\/categories?post=168727"},{"taxonomy":"post_tag","embeddable":true,"href":"https:\/\/www.europesays.com\/ch-fr\/wp-json\/wp\/v2\/tags?post=168727"}],"curies":[{"name":"wp","href":"https:\/\/api.w.org\/{rel}","templated":true}]}}