{"id":168979,"date":"2026-06-10T06:13:15","date_gmt":"2026-06-10T06:13:15","guid":{"rendered":"https:\/\/www.europesays.com\/ch-fr\/168979\/"},"modified":"2026-06-10T06:13:15","modified_gmt":"2026-06-10T06:13:15","slug":"les-hurricanes-simposent-5-3-a-vegas-et-egalisent-a-2-partout-en-finale-de-la-coupe-stanley","status":"publish","type":"post","link":"https:\/\/www.europesays.com\/ch-fr\/168979\/","title":{"rendered":"Les Hurricanes s&rsquo;imposent 5-3 \u00e0 Vegas et \u00e9galisent \u00e0 2 partout en finale de la Coupe Stanley"},"content":{"rendered":"<p>Carolina a r\u00e9cup\u00e9r\u00e9 l&rsquo;avantage de la glace face \u00e0 Las Vegas en finale de la Coupe Stanley. Les Hurricanes sont all\u00e9s s&rsquo;imposer 5-3 dans le Nevada pour \u00e9galiser \u00e0 2-2 dans la s\u00e9rie.<\/p>\n<p>La franchise de Raleigh a forc\u00e9 la d\u00e9cision dans le 3e tiers, entam\u00e9 sur le score de 3-3. C&rsquo;est son capitaine Jordan Staal qui a inscrit le \u00ab\u00a0game winning goal\u00a0\u00bb, le 4-3, \u00e0 la 47e, signant sa 5e r\u00e9ussite dans cette finale des playoffs de NHL.<\/p>\n<p>L&rsquo;attaquant canadien de 37 ans avait d\u00e9j\u00e0 marqu\u00e9 le 3-1 (13e) pour les Canes, qui avaient men\u00e9 2-0 apr\u00e8s seulement 3&rsquo;28 et ont vu les Vegas Golden Knights recoller \u00e0 3-3 \u00e0 la 38e. Il a \u00e9t\u00e9 d\u00e9sign\u00e9 1re \u00e9toile de cette rencontre.<\/p>\n<p>Contenu externe<\/p>\n<p> Ce contenu externe ne peut pas \u00eatre affich\u00e9 car il est susceptible de collecter des donn\u00e9es personnelles. Pour voir ce contenu vous devez autoriser la cat\u00e9gorie Services Tiers. <\/p>\n<p> Accepter Plus d&rsquo;info <\/p>\n<p>    Le match 5 jeudi \u00e0 Raleigh<\/p>\n<p>La 2e \u00e9toile est revenue \u00e0 l&rsquo;ex-joueur du HC Bienne Nikolaj Ehlers. Le Danois a scell\u00e9 le score dans une cage vide \u00e0 55\u00a0\u00bb de la fin, apr\u00e8s avoir r\u00e9ussi 2 assists dont la passe d\u00e9cisive sur le 4-3 de Jordan Staal.<\/p>\n<p>Carolina, qui vise la 2e Coupe Stanley de son histoire apr\u00e8s celle glan\u00e9e en 2006, retrouvera son public jeudi soir pour l&rsquo;acte V. Les Canes devraient \u00e0 nouveau aligner leur gardien no 2 Brandon Bussi (18 arr\u00eats mardi), pr\u00e9f\u00e9r\u00e9 \u00e0 Frederik Andersen lequel a \u00e9t\u00e9 laiss\u00e9 au repos dans ce match 4.<\/p>\n<p class=\"sources\">ats\/bao<\/p>\n","protected":false},"excerpt":{"rendered":"Carolina a r\u00e9cup\u00e9r\u00e9 l&rsquo;avantage de la glace face \u00e0 Las Vegas en finale de la Coupe Stanley. Les&hellip;\n","protected":false},"author":2,"featured_media":168980,"comment_status":"","ping_status":"","sticky":false,"template":"","format":"standard","meta":{"footnotes":"","_share_on_mastodon":"0"},"categories":[8],"tags":[5538,40659,37893,29600,33416,37368,949,222,1304,40660,493,219,9857,40661,29937,437,4805,40662,1463,186,75,23,37896,40056,1224],"class_list":["post-168979","post","type-post","status-publish","format-standard","has-post-thumbnail","category-sports","tag-akira-schmid","tag-brandon-bussi","tag-carolina-hurricanes","tag-caroline-du-nord","tag-carter-hart","tag-coupe-stanley","tag-danemark","tag-etats-unis","tag-etoile","tag-frederik-andersen","tag-hockey","tag-hockey-sur-glace","tag-hurricanes-de-la-caroline","tag-jordan-staal","tag-nevada","tag-nhl","tag-playoffs","tag-raleigh","tag-score","tag-sport","tag-sports","tag-suisse","tag-vegas-golden-knights","tag-vegas-golden-knights-carolina-hurricanes","tag-victoire"],"share_on_mastodon":{"url":"https:\/\/pubeurope.com\/@ch_fr\/116724341392441177","error":""},"_links":{"self":[{"href":"https:\/\/www.europesays.com\/ch-fr\/wp-json\/wp\/v2\/posts\/168979","targetHints":{"allow":["GET"]}}],"collection":[{"href":"https:\/\/www.europesays.com\/ch-fr\/wp-json\/wp\/v2\/posts"}],"about":[{"href":"https:\/\/www.europesays.com\/ch-fr\/wp-json\/wp\/v2\/types\/post"}],"author":[{"embeddable":true,"href":"https:\/\/www.europesays.com\/ch-fr\/wp-json\/wp\/v2\/users\/2"}],"replies":[{"embeddable":true,"href":"https:\/\/www.europesays.com\/ch-fr\/wp-json\/wp\/v2\/comments?post=168979"}],"version-history":[{"count":0,"href":"https:\/\/www.europesays.com\/ch-fr\/wp-json\/wp\/v2\/posts\/168979\/revisions"}],"wp:featuredmedia":[{"embeddable":true,"href":"https:\/\/www.europesays.com\/ch-fr\/wp-json\/wp\/v2\/media\/168980"}],"wp:attachment":[{"href":"https:\/\/www.europesays.com\/ch-fr\/wp-json\/wp\/v2\/media?parent=168979"}],"wp:term":[{"taxonomy":"category","embeddable":true,"href":"https:\/\/www.europesays.com\/ch-fr\/wp-json\/wp\/v2\/categories?post=168979"},{"taxonomy":"post_tag","embeddable":true,"href":"https:\/\/www.europesays.com\/ch-fr\/wp-json\/wp\/v2\/tags?post=168979"}],"curies":[{"name":"wp","href":"https:\/\/api.w.org\/{rel}","templated":true}]}}