{"id":170015,"date":"2026-06-10T20:51:44","date_gmt":"2026-06-10T20:51:44","guid":{"rendered":"https:\/\/www.europesays.com\/ch-fr\/170015\/"},"modified":"2026-06-10T20:51:44","modified_gmt":"2026-06-10T20:51:44","slug":"les-collections-du-musee-genevois-dhistoire-naturelle-mises-en-peril","status":"publish","type":"post","link":"https:\/\/www.europesays.com\/ch-fr\/170015\/","title":{"rendered":"Les collections du Mus\u00e9e genevois d\u2019histoire naturelle mises en p\u00e9ril"},"content":{"rendered":"<p>\n                Teaserbild-Quelle: Ville de Gen\u00e8ve, Nicole Zermatten\n            <\/p>\n<p>La vrillette<br \/>\ndu pain est un tout petit insecte, mais son action est d\u00e9vastatrice. L\u2019institution<br \/>\ngenevoise doit encore reporter sa r\u00e9ouverture de deux ans pour pr\u00e9server l\u2019int\u00e9grit\u00e9<br \/>\nde ses collections inestimables. Le chantier de transformation des b\u00e2timents se<br \/>\nprolonge encore par des travaux d\u2019assainissement.<\/p>\n<p>        <img decoding=\"async\" src=\"https:\/\/www.europesays.com\/ch-fr\/wp-content\/uploads\/2026\/06\/29641_1.jpg\" alt=\"Mus\u00e9um Gen\u00e8ve 1\" class=\"img-responsive\"\/><\/p>\n<p class=\"font-size-14 mt-2 mb-0\">Cr\u00e9dit image: Ville de Gen\u00e8ve, Nicole Zermatten<\/p>\n<p class=\"font-size-14 mb-4\">Les nouveaux b\u00e2timents sont \u00e0 peine construits que leur patrimoine est d\u00e9j\u00e0 malmen\u00e9 de mani\u00e8re sournoise.<\/p>\n<p>La<br \/>\ntransformation du Mus\u00e9e genevois d\u2019histoire naturelle va d\u00e9cid\u00e9ment d\u2019une d\u00e9convenue<br \/>\n\u00e0 l\u2019autre. Apr\u00e8s avoir report\u00e9 \u00e0 septembre prochain la r\u00e9ouverture de cette institution<br \/>\ns\u00e9culaire, la Ville de Gen\u00e8ve et la direction du mus\u00e9e doivent encore<br \/>\npatienter. La faute \u00e0 la vrillette du pain, un insecte qui menace les inestimables<br \/>\ncollections qui doivent prendre place dans un espace compl\u00e8tement agrandi. <\/p>\n<p>La<br \/>\nCit\u00e9 de Calvin n\u2019h\u00e9site pas \u00e0 parler de crise patrimoniale pour \u00e9voquer la<br \/>\ngravit\u00e9 des dommages subis par son projet. Si l\u2019insecte ravageur est petit, il<br \/>\nn\u2019en peut pas moins causer des d\u00e9g\u00e2ts irr\u00e9versibles aux peaux, plumes, herbiers<br \/>\net d\u00e9cors de tout mus\u00e9e d\u2019histoire naturelle. D\u00e9tect\u00e9 il y a un an dans le<br \/>\nnouveau b\u00e2timent de l\u2019institution genevoise, il a atteint plusieurs sp\u00e9cimens<br \/>\nqui auraient d\u00fb \u00eatre expos\u00e9s dans leur nouvel \u00e9crin d\u00e8s la fin du chantier de<br \/>\nr\u00e9novation.<\/p>\n<p>        <img decoding=\"async\" src=\"https:\/\/www.europesays.com\/ch-fr\/wp-content\/uploads\/2026\/06\/29643_1.jpg\" alt=\"Mus\u00e9um Gen\u00e8ve 3\" class=\"img-responsive\"\/><\/p>\n<p class=\"font-size-14 mt-2 mb-0\">Cr\u00e9dit image: Philippe Wagneur, Mus\u00e9um de Gen\u00e8ve<\/p>\n<p class=\"font-size-14 mb-4\">Les collections ont pourtant fait l\u2019objet de mesures de protection particuli\u00e8rement soign\u00e9es. En pure perte. <\/p>\n<p>La<br \/>\nvrillette du pain s\u2019est donc r\u00e9pandue dans tous les \u00e9tages du nouveau volume des<br \/>\nexpositions. Il s\u2019agira d\u2019\u00e9radiquer l\u2019intrus, de confiner les zones touch\u00e9es,<br \/>\nde s\u00e9curiser les locaux encore en chantier et d\u2019installer des dispositifs de<br \/>\ncong\u00e9lation et d\u2019anoxie. D\u00e8s cet automne, le rez-de-chauss\u00e9e doit \u00eatre particuli\u00e8rement<br \/>\nrestaur\u00e9 apr\u00e8s avoir \u00e9t\u00e9 d\u00e9sinfest\u00e9. La Ville de Gen\u00e8ve a choisi un proc\u00e9d\u00e9 d\u2019une<br \/>\ntr\u00e8s grande complexit\u00e9 technique et logistique pour esp\u00e9rer ouvrir le mus\u00e9e, du<br \/>\nmoins partiellement, d\u00e8s 2028.<\/p>\n<p>Le<br \/>\nMus\u00e9e d\u2019histoire naturelle de Gen\u00e8ve restera donc ferm\u00e9 ces deux prochaines<br \/>\nann\u00e9es. Mais la vrillette du pain continuera de pr\u00e9occuper ses \u00e9quipes quelque<br \/>\ntemps encore. Outre les travaux de d\u00e9sinfestation, la Ville de Gen\u00e8ve doit<br \/>\nconsacrer plus de 7 millions \u00e0 revoir les infrastructures du b\u00e2timent. Le co\u00fbt de<br \/>\ncette op\u00e9ration de sauvetage s\u2019\u00e9l\u00e8ve d\u00e9j\u00e0 \u00e0 une trentaine de millions. <\/p>\n<p><a target=\"_blank\" href=\"https:\/\/www.batimag.ch\/monde-de-la-construction\/geneve-a-sous-estime-lampleur-de-la-renovation-de-son-museum-7887\" rel=\"nofollow noopener\">Un cort\u00e8ge de d\u00e9sillusions<\/a><\/p>\n","protected":false},"excerpt":{"rendered":"Teaserbild-Quelle: Ville de Gen\u00e8ve, Nicole Zermatten La vrillette du pain est un tout petit insecte, mais son action&hellip;\n","protected":false},"author":2,"featured_media":170016,"comment_status":"","ping_status":"","sticky":false,"template":"","format":"standard","meta":{"footnotes":"","_share_on_mastodon":"0"},"categories":[17],"tags":[8523,2225,3315,355,1163,170,169,304,1165,1164,1162,23,708,1169],"class_list":["post-170015","post","type-post","status-publish","format-standard","has-post-thumbnail","category-geneve","tag-architecture-et-construction","tag-catastrophes-naturelles","tag-chantiers","tag-environnement","tag-gef_news","tag-geneva","tag-geneve","tag-nature","tag-patrimoine","tag-renovations","tag-rub_projets","tag-suisse","tag-technique-du-batiment","tag-transformations"],"share_on_mastodon":{"url":"https:\/\/pubeurope.com\/@ch_fr\/116727794235962598","error":""},"_links":{"self":[{"href":"https:\/\/www.europesays.com\/ch-fr\/wp-json\/wp\/v2\/posts\/170015","targetHints":{"allow":["GET"]}}],"collection":[{"href":"https:\/\/www.europesays.com\/ch-fr\/wp-json\/wp\/v2\/posts"}],"about":[{"href":"https:\/\/www.europesays.com\/ch-fr\/wp-json\/wp\/v2\/types\/post"}],"author":[{"embeddable":true,"href":"https:\/\/www.europesays.com\/ch-fr\/wp-json\/wp\/v2\/users\/2"}],"replies":[{"embeddable":true,"href":"https:\/\/www.europesays.com\/ch-fr\/wp-json\/wp\/v2\/comments?post=170015"}],"version-history":[{"count":0,"href":"https:\/\/www.europesays.com\/ch-fr\/wp-json\/wp\/v2\/posts\/170015\/revisions"}],"wp:featuredmedia":[{"embeddable":true,"href":"https:\/\/www.europesays.com\/ch-fr\/wp-json\/wp\/v2\/media\/170016"}],"wp:attachment":[{"href":"https:\/\/www.europesays.com\/ch-fr\/wp-json\/wp\/v2\/media?parent=170015"}],"wp:term":[{"taxonomy":"category","embeddable":true,"href":"https:\/\/www.europesays.com\/ch-fr\/wp-json\/wp\/v2\/categories?post=170015"},{"taxonomy":"post_tag","embeddable":true,"href":"https:\/\/www.europesays.com\/ch-fr\/wp-json\/wp\/v2\/tags?post=170015"}],"curies":[{"name":"wp","href":"https:\/\/api.w.org\/{rel}","templated":true}]}}