{"id":171773,"date":"2026-06-12T01:12:14","date_gmt":"2026-06-12T01:12:14","guid":{"rendered":"https:\/\/www.europesays.com\/ch-fr\/171773\/"},"modified":"2026-06-12T01:12:14","modified_gmt":"2026-06-12T01:12:14","slug":"apres-que-ca-vous-serve-de-lecon-et-heros-fragile-netflix-degaine-viral-hit-sa-nouvelle-serie-coup-de-poing","status":"publish","type":"post","link":"https:\/\/www.europesays.com\/ch-fr\/171773\/","title":{"rendered":"Apr\u00e8s Que \u00e7a vous serve de le\u00e7on et H\u00e9ros fragile, Netflix d\u00e9gaine Viral Hit, sa nouvelle s\u00e9rie coup de poing"},"content":{"rendered":"<p>Ce jeudi 11 juin 2026, Netflix a ajout\u00e9 une nouvelle s\u00e9rie \u00e0 son catalogue : Viral Hit, adapt\u00e9e du webtoon de Park Tae-jun et Kim Jung-hyun. Si vous avez aim\u00e9 Que \u00e7a vous serve de le\u00e7on et H\u00e9ros Fragile, cette nouvelle s\u00e9rie est faite pour vous. Celle-ci traite d&rsquo;un sujet d&rsquo;actualit\u00e9 : le harc\u00e8lement scolaire.<\/p>\n<p>Mise en ligne sur Netflix le vendredi 5 juin dernier, la s\u00e9rie cor\u00e9enne <a href=\"https:\/\/www.programme-tv.net\/news\/series-tv\/403493-pourquoi-la-serie-coreenne-que-ca-vous-serve-de-lecon-arrivee-aujourdhui-sur-netflix-fait-polemique-depuis-des-annees\/\" data-api-deeplink=\"teleloisirs:\/\/news\/403493\" rel=\"nofollow noopener\" target=\"_blank\">Que \u00e7a vous serve de le\u00e7on qui a pourtant fait pol\u00e9mique<\/a> s&rsquo;est tr\u00e8s rapidement hiss\u00e9e dans le top 10 des fictions les plus vues de la plateforme. \u00c0 ce jour, elle est deuxi\u00e8me du classement des s\u00e9ries les plus visionn\u00e9es du moment en France, juste derri\u00e8re <a href=\"https:\/\/www.programme-tv.net\/news\/series-tv\/403348-sous-ses-yeux-netflix-que-deviennent-les-protagonistes-de-l-histoire-vraie\/\" data-api-deeplink=\"teleloisirs:\/\/news\/403348\" rel=\"nofollow noopener\" target=\"_blank\">Sous ses yeux, qui est inspir\u00e9e d&rsquo;une histoire vraie.<\/a><\/p>\n<p>Une autre s\u00e9rie cor\u00e9enne a fait beaucoup de bruit sur la plateforme de streaming en 2025 : il s&rsquo;agit de <a href=\"https:\/\/www.programme-tv.net\/news\/series-tv\/377715-heros-fragile-une-saison-3-sur-netflix-park-ji-hoon-si-eun-donne-les-premieres-pistes\/\" data-api-deeplink=\"teleloisirs:\/\/news\/377715\" rel=\"nofollow noopener\" target=\"_blank\">H\u00e9ros Fragile dont on attend toujours des nouvelles pour une saison 3<\/a><a href=\"https:\/\/www.programme-tv.net\/news\/series-tv\/377570-heros-fragile-saison-2-la-plus-grosse-theorie-des-fans-est-devenue-realite-et-ils-en-sont-restes-meduses\/\" data-api-deeplink=\"teleloisirs:\/\/news\/377570\" rel=\"nofollow noopener\" target=\"_blank\">.<\/a> Si vous avez aim\u00e9 ces deux programmes venus de Cor\u00e9e du Sud, vous allez aimer \u00e0 coup s\u00fbr le dernier ajout de Netflix qui n&rsquo;est autre que Viral Hit, disponible depuis ce jeudi 11 juin 2026.<\/p>\n<p>Viral Hit : cette nouveaut\u00e9 tout juste arriv\u00e9e sur Netflix va vous scotcher<\/p>\n<p>Viral Hit suit Kota Shimura, un lyc\u00e9en victime de harc\u00e8lement qui doit faire sans cesse face aux moqueries de ses camarades de classe. Une fois le lyc\u00e9e termin\u00e9, le jeune adolescent doit g\u00e9rer une autre difficult\u00e9 : le poids des frais m\u00e9dicaux de sa m\u00e8re. La vie de Kota Shimura ne pourrait pas \u00eatre plus affreuse&#8230; Alors, quand il voit l&rsquo;opportunit\u00e9 de se relever de tout \u00e7a, il fonce !<\/p>\n<p>Tout part d&rsquo;une vid\u00e9o montrant une bagarre avec un autre lyc\u00e9en, qui est rapidement devenue virale sur les r\u00e9seaux sociaux. Kota se rend alors compte que se battre peut vite devenir une activit\u00e9 lucrative. Il d\u00e9cide alors de lancer sa propre cha\u00eene de streaming pour devenir cr\u00e9ateur de contenus et, enfin, r\u00e9ussir \u00e0 s&rsquo;en sortir financi\u00e8rement.<\/p>\n<p>    Viral Hit, une s\u00e9rie d\u00e9conseill\u00e9e aux moins de 16 ans<\/p>\n<p>L&rsquo;adaptation japonaise en prises de vues r\u00e9elles du webtoon de Park Tae-jun et Kim Jung-hyun devrait rapidement \u00eatre appr\u00e9ci\u00e9e par les fans des s\u00e9ries d&rsquo;action o\u00f9 les coups pleuvent. D&rsquo;autant plus que le webtoon original a d\u00e9pass\u00e9 les 2,2 milliards de vues selon WEBTOON Entertainment. Il a \u00e9galement \u00e9t\u00e9 adapt\u00e9 en anime en 2024, avant la version propos\u00e9e par Netflix.<\/p>\n<p>Le programme du g\u00e9ant de la SVOD a une classification 16+ au vu de la violence des combats film\u00e9s et du harc\u00e8lement scolaire, mis en lumi\u00e8re et qui est, malheureusement, encore un sujet d&rsquo;actualit\u00e9 dans de nombreux \u00e9tablissements.<\/p>\n<p>Article \u00e9crit avec la collaboration de 6m\u00e9dias.<\/p>\n","protected":false},"excerpt":{"rendered":"Ce jeudi 11 juin 2026, Netflix a ajout\u00e9 une nouvelle s\u00e9rie \u00e0 son catalogue : Viral Hit, adapt\u00e9e&hellip;\n","protected":false},"author":2,"featured_media":171774,"comment_status":"","ping_status":"","sticky":false,"template":"","format":"standard","meta":{"footnotes":"","_share_on_mastodon":"0"},"categories":[13],"tags":[489,113,112,486,485,484,23,487,142,40951,40949,40950],"class_list":["post-171773","post","type-post","status-publish","format-standard","has-post-thumbnail","category-television","tag-commentaire","tag-divertissement","tag-entertainment","tag-netflix","tag-pub-streaming-netflix","tag-su00e9rie-netflix","tag-suisse","tag-svod","tag-television","tag-viral-hit","tag-viral-hit-2026","tag-viral-hit-season-1-2026"],"share_on_mastodon":{"url":"https:\/\/pubeurope.com\/@ch_fr\/116734482519347383","error":""},"_links":{"self":[{"href":"https:\/\/www.europesays.com\/ch-fr\/wp-json\/wp\/v2\/posts\/171773","targetHints":{"allow":["GET"]}}],"collection":[{"href":"https:\/\/www.europesays.com\/ch-fr\/wp-json\/wp\/v2\/posts"}],"about":[{"href":"https:\/\/www.europesays.com\/ch-fr\/wp-json\/wp\/v2\/types\/post"}],"author":[{"embeddable":true,"href":"https:\/\/www.europesays.com\/ch-fr\/wp-json\/wp\/v2\/users\/2"}],"replies":[{"embeddable":true,"href":"https:\/\/www.europesays.com\/ch-fr\/wp-json\/wp\/v2\/comments?post=171773"}],"version-history":[{"count":0,"href":"https:\/\/www.europesays.com\/ch-fr\/wp-json\/wp\/v2\/posts\/171773\/revisions"}],"wp:featuredmedia":[{"embeddable":true,"href":"https:\/\/www.europesays.com\/ch-fr\/wp-json\/wp\/v2\/media\/171774"}],"wp:attachment":[{"href":"https:\/\/www.europesays.com\/ch-fr\/wp-json\/wp\/v2\/media?parent=171773"}],"wp:term":[{"taxonomy":"category","embeddable":true,"href":"https:\/\/www.europesays.com\/ch-fr\/wp-json\/wp\/v2\/categories?post=171773"},{"taxonomy":"post_tag","embeddable":true,"href":"https:\/\/www.europesays.com\/ch-fr\/wp-json\/wp\/v2\/tags?post=171773"}],"curies":[{"name":"wp","href":"https:\/\/api.w.org\/{rel}","templated":true}]}}