{"id":171989,"date":"2026-06-12T05:25:13","date_gmt":"2026-06-12T05:25:13","guid":{"rendered":"https:\/\/www.europesays.com\/ch-fr\/171989\/"},"modified":"2026-06-12T05:25:13","modified_gmt":"2026-06-12T05:25:13","slug":"mort-delisa-pilarski-le-chien-curtis-devra-etre-euthanasie-prison-avec-sursis-pour-son-maitre","status":"publish","type":"post","link":"https:\/\/www.europesays.com\/ch-fr\/171989\/","title":{"rendered":"Mort d\u2019Elisa Pilarski\u00a0: Le chien Curtis devra \u00eatre euthanasi\u00e9, prison avec sursis pour son ma\u00eetre"},"content":{"rendered":"<p>Christophe Ellul a \u00e9t\u00e9 condamn\u00e9 ce jeudi \u00e0 quatre ans de prison avec sursis pour <a href=\"https:\/\/www.20minutes.fr\/dossier\/homicide_involontaire\" class=\"c-link c-link--is-underlined\" rel=\"nofollow noopener\" target=\"_blank\">homicide involontaire<\/a> pour la mort de sa compagne, Elisa Pilarski. La jeune femme a \u00e9t\u00e9 tu\u00e9e en\u00a02019 par des morsures attribu\u00e9es \u00e0 Curtis, le pitbull de Christophe Ellul. Le tribunal a, en outre, ordonn\u00e9 que l&rsquo;animal soit <a href=\"https:\/\/www.20minutes.fr\/dossier\/euthanasie\" class=\"c-link c-link--is-underlined\" rel=\"nofollow noopener\" target=\"_blank\">euthanasi<\/a>\u00e9.<\/p>\n<p>Le tribunal de Soissons (<a href=\"https:\/\/www.20minutes.fr\/societe\/aisne\/\" class=\"c-link c-link--is-underlined\" rel=\"nofollow noopener\" target=\"_blank\">Aisne<\/a>) a soulign\u00e9 que le propri\u00e9taire de l\u2019animal, est responsable d\u2019avoir entra\u00een\u00e9 Curtis jusqu\u2019\u00e0 ce qu\u2019il soit \u00ab\u00a0conditionn\u00e9 \u00e0 l\u2019attaque\u00a0\u00bb et que ce chien, enferm\u00e9 depuis les faits dans un chenil, est \u00ab\u00a0hors de contr\u00f4le\u00a0\u00bb. Les juges ont suivi les r\u00e9quisitions du parquet lors du proc\u00e8s en mars.<\/p>\n<p>Des analyses ADN confirment le r\u00f4le de Curtis<\/p>\n<p>Le 16 novembre\u00a02019, Christophe Ellul avait d\u00e9couvert le corps sans vie de sa compagne de 29 ans, lard\u00e9 d\u2019une cinquantaine de graves morsures canines, dans une for\u00eat au sud-ouest de Soissons. Elisa Pilarski \u00e9tait all\u00e9e s\u2019y promener avec l\u2019un des chiens de son conjoint, Curtis, un American Pitbull Terrier. Quelques minutes avant sa mort, elle avait appel\u00e9 \u00e0 l\u2019aide son compagnon.<\/p>\n<p>Christophe Ellul a longtemps dout\u00e9 de la responsabilit\u00e9 de Curtis, mettant plut\u00f4t en cause des chiens de chasse \u00e0 courre, pr\u00e9sents autour du corps de la victime \u00e0 son arriv\u00e9e, selon lui. Une version finalement \u00e9cart\u00e9e par l\u2019instruction et les diverses analyses, notamment ADN, toutes convergeant vers le seul Curtis.<\/p>\n<p>La victime \u00e9tait enceinte de six mois<\/p>\n<p>Le tribunal correctionnel de Soissons a retenu l\u2019absence de pr\u00e9caution du propri\u00e9taire de l\u2019animal \u00e2g\u00e9 de 51 ans. Celui-ci n\u2019avait en effet pris aucune mesure pour que sa compagne, femme fluette d\u20191,52\u00a0m pour 56\u00a0kg et enceinte de six mois \u00e0 l\u2019\u00e9poque, n\u2019ait pas \u00e0 s\u2019occuper seule du molosse d\u2019une vingtaine de kilos.<\/p>\n<p>Cependant dans son r\u00e9quisitoire, le parquet a demand\u00e9 la requalification des faits en homicide involontaire simple, estimant que Christophe Ellul n\u2019avait pas conscience du danger en dressant son chien et avait lui-m\u00eame \u00ab\u00a0\u00e9norm\u00e9ment\u00a0\u00bb souffert du d\u00e9c\u00e8s de sa compagne.<\/p>\n<p>Vaine mobilisation des d\u00e9fenseurs des animaux<\/p>\n<p>Plusieurs p\u00e9titions r\u00e9clamant la \u00ab\u00a0gr\u00e2ce\u00a0\u00bb de l\u2019animal ont \u00e9t\u00e9 lanc\u00e9es sur les sites change.org et mesopinions.com \u00e0 l\u2019issue des r\u00e9quisitions du parquet en mars. Elles totalisent plus 100.000 signatures cette semaine. Aujourd\u2019hui \u00e2g\u00e9 de huit ans et demi, Curtis vit actuellement dans un box dans un chenil de Haute-Garonne.<\/p>\n<p>Partie civile au proc\u00e8s, l\u2019association de protection animale Les amis de Sam s\u2019est propos\u00e9e pour l\u2019accueillir et lui \u00e9viter l\u2019euthanasie. L\u2019association estime qu\u2019il pourrait \u00eatre r\u00e9\u00e9duqu\u00e9 et ainsi cesser d\u2019\u00eatre dangereux.<\/p>\n","protected":false},"excerpt":{"rendered":"Christophe Ellul a \u00e9t\u00e9 condamn\u00e9 ce jeudi \u00e0 quatre ans de prison avec sursis pour homicide involontaire pour&hellip;\n","protected":false},"author":2,"featured_media":171990,"comment_status":"","ping_status":"","sticky":false,"template":"","format":"standard","meta":{"footnotes":"","_share_on_mastodon":"0"},"categories":[5],"tags":[376,5293,2749,4299,1291,40,39,34152,41,42],"class_list":["post-171989","post","type-post","status-publish","format-standard","has-post-thumbnail","category-international","tag-actualite","tag-aisne","tag-chien","tag-euthanasie","tag-hauts-de-france","tag-international","tag-justice","tag-picardie","tag-world","tag-world-news"],"share_on_mastodon":{"url":"https:\/\/pubeurope.com\/@ch_fr\/116735477214360376","error":""},"_links":{"self":[{"href":"https:\/\/www.europesays.com\/ch-fr\/wp-json\/wp\/v2\/posts\/171989","targetHints":{"allow":["GET"]}}],"collection":[{"href":"https:\/\/www.europesays.com\/ch-fr\/wp-json\/wp\/v2\/posts"}],"about":[{"href":"https:\/\/www.europesays.com\/ch-fr\/wp-json\/wp\/v2\/types\/post"}],"author":[{"embeddable":true,"href":"https:\/\/www.europesays.com\/ch-fr\/wp-json\/wp\/v2\/users\/2"}],"replies":[{"embeddable":true,"href":"https:\/\/www.europesays.com\/ch-fr\/wp-json\/wp\/v2\/comments?post=171989"}],"version-history":[{"count":0,"href":"https:\/\/www.europesays.com\/ch-fr\/wp-json\/wp\/v2\/posts\/171989\/revisions"}],"wp:featuredmedia":[{"embeddable":true,"href":"https:\/\/www.europesays.com\/ch-fr\/wp-json\/wp\/v2\/media\/171990"}],"wp:attachment":[{"href":"https:\/\/www.europesays.com\/ch-fr\/wp-json\/wp\/v2\/media?parent=171989"}],"wp:term":[{"taxonomy":"category","embeddable":true,"href":"https:\/\/www.europesays.com\/ch-fr\/wp-json\/wp\/v2\/categories?post=171989"},{"taxonomy":"post_tag","embeddable":true,"href":"https:\/\/www.europesays.com\/ch-fr\/wp-json\/wp\/v2\/tags?post=171989"}],"curies":[{"name":"wp","href":"https:\/\/api.w.org\/{rel}","templated":true}]}}