{"id":173423,"date":"2026-06-13T03:16:28","date_gmt":"2026-06-13T03:16:28","guid":{"rendered":"https:\/\/www.europesays.com\/ch-fr\/173423\/"},"modified":"2026-06-13T03:16:28","modified_gmt":"2026-06-13T03:16:28","slug":"pubs-destinees-aux-enfants-berne-veut-serrer-la-vis","status":"publish","type":"post","link":"https:\/\/www.europesays.com\/ch-fr\/173423\/","title":{"rendered":"Pubs destin\u00e9es aux enfants: Berne veut serrer la vis"},"content":{"rendered":"<p> L&rsquo;industrie agroalimentaire cible les enfants avec des publicit\u00e9s pour des produits trop gras, sucr\u00e9s ou sal\u00e9s. L&rsquo;Office f\u00e9d\u00e9ral de la s\u00e9curit\u00e9 alimentaire (OSAV) propose une autor\u00e9gulation: les entreprises limiteraient volontairement ces publicit\u00e9s pour les moins de 13 ans, sur tous les canaux. Est-ce suffisant face \u00e0 l&rsquo;ob\u00e9sit\u00e9 infantile? La Suisse sous-estime-t-elle l&rsquo;impact de ces pubs? Faut-il une interdiction pure et simple?<\/p>\n<p>Juliette Ivanez, responsable alimentation et pr\u00e9vention \u00e0 la F\u00e9d\u00e9ration romande des consommateurs, r\u00e9pond \u00e0 Marie Tschumi.<\/p>\n","protected":false},"excerpt":{"rendered":"L&rsquo;industrie agroalimentaire cible les enfants avec des publicit\u00e9s pour des produits trop gras, sucr\u00e9s ou sal\u00e9s. L&rsquo;Office f\u00e9d\u00e9ral&hellip;\n","protected":false},"author":2,"featured_media":173424,"comment_status":"","ping_status":"","sticky":false,"template":"","format":"standard","meta":{"footnotes":"","_share_on_mastodon":"0"},"categories":[20],"tags":[1261,953,193,192,1321,2056,1087,344,41196,164,505,12449,849,851,1177,1902,92,1903,1254,126,3303,830,23],"class_list":["post-173423","post","type-post","status-publish","format-standard","has-post-thumbnail","category-berne","tag-alimentation","tag-arrondissement-administratif-de-berne-mittelland","tag-bern","tag-berne","tag-consommation","tag-contenu","tag-distribution","tag-economie-et-finances","tag-education-famille","tag-enfant","tag-entreprise","tag-federation-romande-des-consommateurs","tag-la-1ere","tag-media-radio","tag-medias","tag-on-en-parle","tag-politique","tag-probleme","tag-projet-de-loi","tag-publicite","tag-reseautage-social","tag-reseaux-sociaux","tag-suisse"],"share_on_mastodon":{"url":"https:\/\/pubeurope.com\/@ch_fr\/116740632470009486","error":""},"_links":{"self":[{"href":"https:\/\/www.europesays.com\/ch-fr\/wp-json\/wp\/v2\/posts\/173423","targetHints":{"allow":["GET"]}}],"collection":[{"href":"https:\/\/www.europesays.com\/ch-fr\/wp-json\/wp\/v2\/posts"}],"about":[{"href":"https:\/\/www.europesays.com\/ch-fr\/wp-json\/wp\/v2\/types\/post"}],"author":[{"embeddable":true,"href":"https:\/\/www.europesays.com\/ch-fr\/wp-json\/wp\/v2\/users\/2"}],"replies":[{"embeddable":true,"href":"https:\/\/www.europesays.com\/ch-fr\/wp-json\/wp\/v2\/comments?post=173423"}],"version-history":[{"count":0,"href":"https:\/\/www.europesays.com\/ch-fr\/wp-json\/wp\/v2\/posts\/173423\/revisions"}],"wp:featuredmedia":[{"embeddable":true,"href":"https:\/\/www.europesays.com\/ch-fr\/wp-json\/wp\/v2\/media\/173424"}],"wp:attachment":[{"href":"https:\/\/www.europesays.com\/ch-fr\/wp-json\/wp\/v2\/media?parent=173423"}],"wp:term":[{"taxonomy":"category","embeddable":true,"href":"https:\/\/www.europesays.com\/ch-fr\/wp-json\/wp\/v2\/categories?post=173423"},{"taxonomy":"post_tag","embeddable":true,"href":"https:\/\/www.europesays.com\/ch-fr\/wp-json\/wp\/v2\/tags?post=173423"}],"curies":[{"name":"wp","href":"https:\/\/api.w.org\/{rel}","templated":true}]}}