{"id":173709,"date":"2026-06-13T09:09:14","date_gmt":"2026-06-13T09:09:14","guid":{"rendered":"https:\/\/www.europesays.com\/ch-fr\/173709\/"},"modified":"2026-06-13T09:09:14","modified_gmt":"2026-06-13T09:09:14","slug":"le-guet-veilleur-des-nuits-lausannoises-2","status":"publish","type":"post","link":"https:\/\/www.europesays.com\/ch-fr\/173709\/","title":{"rendered":"Le guet, veilleur des nuits lausannoises"},"content":{"rendered":"<p>    <img src=\"https:\/\/www.europesays.com\/ch-fr\/wp-content\/uploads\/2026\/06\/1781341749_286_SWI_CHE_0526_KERN_GUET_LAUSANNE_CATHEDRAL_13_M.jpg\" width=\"3000\" height=\"2000\" alt=\"Guet se bouche les oreilles\" loading=\"eager\" decoding=\"sync\" fetchpriority=\"high\"\/><\/p>\n<p>                La mission principale du guet commence apr\u00e8s les coups de cloche, qui, d&rsquo;ici, sont assourdissants.            <\/p>\n<p>            Thomas Kern \/ SWI swissinfo.ch        <\/p>\n<p>        Le travail d\u2019Alexandre Schmid commence \u00e0 dix heures du soir, lorsque sonne la cloche de la cath\u00e9drale de Lausanne. Sa mission: crier les heures aux quatre points cardinaux jusqu\u2019au milieu de la nuit. Une tradition vieille de plus de 600 ans. Portrait.\n<\/p>\n<p>        Ce contenu a \u00e9t\u00e9 publi\u00e9 sur    <\/p>\n<p>        13 juin 2026 &#8211; 10:00\n<\/p>\n<p>Au guidon de son v\u00e9lo, Alexandre Schmid p\u00e9dale de toutes ses forces pour grimper les rues escarp\u00e9es de Lausanne. \u00c0 bout de souffle, il pose finalement le pied \u00e0 terre et pousse son deux-roues jusqu\u2019\u00e0 sa destination: la cath\u00e9drale, situ\u00e9e sur les hauts de la ville alors que lui habite plus bas, non loin de la gare.<\/p>\n<p>Il est 21h45. La m\u00e9t\u00e9o est pluvieuse et le vent souffle. Il reste quinze minutes au \u00abguet\u00bb pour poser son vieux v\u00e9lo, gravir les 153 marches du beffroi et endosser son costume: un long manteau noir coiff\u00e9 d\u2019un chapeau de feutre.<\/p>\n<p>\u00abC\u2019est le guet. Il a sonn\u00e9 dix! Il a sonn\u00e9 dix!\u00bb<\/p>\n<p>Depuis plus de deux ans, Alexandre Schmid est le guet titulaire de la cath\u00e9drale de Lausanne; un m\u00e9tier vestige d\u2019un pass\u00e9 r\u00e9volu. \u00abC\u2019est un endroit magnifique. Je m\u2019\u00e9merveille \u00e0 chaque fois que je monte ici. J\u2019ai une vue unique sur la ville de Lausanne, que j\u2019aime\u00bb, confie l\u2019homme de 34 ans, dont la barbe noire est \u00e9clair\u00e9e par la faible lueur d\u2019une lanterne accroch\u00e9e au parapet. Soudain, le vent porte les coups de l\u2019horloge de l\u2019\u00e9glise Saint-Fran\u00e7ois, situ\u00e9e en contre-bas. Le moment approche.<\/p>\n<p>    <img src=\"https:\/\/www.europesays.com\/ch-fr\/wp-content\/uploads\/2026\/06\/1781341750_188_SWI_CHE_0526_KERN_GUET_LAUSANNE_CATHEDRAL_06_M.jpg\" width=\"3000\" height=\"2000\" alt=\"Une personne crie depuis le clocher de la cath\u00e9drale\" loading=\"lazy\" decoding=\"async\" fetchpriority=\"auto\"\/><\/p>\n<p>                \u00c0 chaque heure pleine, entre 22 h et 2 h, Alexandre Schmid crie l\u2019heure aux quatre points cardinaux.            <\/p>\n<p>            Thomas Kern \/ SWI swissinfo.ch        <\/p>\n<p>Alexandre Schmid se bouche les oreilles avec ses deux index. Peu apr\u00e8s, la cloche s\u00e9culaire de la cath\u00e9drale sonne dix coups. \u00c0 trente m\u00e8tres au-dessus de la base de l\u2019imposant \u00e9difice gothique, le son est assourdissant. Lorsque l\u2019\u00e9cho s\u2019\u00e9teint sur les toits de la ville, c\u2019est \u00e0 lui d\u2019annoncer l\u2019heure. Il met ses mains en porte-voix et crie \u00e0 pleins poumons, en direction de l\u2019Est: \u00abC\u2019est le guet. Il a sonn\u00e9 dix! Il a sonn\u00e9 dix!\u00bb Puis, il d\u00e9croche la lanterne, se d\u00e9place du c\u00f4t\u00e9 nord et r\u00e9p\u00e8te l\u2019annonce. Suivent les autres points cardinaux. L\u2019ordre est toujours le m\u00eame: Est, Nord, Ouest et Sud.<\/p>\n<p>&gt;&gt; La ville de Lausanne propose un \u00e9clairage sur ce travail singulier:<\/p>\n<p>        Contenu externe    <\/p>\n<p>Gardien d\u2019une tradition s\u00e9culaire<\/p>\n<p>Son travail achev\u00e9 pour la prochaine heure, le guet regagne sa gu\u00e9rite, la \u00abloge du guet\u00bb, comme l\u2019indique une plaque de bois accroch\u00e9e \u00e0 la porte. C\u2019est une sorte d\u2019alc\u00f4ve; une petite pi\u00e8ce de quelques m\u00e8tres carr\u00e9s aux murs lambriss\u00e9s, chauff\u00e9e par un petit radiateur \u00e9lectrique.<\/p>\n<p>Alexandre Schmid accroche son chapeau et son manteau \u00e0 un clou. \u00abLe terme \u2018guet\u2019 d\u00e9rive du verbe \u2018guetter\u2019\u00bb, explique le veilleur, qui passe cinq nuits par semaine, de 22h00 \u00e0 2h00, au sommet du beffroi, annon\u00e7ant les heures de sa voix. Son travail n\u2019est pas de surveiller, de monter la garde ou de sonner les cloches, mais de maintenir vivante une tradition s\u00e9culaire.<\/p>\n<p>\u00abLa premi\u00e8re mention document\u00e9e de la pr\u00e9sence du \u2018guet de la cath\u00e9drale\u2019 remonte au 4 novembre 1405. Mais cette figure existait d\u00e9j\u00e0 bien avant. Sa t\u00e2che principale \u00e9tait de donner l\u2019alarme en cas d\u2019incendie\u00bb, raconte Alexandre Schmid, qui a \u00e9tudi\u00e9 l\u2019histoire \u00e0 l\u2019universit\u00e9. Il allie aujourd\u2019hui sa passion pour le pass\u00e9 \u00e0 un m\u00e9tier remontant \u00e0 la nuit des temps. \u00abLe guet, ajoute-t-il, devait \u00e9galement sonner et crier les heures, ainsi que veiller \u00e0 l\u2019ordre public dans la ville.\u00bb<\/p>\n<p>\n    Plus<\/p>\n<p>    <img src=\"https:\/\/www.europesays.com\/ch-fr\/wp-content\/uploads\/2026\/06\/1781341752_8_SWI_CHE_0525_KERN_ZYTGLOGGE_06.jpg\" width=\"8401\" height=\"5600\" alt=\"Horloge de Berne\" loading=\"lazy\" decoding=\"async\" fetchpriority=\"auto\"\/><\/p>\n<p>        Plus    <\/p>\n<p>        La Suisse insolite\n        <\/p>\n<p>        Zytglogge, le c\u0153ur m\u00e9canique de la ville de Berne    <\/p>\n<p class=\"teaser-wide-card__excerpt\">\n<p>                        Ce contenu a \u00e9t\u00e9 publi\u00e9 sur                    <\/p>\n<p>                        05 juil. 2025                    <\/p>\n<p>                Balade au c\u0153ur de la Zytglogge de Berne, un monument embl\u00e9matique de Berne que les touristes voient rarement de l\u2019int\u00e9rieur.            <\/p>\n<p>    <a class=\"teaser-wide-card__link\" href=\"https:\/\/www.swissinfo.ch\/fre\/la-suisse-insolite\/zytglogge-le-c%c5%93ur-m%c3%a9canique-de-la-ville-de-berne\/89619882\" target=\"_self\" rel=\"nofollow noopener\"><\/p>\n<p>            lire plus Zytglogge, le c\u0153ur m\u00e9canique de la ville de Berne<br \/>\n    <\/a><\/p>\n<p>\u00abAu Moyen \u00c2ge, poursuit le veilleur, les maisons \u00e9taient faites presque enti\u00e8rement de bois et de paille. Et la seule fa\u00e7on de cuisiner ou de se chauffer \u00e9tait de faire du feu, les incendies \u00e9taient donc fr\u00e9quents. Quand cela arrivait, le seul moyen de les \u00e9teindre \u00e9tait de former une cha\u00eene humaine pour se passer des seaux d\u2019eau. C\u2019\u00e9tait une m\u00e9thode peu efficace, et souvent des quartiers entiers br\u00fblaient.\u00bb<\/p>\n<p>    <img src=\"https:\/\/www.europesays.com\/ch-fr\/wp-content\/uploads\/2026\/06\/1781341753_942_SWI_CHE_0526_KERN_GUET_LAUSANNE_CATHEDRAL_COMBO.jpg\" width=\"4146\" height=\"3000\" alt=\"Cloche\" loading=\"lazy\" decoding=\"async\" fetchpriority=\"auto\"\/><\/p>\n<p>                Les deux cloches situ\u00e9es \u00e0 gauche et \u00e0 droite de la loge marquent les heures. Les graffitis \u00e0 l\u2019int\u00e9rieur des cloches t\u00e9moignent de visites clandestines tard la nuit.             <\/p>\n<p>            Thomas Kern \/ SWI swissinfo.ch        <\/p>\n<p>Pilier du syst\u00e8me de surveillance des incendies<\/p>\n<p>C\u2019est pr\u00e9cis\u00e9ment en 1405 que s\u2019est d\u00e9clar\u00e9 l\u2019un des plus graves incendies de l\u2019histoire de Lausanne, r\u00e9duisant en fum\u00e9e une bonne partie des maisons situ\u00e9es autour de la cath\u00e9drale. Selon un rapport de l\u2019\u00e9poque, r\u00e9dig\u00e9 par les d\u00e9l\u00e9gu\u00e9s du quartier et l\u2019\u00e9v\u00eaque de la ville, l\u2019une des causes de la catastrophe a \u00e9t\u00e9 le retard avec lequel les sentinelles ont donn\u00e9 l\u2019alarme. \u00abQuand il voyait un incendie, le guet de la cath\u00e9drale prenait un marteau et frappait une cloche pour avertir la population, raconte Alexandre Schmid. Mais ce soir-l\u00e0, il s\u2019en est rendu compte trop tard. Il s\u2019\u00e9tait probablement endormi.\u00bb<\/p>\n<p>\u00c0 cette \u00e9poque, le guet de la cath\u00e9drale n\u2019\u00e9tait pas le seul \u00e0 mener la garde. Une autre vigie se trouvait sur le clocher de l\u2019\u00e9glise Saint-Fran\u00e7ois et des gardiens \u00abde terre\u00bb faisaient la ronde dans les quartiers. \u00abIls communiquaient entre eux en criant, signalaient les d\u00e9parts de feu et annon\u00e7aient l\u2019heure. C\u2019\u00e9tait aussi un moyen de s\u2019assurer qu\u2019aucun coll\u00e8gue ne s\u2019\u00e9tait endormi pendant sa ronde, peut-\u00eatre apr\u00e8s s\u2019\u00eatre attard\u00e9 dans une taverne\u00bb, explique le guet.<\/p>\n<p>Jusqu\u2019au d\u00e9but du XXe si\u00e8cle, le guet de la cath\u00e9drale est rest\u00e9 le pilier du syst\u00e8me de surveillance des incendies de Lausanne. Mais au fil des d\u00e9cennies, son r\u00f4le a progressivement perdu de son importance. En 1907, l\u2019alarme incendie a \u00e9t\u00e9 confi\u00e9e aux sir\u00e8nes de la ville, bien que le guet ait continu\u00e9 d\u2019occuper la tour jour et nuit. Le vrai changement est survenu apr\u00e8s la guerre, avec l\u2019installation d\u2019une horloge automatique et d\u2019un syst\u00e8me m\u00e9canis\u00e9 pour sonner les cloches. D\u00e8s lors, la fonction du guet s\u2019est limit\u00e9e \u00e0 la seule annonce des heures, un service autrefois destin\u00e9 surtout aux personnes qui ne savaient ni lire l\u2019heure ni compter.<\/p>\n<p>Une partie de l\u2019identit\u00e9 de la ville<\/p>\n<p>\u00c0 partir de 1960, face \u00e0 la difficult\u00e9 croissante de trouver des candidats pour ce poste, les autorit\u00e9s lausannoises ont d\u00e9cid\u00e9 de limiter le service du guet \u00e0 la tranche horaire de 22h00 \u00e0 2h00 du matin.<\/p>\n<p>\u00abD\u00e8s lors que l\u2019utilit\u00e9 du guet s\u2019est vid\u00e9e de sa substance, cette activit\u00e9 est entr\u00e9e dans une autre cat\u00e9gorie, certainement plus fantasmagorique, plus mythique peut-\u00eatre. Le guet est devenu un personnage atemporel qui \u00e9tonne et fascine\u00bb, peut-on lire dans la description figurant sur <a href=\"https:\/\/www.lebendige-traditionen.ch\/tradition\/it\/home\/tradizioni\/guardiano-della-cattedrale-di-losanna.html\" target=\"_blank\" rel=\"nofollow noopener\">le siteLien externe<\/a> des traditions vivantes en Suisse.<\/p>\n<p>    <img src=\"https:\/\/www.europesays.com\/ch-fr\/wp-content\/uploads\/2026\/06\/1781341754_876_SWI_CHE_0526_KERN_GUET_LAUSANNE_CATHEDRAL_01_M.jpg\" width=\"3000\" height=\"2000\" alt=\"Une personne allong\u00e9e en train de lire\" loading=\"lazy\" decoding=\"async\" fetchpriority=\"auto\"\/><\/p>\n<p>                La nuit, Alexandre Schmid profite du calme pour se consacrer \u00e0 ses lectures. Ce soir, il s\u2019agit d\u2019un livre sur la lutte des classes dans l\u2019Empire romain.             <\/p>\n<p>            Thomas Kern \/ SWI swissinfo.ch        <\/p>\n<p>\u00abEst-ce cette apparente inutilit\u00e9 qui rend le guet si l\u00e9gendaire?\u00bb, ose-t-on demander, un brin provocateur. \u00abJe crois que c\u2019est son caract\u00e8re hors du temps qui rend ce personnage si fascinant, r\u00e9pond Alexandre Schmid. Le sens de ce m\u00e9tier r\u00e9side surtout dans le lien avec le pass\u00e9 et dans l\u2019affection que lui portent les Lausannoises et les Lausannois. Il contribue \u00e0 forger l\u2019identit\u00e9 de la ville, de celles et ceux qui y vivent, qui disent alors: \u2018Ailleurs, les choses sont diff\u00e9rentes!\u2019\u00bb. Et de fait, les villes d\u2019Europe qui ont un guet actif 365 jours par an se comptent sur les doigts d\u2019une main: Ripon au Royaume-Uni, Cracovie en Pologne, Ystad en Su\u00e8de, Annaberg et Celle en Allemagne.<\/p>\n<p>                    L\u2019attachement de la population au guet                <\/p>\n<p>Outre Alexandre Schmid, sept guets suppl\u00e9ants assurent la continuit\u00e9 de la tradition. Parmi eux, Cassandre Berdoz est devenue en 2021 la premi\u00e8re femme de l\u2019histoire \u00e0 endosser ce r\u00f4le.<\/p>\n<p>Bien que le progr\u00e8s technique ait rendu la fonction originelle du guet obsol\u00e8te, Lausanne n\u2019a jamais voulu renoncer \u00e0 son veilleur de nuit.<\/p>\n<p>En 1946, le d\u00e9placement de la loge du guet du deuxi\u00e8me au premier \u00e9tage de la tour avait suscit\u00e9 une vive inqui\u00e9tude parmi la population lausannoise, qui craignait que ce ne soit le d\u00e9but de la disparition de cette figure \u00e0 laquelle elle tenait tant.<\/p>\n<p>En 1960, lorsque les autorit\u00e9s ont d\u00e9cid\u00e9 de limiter la pr\u00e9sence du guet dans la tour \u00e0 quatre heures par nuit, de 22h00 \u00e0 02h00, la presse r\u00e9gionale a titr\u00e9: \u00abSauvons le guet\u00bb, ou encore \u00abSerait-ce l\u2019agonie du guet?\u00bb. Un signe du profond attachement des Lausannoises et des Lausannois \u00e0 une tradition devenue partie int\u00e9grante de l\u2019identit\u00e9 de la ville.<\/p>\n<p>\u00abJe ne crois pas qu\u2019un tel autre endroit existe\u00bb<\/p>\n<p>Amoureux de la tranquillit\u00e9 et des livres, Alexandre Schmid n\u2019a pas h\u00e9sit\u00e9 lorsqu\u2019il a appris que la ville cherchait un nouveau guet titulaire. Il s\u2019agissait de reprendre le flambeau de Renato H\u00e4usler qui, de 1987 \u00e0 2002 comme rempla\u00e7ant, puis comme titulaire jusqu\u2019en 2024, avait consacr\u00e9 pr\u00e8s de quatre d\u00e9cennies \u00e0 cette fonction. Sur la face int\u00e9rieure d\u2019une porte d\u2019armoire dans la loge, ce dernier a laiss\u00e9 une trace silencieuse de son passage: une tr\u00e8s longue s\u00e9rie de traits, marqu\u00e9s au stylo \u00e0 bille, un pour chaque nuit pass\u00e9e au-dessus des toits de Lausanne. En 22 ans, cela fait 3398 nuits.<\/p>\n<p>Apr\u00e8s avoir parl\u00e9 pendant pr\u00e8s d\u2019une heure, le guet se l\u00e8ve, reprend son chapeau et son manteau. Il doit retourner \u00e0 l\u2019ext\u00e9rieur pour crier l\u2019heure aux quatre points cardinaux. Sur le seuil, nous lui demandons si, apr\u00e8s deux ans, il regrette son choix. \u00abNon, jamais, dit-il en souriant, tout en scrutant les lumi\u00e8res de la ville \u00e0 ses pieds. Pour quitter un tel endroit, il faudrait que j\u2019en trouve un autre aussi exceptionnel. Mais je ne crois pas que cela existe.\u00bb<\/p>\n<p>Texte relu et v\u00e9rifi\u00e9 par Zeno Zoccatelli, traduit de l\u2019italien \u00e0 l\u2019aide de l\u2019IA\/dbu<\/p>\n<p>        Plus    <\/p>\n<p>            Avez-vous d\u00e9j\u00e0 entendu quelque chose d\u2019\u00ab\u00e9trange\u00bb \u00e0 propos de la Suisse qui vous a intrigu\u00e9?        <\/p>\n<p class=\"teaser-wide-debate-card__text\">\n<p>                Une anecdote li\u00e9e \u00e0 la Suisse vous a interpell\u00e9? Faites-nous-en part et nous pourrons peut-\u00eatre approfondir le sujet dans un article.\n        <\/p>\n<p>    <a class=\"teaser-wide-debate-card__link\" href=\"https:\/\/www.swissinfo.ch\/fre\/la-suisse-insolite\/avez-vous-d%c3%a9j%c3%a0-entendu-quelque-chose-d%c3%a9trange-%c3%a0-propos-de-la-suisse-qui-vous-a-intrigu%c3%a9\/88231031\" rel=\"nofollow noopener\" target=\"_blank\"><\/p>\n<p>             Voir la discussion<br \/>\n    <\/a><\/p>\n<p>        Articles mentionn\u00e9s    <\/p>\n","protected":false},"excerpt":{"rendered":"La mission principale du guet commence apr\u00e8s les coups de cloche, qui, d&rsquo;ici, sont assourdissants. Thomas Kern \/&hellip;\n","protected":false},"author":2,"featured_media":173710,"comment_status":"","ping_status":"","sticky":false,"template":"","format":"standard","meta":{"footnotes":"","_share_on_mastodon":"0"},"categories":[19],"tags":[657,1918,20028,41231,177,159,1631,23],"class_list":["post-173709","post","type-post","status-publish","format-standard","has-post-thumbnail","category-lausanne","tag-article","tag-beat-swiss-oddities","tag-customs-and-tradition","tag-human-interest","tag-lausanne","tag-people","tag-production-type-adaptation","tag-suisse"],"share_on_mastodon":{"url":"https:\/\/pubeurope.com\/@ch_fr\/116742020791531874","error":""},"_links":{"self":[{"href":"https:\/\/www.europesays.com\/ch-fr\/wp-json\/wp\/v2\/posts\/173709","targetHints":{"allow":["GET"]}}],"collection":[{"href":"https:\/\/www.europesays.com\/ch-fr\/wp-json\/wp\/v2\/posts"}],"about":[{"href":"https:\/\/www.europesays.com\/ch-fr\/wp-json\/wp\/v2\/types\/post"}],"author":[{"embeddable":true,"href":"https:\/\/www.europesays.com\/ch-fr\/wp-json\/wp\/v2\/users\/2"}],"replies":[{"embeddable":true,"href":"https:\/\/www.europesays.com\/ch-fr\/wp-json\/wp\/v2\/comments?post=173709"}],"version-history":[{"count":0,"href":"https:\/\/www.europesays.com\/ch-fr\/wp-json\/wp\/v2\/posts\/173709\/revisions"}],"wp:featuredmedia":[{"embeddable":true,"href":"https:\/\/www.europesays.com\/ch-fr\/wp-json\/wp\/v2\/media\/173710"}],"wp:attachment":[{"href":"https:\/\/www.europesays.com\/ch-fr\/wp-json\/wp\/v2\/media?parent=173709"}],"wp:term":[{"taxonomy":"category","embeddable":true,"href":"https:\/\/www.europesays.com\/ch-fr\/wp-json\/wp\/v2\/categories?post=173709"},{"taxonomy":"post_tag","embeddable":true,"href":"https:\/\/www.europesays.com\/ch-fr\/wp-json\/wp\/v2\/tags?post=173709"}],"curies":[{"name":"wp","href":"https:\/\/api.w.org\/{rel}","templated":true}]}}