{"id":174418,"date":"2026-06-13T21:47:33","date_gmt":"2026-06-13T21:47:33","guid":{"rendered":"https:\/\/www.europesays.com\/ch-fr\/174418\/"},"modified":"2026-06-13T21:47:33","modified_gmt":"2026-06-13T21:47:33","slug":"charmes-mariage-oceane-et-johan","status":"publish","type":"post","link":"https:\/\/www.europesays.com\/ch-fr\/174418\/","title":{"rendered":"Charmes | Mariage. Oc\u00e9ane et Johan"},"content":{"rendered":"<p>Ce samedi 13\u00a0juin, Oc\u00e9ane Conraux et Johan Guyot ont \u00e9chang\u00e9 leur consentement en pr\u00e9sence de leurs enfants Heleanor et Taylor, ainsi que de leurs familles. Le maire Rapha\u00ebl Michelet, qui officiait la c\u00e9r\u00e9monie, \u00e9tait assist\u00e9 de Philippe Da Cruz, conseiller d\u00e9l\u00e9gu\u00e9. Tr\u00e8s int\u00e9ress\u00e9, le jeune Jules a suivi la c\u00e9r\u00e9monie aux c\u00f4t\u00e9s du maire. Nos f\u00e9licitations.<\/p>\n","protected":false},"excerpt":{"rendered":"Ce samedi 13\u00a0juin, Oc\u00e9ane Conraux et Johan Guyot ont \u00e9chang\u00e9 leur consentement en pr\u00e9sence de leurs enfants Heleanor&hellip;\n","protected":false},"author":2,"featured_media":174419,"comment_status":"","ping_status":"","sticky":false,"template":"","format":"standard","meta":{"footnotes":"","_share_on_mastodon":"0"},"categories":[15],"tags":[11070,2782,158,157,41338,113,11071,112,1562,159,238,23],"class_list":["post-174418","post","type-post","status-publish","format-standard","has-post-thumbnail","category-people","tag-ca-depinal-88a2","tag-carnet-du-jour","tag-celebrities","tag-celebrity","tag-charmes","tag-divertissement","tag-edition-epinal","tag-entertainment","tag-mariage","tag-people","tag-societe","tag-suisse"],"share_on_mastodon":{"url":"https:\/\/pubeurope.com\/@ch_fr\/116745001096209136","error":""},"_links":{"self":[{"href":"https:\/\/www.europesays.com\/ch-fr\/wp-json\/wp\/v2\/posts\/174418","targetHints":{"allow":["GET"]}}],"collection":[{"href":"https:\/\/www.europesays.com\/ch-fr\/wp-json\/wp\/v2\/posts"}],"about":[{"href":"https:\/\/www.europesays.com\/ch-fr\/wp-json\/wp\/v2\/types\/post"}],"author":[{"embeddable":true,"href":"https:\/\/www.europesays.com\/ch-fr\/wp-json\/wp\/v2\/users\/2"}],"replies":[{"embeddable":true,"href":"https:\/\/www.europesays.com\/ch-fr\/wp-json\/wp\/v2\/comments?post=174418"}],"version-history":[{"count":0,"href":"https:\/\/www.europesays.com\/ch-fr\/wp-json\/wp\/v2\/posts\/174418\/revisions"}],"wp:featuredmedia":[{"embeddable":true,"href":"https:\/\/www.europesays.com\/ch-fr\/wp-json\/wp\/v2\/media\/174419"}],"wp:attachment":[{"href":"https:\/\/www.europesays.com\/ch-fr\/wp-json\/wp\/v2\/media?parent=174418"}],"wp:term":[{"taxonomy":"category","embeddable":true,"href":"https:\/\/www.europesays.com\/ch-fr\/wp-json\/wp\/v2\/categories?post=174418"},{"taxonomy":"post_tag","embeddable":true,"href":"https:\/\/www.europesays.com\/ch-fr\/wp-json\/wp\/v2\/tags?post=174418"}],"curies":[{"name":"wp","href":"https:\/\/api.w.org\/{rel}","templated":true}]}}