{"id":174732,"date":"2026-06-14T07:25:07","date_gmt":"2026-06-14T07:25:07","guid":{"rendered":"https:\/\/www.europesays.com\/ch-fr\/174732\/"},"modified":"2026-06-14T07:25:07","modified_gmt":"2026-06-14T07:25:07","slug":"le-mariage-du-comte-friedrich-de-schonburg-fils-de-la-princesse-marie-louise-de-prusse-a-madrid","status":"publish","type":"post","link":"https:\/\/www.europesays.com\/ch-fr\/174732\/","title":{"rendered":"Le mariage du comte Friedrich de Sch\u00f6nburg, fils de la princesse Marie Louise de Prusse, \u00e0 Madrid"},"content":{"rendered":"<p class=\"wp-block-paragraph\">Ce samedi 13 juin, la noblesse europ\u00e9enne s\u2019est retrouv\u00e9e \u00e0 Madrid pour assister au mariage du comte Friedrich de Sch\u00f6nburg et d\u2019Amanda Lange. Le mari\u00e9, fils du c\u00e9l\u00e8bre comte Rudi et de la princesse Marie Louise de Prusse, est un directeur d\u2019h\u00f4tels de luxe et un descendant du dernier empereur allemand. <\/p>\n<p class=\"wp-block-paragraph\">Lire aussi : <a href=\"https:\/\/histoiresroyales.fr\/mariage-petit-fils-prince-hans-adam-ii-comtesse-marie-von-wilczek\/\" rel=\"nofollow noopener\" target=\"_blank\">Le mariage du petit-fils du souverain Hans-Adam\u00a0II\u00a0: Lukas pr\u00eate le diad\u00e8me de sa grand-m\u00e8re \u00e0 son \u00e9pouse<\/a><\/p>\n<p>Le fils du comte Rudi de Sch\u00f6nburg et de la princesse Marie Louise de Prusse s\u2019est mari\u00e9 \u00e0 Madrid<\/p>\n<p class=\"wp-block-paragraph\">Le comte Friedrich, 36 ans, fils du comte Rudolf et de la princesse Marie Louise de Prusse, a \u00e9pous\u00e9 Amanda Lange, sa compagne depuis seiza ans, ce 13 juin 2026 en l\u2019\u00e9glise Santa Barbara de Madrid. Par sa m\u00e8re, Friedrich est l\u2019arri\u00e8re-arri\u00e8re-petit-fils de l\u2019empereur Guillaume II et il est \u00e9galement un descendant de la reine Victoria du Royaume-Uni. Friederich est le cousin germain de l\u2019actuel chef de la famille Sch\u00f6nburg-Glauchau.<\/p>\n<p><img fetchpriority=\"high\" decoding=\"async\" width=\"1400\" height=\"1960\" src=\"https:\/\/www.europesays.com\/ch-fr\/wp-content\/uploads\/2026\/06\/amanda-lange-mariage-friedrich-schonburg.jpg\" alt=\"\" class=\"wp-image-251262 lazyload\" data-  \/>Amanda Lange arrive \u00e0 l\u2019\u00e9glise avec son p\u00e8re, Kurt Lange (Photo : Francisco Guerra \/ Europa Press\/ABACAPRESS.COM)<\/p>\n<p class=\"wp-block-paragraph\">Lire aussi : <a href=\"https:\/\/histoiresroyales.fr\/photos-officielles-du-mariage-fils-princesse-anne\/\" rel=\"nofollow noopener\" target=\"_blank\">Les photos officielles du mariage du fils de la princesse Anne du Royaume-Uni<\/a><\/p>\n<p class=\"wp-block-paragraph\">Le comte Friedrich, 36 ans, a dirig\u00e9 plusieurs \u00e9tablissements de luxe en Espagne. Il a dirig\u00e9 l\u2019ancien Ritz de Barcelone, aujourd\u2019hui connu comme l\u2019h\u00f4tel El Palace, et il est aujourd\u2019hui le directeur du Rosewood Villa Magna, un h\u00f4tel cinq \u00e9toiles de Madrid. Friedrich a \u00e9tudi\u00e9 la gestion d\u2019entreprise \u00e0 la prestigieuse \u00c9cole h\u00f4teli\u00e8re de Lausanne en Suisse, une voie toute trac\u00e9e pour l\u2019aristocrate espagnol d\u2019origine allemande, dont les parents ont \u00e9t\u00e9 des figures incontournables de la jet set de Marbella. Le comte Rudolf, dit Rudi, avait \u00e9t\u00e9 nomm\u00e9 directeur du Marbella Club au d\u00e9but des ann\u00e9es 60 par son cousin, le prince Alfonso de Hohenlohe-Langenbourg, apr\u00e8s avoir achet\u00e9 une ancienne ferme qu\u2019il avait transform\u00e9e en country club. Ce club, install\u00e9 dans un petit village de p\u00eacheurs, deviendra peu \u00e0 peu ce lieu pris\u00e9 qu\u2019est devenu Marbella, gr\u00e2ce au visionnaire prince Alfonso et son cousin Rudi.<\/p>\n<p><img loading=\"lazy\" decoding=\"async\" width=\"1430\" height=\"1787\" src=\"https:\/\/www.europesays.com\/ch-fr\/wp-content\/uploads\/2026\/06\/princesse-marie-louise-de-prusse-mariage-fils-friedrich.jpg\" alt=\"\" class=\"wp-image-251263 lazyload\" data-  \/>La princesse Marie Louise de Prusse arrive \u00e0 l\u2019\u00e9glise Santa Barbara de Madrid avec son fils, le comte Friedrich (Photo : Francisco Guerra \/ Europa Press\/ABACAPRESS.COM)<\/p>\n<p class=\"wp-block-paragraph\">Le mari\u00e9 descend de la branche comtale de la famille de Sch\u00f6nburg-Glauchau par son p\u00e8re et de la famille imp\u00e9riale allemande par sa m\u00e8re. Par ses liens familiaux ancr\u00e9s au sein de la noblesse europ\u00e9enne et ses connexions \u00e9tablies via sa profession, cette c\u00e9l\u00e9bration est le premier grand mariage aristocratique espagnol de l\u2019ann\u00e9e. Selon <a href=\"https:\/\/www.hola.com\/actualidad\/20260613907201\/la-boda-de-amanda-lange-y-friedrich-von-schonburg\/\" rel=\"nofollow noopener\" target=\"_blank\">Hola<\/a>, environ 170 personnes ont assist\u00e9 \u00e0 la messe de mariage, mais il manquait le comte Rudi, \u00e2g\u00e9 de 94 ans. La m\u00e8re de la mari\u00e9e \u00e9tait elle aussi absente. Le m\u00eame magazine explique qu\u2019au moment d\u2019\u00e9changer leurs v\u0153ux, Amanda Langue a offert au comte Friedrich une bague de son p\u00e8re en guise d\u2019alliance.<\/p>\n<p><img loading=\"lazy\" decoding=\"async\" width=\"1400\" height=\"1960\" src=\"https:\/\/www.europesays.com\/ch-fr\/wp-content\/uploads\/2026\/06\/mariage-comte-friedriech-schonburg-prusse-madrid.jpg\" alt=\"\" class=\"wp-image-251264 lazyload\" data-  \/>Le comte Friedrich de Sch\u00f6nburg-Glauchau et la comtesse Amanda sortent de l\u2019\u00e9glise apr\u00e8s la c\u00e9l\u00e9bration de leur mariage religieux (Photo : Francisco Guerra \/ Europa Press\/ABACAPRESS.COM)<\/p>\n<p class=\"wp-block-paragraph\">Lire aussi : <a href=\"https:\/\/histoiresroyales.fr\/mariage-comte-maximilian-futur-prince-de-waldburg-zeil-fils-princesse-georgina-de-liechtenstein\/\" rel=\"nofollow noopener\" target=\"_blank\">Le mariage du comte Maximilian, futur prince de Waldburg-Zeil et fils de la princesse Georgina de Liechtenstein<\/a><\/p>\n<p>Noblesse europ\u00e9enne et jet set de Marbella se retrouvent \u00e0 Madrid pour c\u00e9l\u00e9brer ce mariage<\/p>\n<p class=\"wp-block-paragraph\">\u00ab\u00a0C\u2019est un mariage tr\u00e8s attendu et pr\u00e9cieux. Amanda et moi le pr\u00e9parons depuis deux ans \u00bb, a d\u00e9clar\u00e9 le mari\u00e9 \u00e0 <a href=\"https:\/\/www.larazon.es\/gente\/famosos\/gran-boda-hijo-conde-rudi-madrid_202606136a2ca369f2a09b6364a00a3c.html\" target=\"_blank\" rel=\"noreferrer noopener nofollow\">La Razon<\/a>, expliquant qu\u2019il y avait pr\u00e8s de 40 nationalit\u00e9s repr\u00e9sent\u00e9es parmi leurs invit\u00e9s. Le comte Friedrich souhaitait lui aussi vivre un grand mariage, \u00e0 l\u2019instar de celui de ses parents, qui ont toujours \u00e9t\u00e9 ses mod\u00e8les. \u00ab\u00a0Ils viennent de f\u00eater leurs noces d\u2019or, et c\u2019est ce que j\u2019esp\u00e8re f\u00eater un jour avec Amanda \u00bb, ajoute Friedrich. La princesse Marie Louise s\u2019est elle aussi confi\u00e9e \u00e0 La Razon \u00e0 propos de sa nouvelle belle-fille. Amande \u00ab est comme une fille pour moi depuis des ann\u00e9es\u2026 et maintenant, nous attendons des petits-enfants. Jusqu\u2019\u00e0 pr\u00e9sent, ils ne nous ont offert que leur chienne, Lulu. \u00bb.<\/p>\n<p><img loading=\"lazy\" decoding=\"async\" width=\"1400\" height=\"931\" src=\"https:\/\/www.europesays.com\/ch-fr\/wp-content\/uploads\/2026\/06\/princesse-marie-louise-mariage-fils-friedrich-declaration.jpg\" alt=\"\" class=\"wp-image-251265 lazyload\" data-  \/>La princesse Marie Louise de Prusse, descendante de l\u2019empereur Guillaume II, fait quelques d\u00e9clarations \u00e0 la presse alors qu\u2019elle assiste au mariage de son fils (Photo : Francisco Guerra \/ Europa Press\/ABACAPRESS.COM)<\/p>\n<p class=\"wp-block-paragraph\">Lire aussi : <a href=\"https:\/\/histoiresroyales.fr\/mariage-princesse-leopoldine-de-liechtenstein-saint-valentin-famille-royale-de-france\/\" rel=\"nofollow noopener\" target=\"_blank\">Le mariage de la princesse L\u00e9opoldine de Liechtenstein \u00e0 la Saint-Valentin en pr\u00e9sence de la famille royale de France<\/a><\/p>\n<p class=\"wp-block-paragraph\">La mari\u00e9e est arriv\u00e9e devant l\u2019autel au bras de son p\u00e8re, Kurt Lange, dans une robe confectionn\u00e9e par Lorenzo Caprile. <a href=\"https:\/\/www.lecturas.com\/realeza\/maria-luisa-prusia-madrina-mas-guapa-boda-su-hijo-friedrich-von-schonburg-amanda-lange_194359\" rel=\"nofollow noopener\" target=\"_blank\">Lecturas<\/a> a recueilli les impressions de la princesse Marie Luise de Prusse, v\u00eatue d\u2019une robe bleu roi, \u00e0 la sortie de l\u2019\u00e9glise. \u00ab\u00a0Tout \u00e9tait magnifique : la musique, le pr\u00eatre, les enfants qui nous ont accompagn\u00e9s\u2026\u00a0Tout \u00e9tait merveilleux. C\u2019\u00e9tait un immense bonheur \u00bb, a d\u00e9clar\u00e9 la m\u00e8re du mari\u00e9. Apr\u00e8s la c\u00e9r\u00e9monie, les mari\u00e9s invitaient leurs proches \u00e0 c\u00e9l\u00e9brer ce mariage au ch\u00e2teau de Vi\u00f1uelas, un joyau du 18e si\u00e8cle.<\/p>\n<p><img loading=\"lazy\" decoding=\"async\" width=\"1400\" height=\"1400\" src=\"https:\/\/www.europesays.com\/ch-fr\/wp-content\/uploads\/2026\/06\/schonburg-glauchau-arbre.jpg\" alt=\"\" class=\"wp-image-251269 lazyload\" data-  \/>Arbre g\u00e9n\u00e9alogique du comte Friedrich jusqu\u2019au premier empereur allemand et son lien de parent\u00e9 avec le comte Alexander, actuel chef de la famille Sch\u00f6nburg-Glauchau (Image : Histoires Royales)<\/p>\n<p class=\"wp-block-paragraph\">Le mariage s\u2019est d\u00e9roul\u00e9 sur trois jours, avec un premier \u00e9v\u00e9nement le vendredi soir pour accueillir les invit\u00e9s et les r\u00e9unir une derni\u00e8re fois avant le grand jour. La r\u00e9ception pr\u00e9nuptiale avait eu lieu sur la terrasse de l\u2019h\u00f4tel Bless. Le dimanche matin, c\u2019est sur le toit-terrasse du Rosewood que le jeune mari\u00e9, qui est le g\u00e9rant de l\u2019h\u00f4tel, accueillera une derni\u00e8re fois ses proches \u00e0 l\u2019heure du petit-d\u00e9jeuner.<\/p>\n<p><img loading=\"lazy\" decoding=\"async\" width=\"1400\" height=\"1960\" src=\"https:\/\/www.europesays.com\/ch-fr\/wp-content\/uploads\/2026\/06\/heureux-maries-schonburg-glauchau.jpg\" alt=\"\" class=\"wp-image-251266 lazyload\" data-  \/>Les heureux mari\u00e9s convient les invit\u00e9s \u00e0 les rejoindre au ch\u00e2teau de Vi\u00f1uelas (Photo : Francisco Guerra \/ Europa Press\/ABACAPRESS.COM)<\/p>\n<p class=\"wp-block-paragraph\">La famille de Sch\u00f6nburg est une illustre famille germanique dont la premi\u00e8re mention date de 1130. Au d\u00e9but du 16e si\u00e8cle, la famille se divise en deux branches. La branche a\u00een\u00e9e poss\u00e9dait les seigneuries de Waldenbourg, Hartenstein,\u00a0Lichtenstein et\u00a0Stein, tandis que la branche cadette poss\u00e9dait les seigneuries de Penig,\u00a0Glauchau,\u00a0Remissau,\u00a0Rochsburg\u00a0et\u00a0Wechselburg. En 1700, les deux branches de la famille ont \u00e9t\u00e9 \u00e9lev\u00e9es au rang comtal. En 1790, \u00e0 l\u2019occasion du couronnement de l\u2019empereur L\u00e9opold II, la branche a\u00een\u00e9e a \u00e9t\u00e9 \u00e9lev\u00e9e au rang princier. Les membres de la branche cadette sont rest\u00e9s comtes. Leurs territoires ont fini par \u00eatre annex\u00e9s \u00e0 la Saxe. L\u2019actuel chef de la branche comtale des Sch\u00f6nburg-Glauchau est le comte Alexander, le neveu de Rudolf, fils de son d\u00e9funt fr\u00e8re a\u00een\u00e9 Joachim. Alexander est aussi connu pour \u00eatre le fr\u00e8re de la c\u00e9l\u00e8bre princesse Gloria, veuve du 11e prince de Tour et Taxis.<\/p>\n<p>\t\t\t\t<img loading=\"lazy\" alt=\"Avatar photo\" src=\"https:\/\/www.europesays.com\/ch-fr\/wp-content\/uploads\/2026\/06\/1781369837_308_cropped-nicolasfontaine-1-164x164.jpg\"  class=\"avatar avatar-164 photo lazyload\" height=\"164\" width=\"164\" decoding=\"async\"\/><br \/>\n\t\t<a href=\"https:\/\/histoiresroyales.fr\/author\/royaliste123\/\" rel=\"nofollow noopener\" target=\"_blank\">Nicolas Fontaine<\/a><br \/>\n\t\t\t\t\tR\u00e9dacteur en chef<\/p>\n<p>Nicolas Fontaine est un journaliste sp\u00e9cialis\u00e9 dans les familles royales et l&rsquo;histoire des monarchies europ\u00e9ennes et mondiales. Nicolas Fontaine a fond\u00e9 Histoires Royales, le premier m\u00e9dia en ligne d\u00e9di\u00e9 \u00e0 l&rsquo;actualit\u00e9 des t\u00eates couronn\u00e9es en 2019.&#13;<br \/>\nnicolas@histoiresroyales.fr<\/p>\n<p>\t\t\t\t\t\t\t<a href=\"https:\/\/twitter.com\/ActusRoyales\" class=\"boxed-icon fill twitter\" target=\"_blank\" rel=\"nofollow noopener\"><\/a><br \/>\n\t\t\t\t\t\t\t\t\t<a href=\"https:\/\/www.instagram.com\/histoiresroyales.fr\/\" class=\"boxed-icon fill instagram\" target=\"_blank\" rel=\"nofollow noopener\"><\/a><\/p>\n<p>\t\t\t\t\t\t\t\t\t\t\t\t\t<script async src=\"https:\/\/platform.twitter.com\/widgets.js\" charset=\"utf-8\"><\/script><script async src=\"\/\/www.instagram.com\/embed.js\"><\/script><\/p>\n","protected":false},"excerpt":{"rendered":"Ce samedi 13 juin, la noblesse europ\u00e9enne s\u2019est retrouv\u00e9e \u00e0 Madrid pour assister au mariage du comte Friedrich&hellip;\n","protected":false},"author":2,"featured_media":174733,"comment_status":"","ping_status":"","sticky":false,"template":"","format":"standard","meta":{"footnotes":"","_share_on_mastodon":"0"},"categories":[15],"tags":[158,157,113,112,41376,1562,13907,40681,159,41377,41378,41379,23],"class_list":["post-174732","post","type-post","status-publish","format-standard","has-post-thumbnail","category-people","tag-celebrities","tag-celebrity","tag-divertissement","tag-entertainment","tag-friedrich-de-schu00f6nburg-glauchau","tag-mariage","tag-noblesse","tag-noblesse-allemande","tag-people","tag-rudolf-de-schu00f6nburg-glauchau","tag-schu00f6nburg","tag-schu00f6nburg-glauchau","tag-suisse"],"share_on_mastodon":{"url":"https:\/\/pubeurope.com\/@ch_fr\/116747274138197946","error":""},"_links":{"self":[{"href":"https:\/\/www.europesays.com\/ch-fr\/wp-json\/wp\/v2\/posts\/174732","targetHints":{"allow":["GET"]}}],"collection":[{"href":"https:\/\/www.europesays.com\/ch-fr\/wp-json\/wp\/v2\/posts"}],"about":[{"href":"https:\/\/www.europesays.com\/ch-fr\/wp-json\/wp\/v2\/types\/post"}],"author":[{"embeddable":true,"href":"https:\/\/www.europesays.com\/ch-fr\/wp-json\/wp\/v2\/users\/2"}],"replies":[{"embeddable":true,"href":"https:\/\/www.europesays.com\/ch-fr\/wp-json\/wp\/v2\/comments?post=174732"}],"version-history":[{"count":0,"href":"https:\/\/www.europesays.com\/ch-fr\/wp-json\/wp\/v2\/posts\/174732\/revisions"}],"wp:featuredmedia":[{"embeddable":true,"href":"https:\/\/www.europesays.com\/ch-fr\/wp-json\/wp\/v2\/media\/174733"}],"wp:attachment":[{"href":"https:\/\/www.europesays.com\/ch-fr\/wp-json\/wp\/v2\/media?parent=174732"}],"wp:term":[{"taxonomy":"category","embeddable":true,"href":"https:\/\/www.europesays.com\/ch-fr\/wp-json\/wp\/v2\/categories?post=174732"},{"taxonomy":"post_tag","embeddable":true,"href":"https:\/\/www.europesays.com\/ch-fr\/wp-json\/wp\/v2\/tags?post=174732"}],"curies":[{"name":"wp","href":"https:\/\/api.w.org\/{rel}","templated":true}]}}