{"id":174994,"date":"2026-06-14T11:09:13","date_gmt":"2026-06-14T11:09:13","guid":{"rendered":"https:\/\/www.europesays.com\/ch-fr\/174994\/"},"modified":"2026-06-14T11:09:13","modified_gmt":"2026-06-14T11:09:13","slug":"je-me-sens-moins-une-arnaque-audrey-fleurot-raconte-ses-doutes-en-depit-du-succes-dans-sept-a-huit","status":"publish","type":"post","link":"https:\/\/www.europesays.com\/ch-fr\/174994\/","title":{"rendered":"Je me sens moins une arnaque\u00a0\u00bb : Audrey Fleurot raconte ses doutes en d\u00e9pit du succ\u00e8s dans \u00ab\u00a0Sept \u00e0 Huit"},"content":{"rendered":"<p>Audrey Fleurot sera \u00e0 l&rsquo;affiche du film \u00ab\u00a0Les Parfait(s) : arnaques en famille\u00a0\u00bb le 24 juin.Alors qu&rsquo;elle cartonne \u00e0 la t\u00e9l\u00e9vision et au cin\u00e9ma, la com\u00e9dienne de 48 ans est toujours habit\u00e9e par le doute.La future h\u00e9ro\u00efne de \u00ab\u00a0La Comtesse de Monte-Cristo\u00a0\u00bb se confie face \u00e0 Audrey Crespo-Mara dans \u00ab\u00a0Sept \u00e0 Huit\u00a0\u00bb ce dimanche 14 juin \u00e0 19h30.<a href=\"https:\/\/www.tf1info.fr\/emissions\/tf1\/sept-a-huit-10825\/\" rel=\"nofollow noopener\" class=\"jsx-484472199 Link jsx-1428418400 jsx-640816507\" target=\"_blank\"><\/p>\n<p style=\"font-weight:400\" class=\"jsx-1837267516\">Suivez la couverture compl\u00e8te<\/p>\n<p style=\"font-weight:800\" class=\"jsx-1837267516\">Sept \u00e0 huit<\/p>\n<p><\/a><\/p>\n<p id=\"body-:R17t79m:-block-6\" data-module=\"article-paragraph\" class=\"jsx-2468857585 Paragraph\">Elle encha\u00eene les succ\u00e8s. Mais la peur de ne pas travailler n&rsquo;est jamais bien loin. \u00c0 l&rsquo;affiche du film de Ludovic Bernard Les Parfait(s) : arnaques en famille, en salles le 24 juin, Audrey Fleurot savoure encore ce qui lui arrive. Depuis <a href=\"https:\/\/www.tf1info.fr\/culture\/programme-tv-tf1-hpi-tire-sa-reverence-sur-tf1-c-est-une-serie-qui-defie-de-toutes-les-regles-2396319.html\" rel=\"nofollow noopener\" target=\"_blank\">le succ\u00e8s ph\u00e9nom\u00e9nal de HPI<\/a>, <a href=\"https:\/\/www.tf1info.fr\/culture\/programme-tv-tf1-hpi-saison-5-final-audrey-fleurot-dit-adieu-a-la-serie-et-morgane-alvaro-cette-serie-a-change-ma-vie-2396776.html\" rel=\"nofollow noopener\" target=\"_blank\">s\u00e9rie la plus regard\u00e9e du petit \u00e9cran<\/a>, achet\u00e9e dans 105 pays et <a href=\"https:\/\/www.tf1info.fr\/culture\/programme-tv-series-high-potential-disney-plus-intrigues-personnages-on-a-joue-au-jeu-des-7-differences-entre-hpi-et-son-remake-americain-2346275.html\" rel=\"nofollow noopener\" target=\"_blank\">adapt\u00e9e aux \u00c9tats-Unis<\/a>, elle est devenue une actrice populaire.\u00a0<\/p>\n<p data-module=\"article-paragraph\" class=\"jsx-2468857585 Paragraph Paragraph__End\">\u00ab\u00a0\u00c7a me fait tr\u00e8s plaisir parce qu\u2019on m\u2019a tellement laiss\u00e9 entendre que personne ne m\u2019attendait. J&rsquo;avais l\u2019impression que le prochain tournage \u00e9tait le dernier. Donc pour quelqu\u2019un qui a navigu\u00e9 un peu \u00e0 vue, c\u2019est assez merveilleux\u00a0\u00bb, confie la star de 48 ans \u00e0 Audrey Crespo-Mara dans \u00ab\u00a0Sept \u00e0 Huit\u00a0\u00bb ce dimanche 14 juin \u00e0 19h30 sur TF1, et en replay sur TF1+.<\/p>\n<p>Audrey Fleurot encha\u00eene s\u00e9ries et films, \u00e0 la t\u00e9l\u00e9 et au cin\u00e9ma. La peur de ne pas travailler, qui l\u2019a longtemps habit\u00e9e, n\u2019a pas pour autant disparu. \u00c0 l\u2019affiche de \u00ab\u00a0Les Parfait(s)\u00a0\u00bb, elle est \u00ab\u00a0Le Portrait de la Semaine\u00a0\u00bb d&rsquo; @audrey_crespo , dimanche \u00e0 19h30 sur  @TF1 .  pic.twitter.com\/Iq2npduhrH \u2014 Sept \u00e0 Huit (@7a8)  June 13, 2026<\/p>\n<p id=\"body-:R17t79m:-block-9\" data-module=\"article-paragraph\" class=\"jsx-2468857585 Paragraph Paragraph__End\">Depuis <a href=\"https:\/\/www.tf1info.fr\/culture\/programme-tv-tf1-hpi-saison-5-final-audrey-fleurot-dit-adieu-a-la-serie-et-morgane-alvaro-cette-serie-a-change-ma-vie-2396776.html\" rel=\"nofollow noopener\" target=\"_blank\">le carton de HPI,<\/a> la flamboyante rousse admet qu&rsquo;elle commence enfin \u00e0 se faire confiance et \u00e0 se sentir l\u00e9gitime. M\u00eame si ses enfants ne sont pas impressionn\u00e9s. \u00ab\u00a0Ils sont vraiment tr\u00e8s, tr\u00e8s durs \u00e0 \u00e9pater !\u00a0\u00bb, s&rsquo;amuse-t-elle. La peur de ne pas travailler qui l&rsquo;a longtemps habit\u00e9e est-elle pass\u00e9e ? \u00ab\u00a0Je pense qu\u2019elle ne passera jamais parce que j\u2019ai \u00e9t\u00e9 beaucoup fragilis\u00e9e dans les peurs qui me viennent de l\u2019ext\u00e9rieur. Le fait de ne pas correspondre physiquement \u00e0 quoi que ce soit, qu&rsquo;on me dise &lsquo;\u00c7a va \u00eatre compliqu\u00e9, tu ne connais personne, vous \u00eates quand m\u00eame tr\u00e8s nombreuses'\u00a0\u00bb.<\/p>\n<p><a href=\"https:\/\/www.tf1info.fr\/culture\/j-avais-honte-de-certaines-choses-alex-lutz-se-confie-avec-emotion-sur-la-mort-de-son-pere-dans-sept-a-huit-2445796.html\" rel=\"nofollow noopener\" class=\"jsx-3308031228 Link flex\" target=\"_blank\"><img decoding=\"async\" src=\"https:\/\/www.europesays.com\/ch-fr\/wp-content\/uploads\/2026\/06\/fg-1932-48e5ed-1@1x.jpeg\" alt=\"F G\" loading=\"lazy\" importance=\"low\" fetchpriority=\"low\" class=\"\" copyright=\"Capture vid\u00e9o LCI\" aria-hidden=\"true\"\/><\/p>\n<p class=\"jsx-3657663356 ReadMoreArticle__Title\">Lire aussi<\/p>\n<p class=\"jsx-3657663356\">\u00ab\u00a0J&rsquo;avais honte de certaines choses\u00a0\u00bb : les \u00e9mouvantes confidences d&rsquo;Alex Lutz sur le syndrome de Diog\u00e8ne dont souffrait son p\u00e8re<\/p>\n<p><\/a><\/p>\n<p id=\"body-:R17t79m:-block-12\" data-module=\"article-paragraph\" class=\"jsx-2468857585 Paragraph Paragraph__End\">Sa chance ? Ne jamais avoir l\u00e2ch\u00e9, tant la com\u00e9die \u00e9tait une \u00e9vidence pour elle. \u00ab\u00a0Je me sens moins une arnaque, \u00e7a c\u2019est chouette, \u00e7a aura pris du temps. Mais je n\u2019ai jamais vraiment pu savourer les choses parce que je me suis toujours dit que \u00e7a allait s\u2019arr\u00eater demain\u00a0\u00bb. Encha\u00eener les tournages, c&rsquo;est ce qui lui pla\u00eet. \u00ab\u00a0Je suis une hyperactive, je suis beaucoup plus \u00e0 l&rsquo;aise dans la fiction que dans la r\u00e9alit\u00e9. (\u2026) J\u2019ai un peu du mal \u00e0 ne rien faire. Mon mec me dit souvent : &lsquo;T\u2019as pas des enclumes \u00e0 d\u00e9placer ?'\u00a0\u00bb.\u00a0<\/p>\n<p>Rania HOBALLAH | Propos recueillis par Audrey CRESPO-MARA<\/p>\n<p><script async src=\"https:\/\/platform.twitter.com\/widgets.js\" charset=\"utf-8\"><\/script><\/p>\n","protected":false},"excerpt":{"rendered":"Audrey Fleurot sera \u00e0 l&rsquo;affiche du film \u00ab\u00a0Les Parfait(s) : arnaques en famille\u00a0\u00bb le 24 juin.Alors qu&rsquo;elle cartonne&hellip;\n","protected":false},"author":2,"featured_media":174995,"comment_status":"","ping_status":"","sticky":false,"template":"","format":"standard","meta":{"footnotes":"","_share_on_mastodon":"0"},"categories":[15],"tags":[694,17625,22,6173,31647,158,157,384,1449,172,113,112,696,1456,159,7546,14388,23,196],"class_list":["post-174994","post","type-post","status-publish","format-standard","has-post-thumbnail","category-people","tag-actu","tag-actualite-culture","tag-actualites","tag-audrey-crespo-mara","tag-audrey-fleurot","tag-celebrities","tag-celebrity","tag-cinema","tag-cinema-et-tv","tag-culture","tag-divertissement","tag-entertainment","tag-info","tag-medias-et-divertissement","tag-people","tag-sept-a-huit","tag-series-tele","tag-suisse","tag-tf1"],"share_on_mastodon":{"url":"https:\/\/pubeurope.com\/@ch_fr\/116748155133497208","error":""},"_links":{"self":[{"href":"https:\/\/www.europesays.com\/ch-fr\/wp-json\/wp\/v2\/posts\/174994","targetHints":{"allow":["GET"]}}],"collection":[{"href":"https:\/\/www.europesays.com\/ch-fr\/wp-json\/wp\/v2\/posts"}],"about":[{"href":"https:\/\/www.europesays.com\/ch-fr\/wp-json\/wp\/v2\/types\/post"}],"author":[{"embeddable":true,"href":"https:\/\/www.europesays.com\/ch-fr\/wp-json\/wp\/v2\/users\/2"}],"replies":[{"embeddable":true,"href":"https:\/\/www.europesays.com\/ch-fr\/wp-json\/wp\/v2\/comments?post=174994"}],"version-history":[{"count":0,"href":"https:\/\/www.europesays.com\/ch-fr\/wp-json\/wp\/v2\/posts\/174994\/revisions"}],"wp:featuredmedia":[{"embeddable":true,"href":"https:\/\/www.europesays.com\/ch-fr\/wp-json\/wp\/v2\/media\/174995"}],"wp:attachment":[{"href":"https:\/\/www.europesays.com\/ch-fr\/wp-json\/wp\/v2\/media?parent=174994"}],"wp:term":[{"taxonomy":"category","embeddable":true,"href":"https:\/\/www.europesays.com\/ch-fr\/wp-json\/wp\/v2\/categories?post=174994"},{"taxonomy":"post_tag","embeddable":true,"href":"https:\/\/www.europesays.com\/ch-fr\/wp-json\/wp\/v2\/tags?post=174994"}],"curies":[{"name":"wp","href":"https:\/\/api.w.org\/{rel}","templated":true}]}}