{"id":175094,"date":"2026-06-14T12:54:10","date_gmt":"2026-06-14T12:54:10","guid":{"rendered":"https:\/\/www.europesays.com\/ch-fr\/175094\/"},"modified":"2026-06-14T12:54:10","modified_gmt":"2026-06-14T12:54:10","slug":"il-restait-au-dessus-de-la-melee-haroun-monsieur-fraize-camille-giri-yann-guillaume-et-mahaut-drama-rendent-hommage-a-coluche","status":"publish","type":"post","link":"https:\/\/www.europesays.com\/ch-fr\/175094\/","title":{"rendered":"\u00ab\u2009 Il restait au-dessus de la m\u00eal\u00e9e \u00bb :\u00a0 Haroun, Monsieur Fraize, Camille Giri, Yann Guillaume et Mahaut Drama rendent hommage \u00e0 Coluche"},"content":{"rendered":"<p>Haroun : \u00ab\u202fBousculer son public\u202f\u00bb\u00a0&#13;\n<\/p>\n<p>Ma rencontre avec Coluche remonte \u00e0 l\u2019enfance. Je voyais un clown \u00e0 la t\u00e9l\u00e9 qui balan\u00e7ait des gros mots, \u00ab\u202fmerde\u202f \u00bb, \u00ab\u202fcul\u202f \u00bb, des trucs d\u2019adultes. Pour un gamin de 10\u202fans, il avait un c\u00f4t\u00e9 sulfureux, presque interdit. Par la suite, j\u2019ai d\u00e9couvert la port\u00e9e de son message, son inventivit\u00e9 lexicale h\u00e9rit\u00e9e de la banlieue, la modernit\u00e9 de son jeu totalement hybride.<\/p>\n<p>Il a fait le lien entre la tradition du sketch et le stand-up d\u00e9j\u00e0 pratiqu\u00e9 par Robert Lamoureux. Coluche est l\u2019humoriste qui m\u2019a le plus influenc\u00e9 car il ne caressait jamais son public dans le sens du poil. Il disait\u2009: \u00ab\u202fVous \u00eates cons, mais je suis encore plus con que vous.\u202f\u00bb \u00c7a a \u00e9t\u00e9 fondateur pour moi. J\u2019ai un public plut\u00f4t de gauche et j\u2019adore le bousculer dans ses certitudes et ses petites hypocrisies qui sont aussi les miennes. Et puis, il parlait tr\u00e8s peu de lui dans ses sketchs, c\u2019est une autre influence.<\/p>\n<p><a target=\"_self\" href=\"https:\/\/www.latribune.fr\/article\/la-tribune-dimanche\/culture-lifestyle\/gastronomie-sorties\/28258225545448\/plus-ca-va-plus-mon-ventre-decide-de-mes-idees-politiques-haroun-chantre-de-l-humour-vache\" rel=\"nofollow noopener\"><\/p>\n<p class=\"text-[12px] mb-2 font-bold\">A LIRE AUSSI<\/p>\n<p class=\"text-[20px] ac:text-[18px] leading-[120%] ac:leading-[130%] text-lt-primary-dark ac:text-ac-primary font-slab font-bold ac:font-ac-slab\">\u00ab\u202fPlus \u00e7a va, plus mon ventre d\u00e9cide de mes id\u00e9es politiques \u00bb: Haroun, chantre de l\u2019humour vache<\/p>\n<p><\/a><\/p>\n<p>Son sujet \u00e9tait la soci\u00e9t\u00e9, les m\u00e9faits de la culture de masse et plus globalement la \u00ab\u202fconnerie\u202f\u00bb qu\u2019il consid\u00e9rait comme le \u00ab\u202fmal du si\u00e8cle\u202f \u00bb. En 2026, on en est toujours l\u00e0. Rien ne me choque chez Coluche, m\u00eame quand il se peint le visage en noir dans Le Schmilblick pour incarner un Africain. Son intention n\u2019\u00e9tait pas de se moquer, mais de d\u00e9noncer les violences polici\u00e8res racistes. Mon sketch pr\u00e9f\u00e9r\u00e9, c\u2019est Le CRS arabe o\u00f9 il d\u00e9monte tous les clich\u00e9s sur les forces de l\u2019ordre, les Arabes, l\u2019antis\u00e9mitisme avec un art du contre-pied jubilatoire.\u00a0<\/p>\n","protected":false},"excerpt":{"rendered":"Haroun : \u00ab\u202fBousculer son public\u202f\u00bb\u00a0&#13; Ma rencontre avec Coluche remonte \u00e0 l\u2019enfance. Je voyais un clown \u00e0 la&hellip;\n","protected":false},"author":2,"featured_media":175095,"comment_status":"","ping_status":"","sticky":false,"template":"","format":"standard","meta":{"footnotes":"","_share_on_mastodon":"0"},"categories":[10],"tags":[449,12047,41415,8540,113,23788,112,41414,41416,23285,13960,1328,2423,41418,41412,41413,21,41419,41411,23,41417],"class_list":["post-175094","post","type-post","status-publish","format-standard","has-post-thumbnail","category-divertissement","tag-449","tag-au-dessus","tag-camille","tag-coluche","tag-divertissement","tag-drama","tag-entertainment","tag-fraize","tag-giri","tag-guillaume","tag-haroun","tag-hommage","tag-la-tribune-dimanche","tag-mahaut","tag-melee","tag-monsieur","tag-news","tag-rendent","tag-restait","tag-suisse","tag-yann"],"share_on_mastodon":{"url":"https:\/\/pubeurope.com\/@ch_fr\/116748567598882204","error":""},"_links":{"self":[{"href":"https:\/\/www.europesays.com\/ch-fr\/wp-json\/wp\/v2\/posts\/175094","targetHints":{"allow":["GET"]}}],"collection":[{"href":"https:\/\/www.europesays.com\/ch-fr\/wp-json\/wp\/v2\/posts"}],"about":[{"href":"https:\/\/www.europesays.com\/ch-fr\/wp-json\/wp\/v2\/types\/post"}],"author":[{"embeddable":true,"href":"https:\/\/www.europesays.com\/ch-fr\/wp-json\/wp\/v2\/users\/2"}],"replies":[{"embeddable":true,"href":"https:\/\/www.europesays.com\/ch-fr\/wp-json\/wp\/v2\/comments?post=175094"}],"version-history":[{"count":0,"href":"https:\/\/www.europesays.com\/ch-fr\/wp-json\/wp\/v2\/posts\/175094\/revisions"}],"wp:featuredmedia":[{"embeddable":true,"href":"https:\/\/www.europesays.com\/ch-fr\/wp-json\/wp\/v2\/media\/175095"}],"wp:attachment":[{"href":"https:\/\/www.europesays.com\/ch-fr\/wp-json\/wp\/v2\/media?parent=175094"}],"wp:term":[{"taxonomy":"category","embeddable":true,"href":"https:\/\/www.europesays.com\/ch-fr\/wp-json\/wp\/v2\/categories?post=175094"},{"taxonomy":"post_tag","embeddable":true,"href":"https:\/\/www.europesays.com\/ch-fr\/wp-json\/wp\/v2\/tags?post=175094"}],"curies":[{"name":"wp","href":"https:\/\/api.w.org\/{rel}","templated":true}]}}