{"id":175230,"date":"2026-06-14T14:31:08","date_gmt":"2026-06-14T14:31:08","guid":{"rendered":"https:\/\/www.europesays.com\/ch-fr\/175230\/"},"modified":"2026-06-14T14:31:08","modified_gmt":"2026-06-14T14:31:08","slug":"lintelligence-artificielle-le-secret-de-productivite-le-mieux-garde-des-bureaux-romands","status":"publish","type":"post","link":"https:\/\/www.europesays.com\/ch-fr\/175230\/","title":{"rendered":"L&rsquo;intelligence artificielle, le secret de productivit\u00e9 le mieux gard\u00e9 des bureaux romands"},"content":{"rendered":"<p>En Suisse romande, 72% des travailleurs et travailleuses utilisent l&rsquo;intelligence artificielle, selon une \u00e9tude Qualinsight. Mais beaucoup le font en cachette de leur employeur, par peur du jugement ou de perdre leur emploi.<\/p>\n<p>Le nombre de Romandes et Romands qui utilisent l&rsquo;IA au travail a d\u00e9cupl\u00e9 en deux ans. Pourtant, cette r\u00e9volution technologique reste largement invisible: nombreux sont ceux qui n&rsquo;en parlent pas ouvertement, pr\u00e9f\u00e9rant garder secret cet outil de productivit\u00e9.<\/p>\n<p>Les raisons de cette discr\u00e9tion sont multiples.<\/p>\n<p>La peur de se justifier ou d&rsquo;\u00eatre remplac\u00e9<\/p>\n<p>Certains craignent pour leur image professionnelle. Les employ\u00e9s redoutent aussi de devoir justifier leur utilisation de l&rsquo;IA. Julia Vaez, analyste fonctionnelle \u00e0 la Fondation Asile des Aveugles, reconna\u00eet ce dilemme: \u00ab\u00a0\u00c7a me prend presque autant de temps d&rsquo;aller relire ce que l&rsquo;IA a fait que de l&rsquo;avoir fait moi-m\u00eame et l\u00e0, je trouverais normal que mon employeur me dise: &lsquo;mais attends, est-ce que tu es vraiment en train de gagner du temps ou est-ce que tu es juste en train de t&rsquo;amuser avec un gadget?\u00a0\u00bb, explique-t-elle samedi dans le 19h30.<\/p>\n<p>La crainte d&rsquo;\u00eatre remplac\u00e9 par la technologie plane \u00e9galement. \u00ab\u00a0Si un jour \u00e7a ne marche pas, est-ce que je saurais le faire toute seule? Parce qu&rsquo;au bout d&rsquo;un moment, quand on d\u00e9l\u00e8gue toujours la t\u00e2che, on a un doute\u00a0\u00bb, confie encore l&rsquo;analyste.<\/p>\n<p> &gt;&gt; Le sujet du 19h30\u00a0:   <img decoding=\"async\" class=\"embed-responsive-item\" loading=\"lazy\" src=\"https:\/\/www.europesays.com\/ch-fr\/wp-content\/uploads\/2026\/06\/hawbr7-29273110.image.jpeg\" alt=\"L'IA au travail : 7 Romands sur 10 l'utilisent, pas toujours officiellement\"\/>    L&rsquo;IA au travail : 7 Romands sur 10 l&rsquo;utilisent, pas toujours officiellement \/ 19h30 \/ 2 min. \/ hier \u00e0 19:30 Un cadre flou<\/p>\n<p>Claudia Milheirao, co-responsable de la gestion ophtalmique du patient \u00e0 l&rsquo;H\u00f4pital Jules-Gonin \u00e0 Lausanne, utilise l&rsquo;IA pour corriger ses mails. Elle envisage d&rsquo;automatiser les rapports m\u00e9dicaux, mais h\u00e9site face \u00e0 un cadre jug\u00e9 trop flou.<\/p>\n<p>\u00ab\u00a0Est-ce que j&rsquo;ai mis une information que je n&rsquo;aurais pas d\u00fb? Est-ce que j&rsquo;ai pos\u00e9 une question sensible? Ce qu&rsquo;il faudrait avoir de la part de la direction, c&rsquo;est de nous dire: &lsquo;nous allons utiliser \u00e7a, vous pouvez utiliser cette intelligence artificielle&rsquo;, et de nous dire quelles sont les r\u00e8gles du jeu\u00a0\u00bb, explique-t-elle. \u00ab\u00a0Pour l&rsquo;instant, ce n&rsquo;est pas clair, parce qu&rsquo;il n&rsquo;y a pas de cadre d\u00e9fini.\u00a0\u00bb<\/p>\n<p>Le risque du &lsquo;shadow AI&rsquo;<\/p>\n<p>Face \u00e0 cette incertitude, certaines entreprises ont choisi d&rsquo;interdire purement et simplement l&rsquo;utilisation de l&rsquo;IA. Une strat\u00e9gie contre-productive, selon Matthieu Corth\u00e9sy, formateur en IA: \u00ab\u00a0Toutes les entreprises qui ont interdit l&rsquo;utilisation de l&rsquo;IA au d\u00e9part font face \u00e0 ce qu&rsquo;on appelle le &lsquo;shadow AI&rsquo;, c&rsquo;est-\u00e0-dire des gens qui utilisent l&rsquo;IA sans le dire.\u00a0\u00bb<\/p>\n<p>\u00ab\u00a0Nous, on le voit dans les formations parce que ces employ\u00e9s viennent nous le dire apr\u00e8s coup (&#8230;) il y a donc toute cette utilisation en sous-marin. C&rsquo;est probl\u00e9matique parce qu&rsquo;il y a un risque pour la protection des donn\u00e9es\u00a0\u00bb, alerte-t-il.<\/p>\n<p>Former plut\u00f4t qu&rsquo;interdire<\/p>\n<p>La Fondation Asile des Aveugles \u00e0 Lausanne a choisi une approche diff\u00e9rente en formant ses employ\u00e9s \u00e0 l&rsquo;IA. Une d\u00e9marche encore rare en Suisse romande.<\/p>\n<p>\u00ab\u00a0Comme nous manipulons des donn\u00e9es de sant\u00e9 qui sont extr\u00eamement sensibles, plut\u00f4t que d&rsquo;interdire, ce qui ne nous semble pas tr\u00e8s productif, on pr\u00e9f\u00e8re accompagner les collaborateurs\u00a0\u00bb, explique Edwige Forestier, responsable du syst\u00e8me d&rsquo;information clinique et m\u00e9tier \u00e0 l&rsquo;H\u00f4pital ophtalmique Jules-Gonin.<\/p>\n<p>Un accompagnement d&rsquo;autant plus n\u00e9cessaire que moins de la moiti\u00e9 des employ\u00e9s disposent d&rsquo;un cadre clair dans leur entreprise, selon l&rsquo;<a href=\"https:\/\/qualinsight.ch\/actualites\/ia-marketing-suisse-romande-2026\/\" class=\"inline-link\" title=\"IA &amp; Marketing en Suisse romande : ce qui change vraiment dans notre m\u00e9tier - Qualinsight\" data-item-id=\"richtext_link\" data-rts-ece-id=\"ad954fdb-b329-3df4-9834-732a09c6405b\" target=\"_blank\" rel=\"noopener nofollow\">\u00e9tude de Qualinsight<\/a>.<\/p>\n<p class=\"sources\">VC\/ther<\/p>\n","protected":false},"excerpt":{"rendered":"En Suisse romande, 72% des travailleurs et travailleuses utilisent l&rsquo;intelligence artificielle, selon une \u00e9tude Qualinsight. Mais beaucoup le&hellip;\n","protected":false},"author":2,"featured_media":175231,"comment_status":"","ping_status":"","sticky":false,"template":"","format":"standard","meta":{"footnotes":"","_share_on_mastodon":"0"},"categories":[6],"tags":[13130,45,1156,44,43,1281,40427,102,1159,323,508,1239,84,296,512,23,1003,1703,807],"class_list":["post-175230","post","type-post","status-publish","format-standard","has-post-thumbnail","category-economie","tag-bureau","tag-business","tag-centre-de-soins","tag-economie","tag-economy","tag-emploi","tag-entreprise-q483045328","tag-etude","tag-hopitaux-et-cliniques","tag-intelligence-artificielle","tag-jugement","tag-salarie","tag-sante","tag-science-et-technologie","tag-social","tag-suisse","tag-suisse-romande","tag-technologie-de-linformation-et-informatique","tag-technologie-et-ingenierie"],"share_on_mastodon":{"url":"https:\/\/pubeurope.com\/@ch_fr\/116748949231909811","error":""},"_links":{"self":[{"href":"https:\/\/www.europesays.com\/ch-fr\/wp-json\/wp\/v2\/posts\/175230","targetHints":{"allow":["GET"]}}],"collection":[{"href":"https:\/\/www.europesays.com\/ch-fr\/wp-json\/wp\/v2\/posts"}],"about":[{"href":"https:\/\/www.europesays.com\/ch-fr\/wp-json\/wp\/v2\/types\/post"}],"author":[{"embeddable":true,"href":"https:\/\/www.europesays.com\/ch-fr\/wp-json\/wp\/v2\/users\/2"}],"replies":[{"embeddable":true,"href":"https:\/\/www.europesays.com\/ch-fr\/wp-json\/wp\/v2\/comments?post=175230"}],"version-history":[{"count":0,"href":"https:\/\/www.europesays.com\/ch-fr\/wp-json\/wp\/v2\/posts\/175230\/revisions"}],"wp:featuredmedia":[{"embeddable":true,"href":"https:\/\/www.europesays.com\/ch-fr\/wp-json\/wp\/v2\/media\/175231"}],"wp:attachment":[{"href":"https:\/\/www.europesays.com\/ch-fr\/wp-json\/wp\/v2\/media?parent=175230"}],"wp:term":[{"taxonomy":"category","embeddable":true,"href":"https:\/\/www.europesays.com\/ch-fr\/wp-json\/wp\/v2\/categories?post=175230"},{"taxonomy":"post_tag","embeddable":true,"href":"https:\/\/www.europesays.com\/ch-fr\/wp-json\/wp\/v2\/tags?post=175230"}],"curies":[{"name":"wp","href":"https:\/\/api.w.org\/{rel}","templated":true}]}}