{"id":175344,"date":"2026-06-14T16:04:10","date_gmt":"2026-06-14T16:04:10","guid":{"rendered":"https:\/\/www.europesays.com\/ch-fr\/175344\/"},"modified":"2026-06-14T16:04:10","modified_gmt":"2026-06-14T16:04:10","slug":"lewis-hamilton-sadjuge-le-gp-de-catalogne-son-premier-succes-avec-ferrari","status":"publish","type":"post","link":"https:\/\/www.europesays.com\/ch-fr\/175344\/","title":{"rendered":"Lewis Hamilton s&rsquo;adjuge le GP de Catalogne, son premier succ\u00e8s avec Ferrari"},"content":{"rendered":"<p>Le Britannique Lewis Hamilton (Ferrari) a remport\u00e9 le GP de Catalogne \u00e0 Barcelone. Le pilote Ferrari a devanc\u00e9 George Russell et Lando Norris.<\/p>\n<p>Sous une forte chaleur, le septuple champion du monde, qui s&rsquo;\u00e9tait \u00e9lanc\u00e9 en deuxi\u00e8me position sur la grille, a devanc\u00e9 ses compatriotes George Russell (Mercedes) et Lando Norris (McLaren), alors que l&rsquo;Italien Kimi Antonelli (Mercedes), leader du championnat qui avait remport\u00e9 les cinq derniers Grands Prix, a abandonn\u00e9 \u00e0 cinq tours de la fin.<\/p>\n<p>Hamilton remporte ainsi sa premi\u00e8re \u00ab\u00a0vraie\u00a0\u00bb victoire avec Ferrari.<\/p>\n<p class=\"sources\">ats\/ace<\/p>\n","protected":false},"excerpt":{"rendered":"Le Britannique Lewis Hamilton (Ferrari) a remport\u00e9 le GP de Catalogne \u00e0 Barcelone. Le pilote Ferrari a devanc\u00e9&hellip;\n","protected":false},"author":2,"featured_media":175345,"comment_status":"","ping_status":"","sticky":false,"template":"","format":"standard","meta":{"footnotes":"","_share_on_mastodon":"0"},"categories":[8],"tags":[377,1597,9024,10410,1006,3283,11791,14481,9076,13528,2481,27065,16321,21143,13530,41360,466,186,75,23],"class_list":["post-175344","post","type-post","status-publish","format-standard","has-post-thumbnail","category-sports","tag-automobile","tag-aviateur","tag-catalogne","tag-construction-automobile","tag-course","tag-espagne","tag-f1","tag-ferrari","tag-formule-1","tag-george-russell","tag-grande-bretagne","tag-lando-norris","tag-lewis-hamilton","tag-mclaren","tag-mercedes","tag-resultats-et-classements-barcelona-catalunya","tag-rts-sport","tag-sport","tag-sports","tag-suisse"],"share_on_mastodon":{"url":"https:\/\/pubeurope.com\/@ch_fr\/116749314671433519","error":""},"_links":{"self":[{"href":"https:\/\/www.europesays.com\/ch-fr\/wp-json\/wp\/v2\/posts\/175344","targetHints":{"allow":["GET"]}}],"collection":[{"href":"https:\/\/www.europesays.com\/ch-fr\/wp-json\/wp\/v2\/posts"}],"about":[{"href":"https:\/\/www.europesays.com\/ch-fr\/wp-json\/wp\/v2\/types\/post"}],"author":[{"embeddable":true,"href":"https:\/\/www.europesays.com\/ch-fr\/wp-json\/wp\/v2\/users\/2"}],"replies":[{"embeddable":true,"href":"https:\/\/www.europesays.com\/ch-fr\/wp-json\/wp\/v2\/comments?post=175344"}],"version-history":[{"count":0,"href":"https:\/\/www.europesays.com\/ch-fr\/wp-json\/wp\/v2\/posts\/175344\/revisions"}],"wp:featuredmedia":[{"embeddable":true,"href":"https:\/\/www.europesays.com\/ch-fr\/wp-json\/wp\/v2\/media\/175345"}],"wp:attachment":[{"href":"https:\/\/www.europesays.com\/ch-fr\/wp-json\/wp\/v2\/media?parent=175344"}],"wp:term":[{"taxonomy":"category","embeddable":true,"href":"https:\/\/www.europesays.com\/ch-fr\/wp-json\/wp\/v2\/categories?post=175344"},{"taxonomy":"post_tag","embeddable":true,"href":"https:\/\/www.europesays.com\/ch-fr\/wp-json\/wp\/v2\/tags?post=175344"}],"curies":[{"name":"wp","href":"https:\/\/api.w.org\/{rel}","templated":true}]}}